{"id":11491,"date":"2021-01-25T22:00:40","date_gmt":"2021-01-25T22:00:40","guid":{"rendered":"http:\/\/nostalgic-camera.flywheelsites.com\/child-advocacy-matters\/"},"modified":"2021-03-24T15:50:25","modified_gmt":"2021-03-24T15:50:25","slug":"child-advocacy-matters","status":"publish","type":"post","link":"https:\/\/childrenfirstcanada.org\/fr\/blog\/child-advocacy-matters\/","title":{"rendered":"La d\u00e9fense des enfants est importante"},"content":{"rendered":"<p class=\"\" style=\"white-space:pre-wrap;\">\u00cates-vous un d\u00e9fenseur pour et avec les enfants?<\/p>\n<p class=\"\" style=\"white-space:pre-wrap;\">\u00catre un d\u00e9fenseur actif des enfants est crucial dans le monde d&#039;aujourd&#039;hui, car d&#039;innombrables enfants sont priv\u00e9s de leurs droits chaque jour. Croyez-le ou non, le Canada ne fait pas exception - notre pays se classe au 30e rang sur 38 pays riches pour la protection du bien-\u00eatre des enfants.<\/p>\n<p class=\"\" style=\"white-space:pre-wrap;\">Si vous voulez faire une diff\u00e9rence pour les enfants, vous n&#039;avez pas \u00e0 travailler dans une organisation de d\u00e9fense des enfants ou \u00e0 avoir un dipl\u00f4me en travail social. Continuez \u00e0 lire pour en savoir plus.&nbsp;<\/p>\n<h2 style=\"white-space:pre-wrap;\">Qu&#039;est-ce que la d\u00e9fense des enfants?&nbsp;<\/h2>\n<p class=\"\" style=\"white-space:pre-wrap;\">Le plaidoyer pour les enfants ne consiste pas seulement \u00e0 savoir que les enfants ont besoin de soutien ou \u00e0 soutenir les jeunes membres de votre propre famille. Pour \u00eatre un d\u00e9fenseur des enfants, vous devez travailler aux c\u00f4t\u00e9s des jeunes pour changer les probl\u00e8mes syst\u00e9miques et individuels qui affectent les enfants dans votre r\u00e9gion et \u00e0 travers le pays.&nbsp;<\/p>\n<p class=\"\" style=\"white-space:pre-wrap;\">Plaider en faveur des enfants signifie que vous vous engagez \u00e0 promouvoir les meilleurs int\u00e9r\u00eats des enfants. Nous voulons mettre fin \u00e0 la pauvret\u00e9 infantile, au sans-abrisme, \u00e0 la faim, aux abus, au manque d\u2019\u00e9ducation et \u00e0 toute autre forme d\u2019injustice qui prive les enfants de leurs droits fondamentaux.<\/p>\n<h2 style=\"white-space:pre-wrap;\">Pourquoi devons-nous d\u00e9fendre les enfants?<\/h2>\n<p class=\"\" style=\"white-space:pre-wrap;\">Les enfants et les jeunes m\u00e9ritent les m\u00eames droits et les m\u00eames consid\u00e9rations que les adultes. Ce sont des citoyens avec des droits et ils servent \u00e0 avoir leur mot \u00e0 dire dans les d\u00e9cisions qui affectent leur vie.<\/p>\n<h3 style=\"white-space:pre-wrap;\">Les enfants m\u00e9ritent d&#039;\u00eatre entendus<\/h3>\n<p class=\"\" style=\"white-space:pre-wrap;\">Les enfants sont des citoyens avec des droits. Ils ont des points de vue et des opinions et ils sont les experts de leur propre vie. M\u00eame si<a href=\"https:\/\/childrenfirstcanada.org\/fr\/news\/2020\/11\/19\/almost-half-of-canadian-children-dont-know-they-have-rights\/\"> les jeunes ont des droits<\/a>, ces droits ne leur sont pas toujours enseign\u00e9s \u00e0 un \u00e2ge pr\u00e9coce ou respect\u00e9s par les adultes dans leur vie. Les enfants et les jeunes ne sont actuellement pas autoris\u00e9s \u00e0 <a href=\"https:\/\/childrenfirstcanada.org\/fr\/news\/2020\/10\/1\/senator-mcphedran-re-tables-bill-to-lower-federal-voting-age-to-16\/\">vote aux \u00e9lections f\u00e9d\u00e9rales<\/a>, mais cela ne veut pas dire qu&#039;ils ne devraient pas avoir de voix - ils doivent faire conna\u00eetre leurs d\u00e9sirs et leurs besoins.<\/p>\n<p class=\"\" style=\"white-space:pre-wrap;\">Le fait d&#039;\u00eatre un d\u00e9fenseur des enfants consiste \u00e0 \u00eatre une voix pour et avec les enfants. Qu&#039;il s&#039;agisse d&#039;une voix au chef du gouvernement, d&#039;une voix par le biais d&#039;une p\u00e9tition ou d&#039;une voix \u00e0 l&#039;\u00e9cole de votre enfant, vous pouvez aider \u00e0 influencer les adultes au pouvoir pour r\u00e9pondre aux besoins des enfants.&nbsp;<\/p>\n<h3 style=\"white-space:pre-wrap;\">Les enfants doivent avoir acc\u00e8s \u00e0 leurs droits&nbsp;<\/h3>\n<p class=\"\" style=\"white-space:pre-wrap;\">Un tiers (ou 33%) des Canadiens ont d\u00e9clar\u00e9 avoir subi une forme ou une autre d&#039;abus&nbsp;<a href=\"https:\/\/www150.statcan.gc.ca\/n1\/daily-quotidien\/170216\/dq170216b-eng.htm\">pendant leur enfance<\/a>. M\u00eame si nous aimons imaginer que le Canada est un endroit s\u00fbr o\u00f9 les enfants peuvent s&#039;\u00e9panouir, ce nombre est beaucoup trop \u00e9lev\u00e9 pour que nous puissions penser que notre travail est termin\u00e9.&nbsp;<\/p>\n<p class=\"\" style=\"white-space:pre-wrap;\">De nombreux enfants grandissent dans l&#039;ins\u00e9curit\u00e9 alimentaire et la pauvret\u00e9. Dans notre propre pays, nous avons des enfants qui font partie de familles qui n&#039;ont pas les moyens de se nourrir ou de se loger. En fait, un enfant sur cinq vit dans la pauvret\u00e9.&nbsp;<\/p>\n<p class=\"\" style=\"white-space:pre-wrap;\">Bien que de nombreux enfants au Canada soient confront\u00e9s \u00e0 de dures r\u00e9alit\u00e9s, cela est particuli\u00e8rement difficile pour les enfants noirs, autochtones (Premi\u00e8res Nations, M\u00e9tis et Inuits) et autres enfants racialis\u00e9s. le <a href=\"http:\/\/static1.squarespace.com\/static\/5669d2da9cadb69fb2f8d32e\/5ebaddac6a3b687667ef52ff\/5f51503d5ceab254db134729\/1599164484483\/Raising+Canada+Report_Final_Sept.pdf\">Rapport Raising Canada 2020<\/a> ont r\u00e9v\u00e9l\u00e9 que le racisme syst\u00e9mique a un impact sur les enfants \u00e0 bien des \u00e9gards: ils sont plus susceptibles de vivre des exp\u00e9riences n\u00e9gatives dans leur enfance telles que la pauvret\u00e9 et la maltraitance, sont plus susceptibles d&#039;\u00eatre surrepr\u00e9sent\u00e9s dans les syst\u00e8mes de protection de l&#039;enfance et de justice pour mineurs, et sont plus susceptibles d&#039;\u00eatre suspendus ou expuls\u00e9s \u00e9cole.<\/p>\n<p class=\"\" style=\"white-space:pre-wrap;\">Ces probl\u00e8mes, entre autres, p\u00e8sent gravement sur les enfants au Canada. Malheureusement, le suicide est la principale cause de d\u00e9c\u00e8s chez les enfants \u00e2g\u00e9s de 10 \u00e0 14 ans.<\/p>\n<h3 style=\"white-space:pre-wrap;\">Les enfants sont les leaders d&#039;aujourd&#039;hui et de demain<\/h3>\n<p class=\"\" style=\"white-space:pre-wrap;\">Nous devons nous rappeler que les enfants au Canada sont l&#039;avenir de notre nation. Ils grandiront pour devenir la prochaine g\u00e9n\u00e9ration d&#039;adultes canadiens et ils emporteront avec eux leurs exp\u00e9riences d&#039;enfance.&nbsp;<\/p>\n<p class=\"\" style=\"white-space:pre-wrap;\">La pauvret\u00e9 et les abus sont des r\u00e9alit\u00e9s malheureuses dans notre pays aujourd&#039;hui. Plaider en faveur des enfants aide \u00e0 \u00e9liminer certains de ces obstacles afin que les enfants puissent devenir des adultes heureux et en bonne sant\u00e9 - pr\u00eats \u00e0 entrer sur le march\u00e9 du travail, \u00e0 poursuivre leurs objectifs et potentiellement \u00e0 avoir leur propre famille qu&#039;ils peuvent \u00e9lever de mani\u00e8re plus heureuse et plus saine \u00e9galement.&nbsp;<\/p>\n<p class=\"\" style=\"white-space:pre-wrap;\">Si vous voulez que le Canada prosp\u00e8re, cela commence par le bien-\u00eatre des enfants et des jeunes.&nbsp;<\/p>\n<h2 style=\"white-space:pre-wrap;\">Qui est responsable du plaidoyer pour les enfants?&nbsp;<\/h2>\n<p class=\"\" style=\"white-space:pre-wrap;\">Donc, si la d\u00e9fense des enfants est si importante, qui s&#039;en occupe?<\/p>\n<p class=\"\" style=\"white-space:pre-wrap;\">La v\u00e9rit\u00e9 est que nous sommes tous responsables de la d\u00e9fense des enfants. En consultation avec les enfants, les adultes jouent un r\u00f4le crucial dans ce processus. Les enseignants, les p\u00e9diatres, les membres de la famille et les autres soignants sont tous des partenaires cl\u00e9s en mati\u00e8re de d\u00e9fense des enfants.<\/p>\n<p class=\"\" style=\"white-space:pre-wrap;\">Si les organisations de d\u00e9fense des enfants jouent \u00e9galement un r\u00f4le important, le travail ne s&#039;arr\u00eate pas l\u00e0. Si vous voulez faire une diff\u00e9rence pour les enfants de votre communaut\u00e9 et du pays dans son ensemble, cela commence par vous.&nbsp;<\/p>\n<h2 style=\"white-space:pre-wrap;\">\u00cates-vous pr\u00eat \u00e0 d\u00e9fendre les enfants au Canada?<\/h2>\n<p class=\"\" style=\"white-space:pre-wrap;\">Nous voulons que le Canada soit un endroit s\u00fbr pour que les enfants grandissent et s&#039;\u00e9panouissent sans les menaces de pauvret\u00e9, d&#039;ins\u00e9curit\u00e9 alimentaire et d&#039;abus. Nous ne pouvons atteindre cet objectif que si tout le monde est dispos\u00e9 \u00e0 travailler ensemble pour prot\u00e9ger les droits des enfants et d\u00e9fendre leur bien-\u00eatre.&nbsp;<\/p>\n<p class=\"\" style=\"white-space:pre-wrap;\">C&#039;est notre travail en tant qu&#039;adultes d&#039;ouvrir la voie vers un avenir meilleur pour les jeunes du Canada. \u00cates-vous pr\u00eat \u00e0 participer \u00e0 la d\u00e9fense des enfants?&nbsp;<\/p>\n<p class=\"\" style=\"white-space:pre-wrap;\">Nous vous invitons \u00e0 rejoindre la conversation et \u00e0 passer \u00e0 l&#039;action.&nbsp;<a href=\"https:\/\/childrenfirstcanada.org\/fr\/take-action\/\">Faites votre part<\/a>&nbsp;\u00eatre une voix pour les enfants et l&#039;avenir du Canada.&nbsp;<\/p>","protected":false},"excerpt":{"rendered":"<p class=\"\">Vous voulez parler des probl\u00e8mes qui comptent le plus pour les enfants? Vous n&#039;avez pas besoin de travailler dans un centre de d\u00e9fense des enfants ou d&#039;obtenir un dipl\u00f4me en travail social pour faire une diff\u00e9rence. Consultez notre dernier blog pour en savoir plus sur le plaidoyer des enfants et comment vous pouvez vous impliquer.<\/p>","protected":false},"author":1,"featured_media":13351,"comment_status":"open","ping_status":"open","sticky":false,"template":"","format":"standard","meta":{"_acf_changed":false,"footnotes":""},"categories":[10,72],"tags":[81,79,85,80,83,84],"class_list":["post-11491","post","type-post","status-publish","format-standard","has-post-thumbnail","hentry","category-blog","category-featured","tag-child","tag-child-advocacy","tag-child-rights","tag-children","tag-raising-canada","tag-rights"],"acf":[],"yoast_head":"<!-- This site is optimized with the Yoast SEO plugin v27.4 - https:\/\/yoast.com\/product\/yoast-seo-wordpress\/ -->\n<title>Child Advocacy Matters - Children First Canada<\/title>\n<meta name=\"robots\" content=\"index, follow, max-snippet:-1, max-image-preview:large, max-video-preview:-1\" \/>\n<link rel=\"canonical\" href=\"https:\/\/childrenfirstcanada.org\/fr\/blog\/child-advocacy-matters\/\" \/>\n<meta property=\"og:locale\" content=\"fr_CA\" \/>\n<meta property=\"og:type\" content=\"article\" \/>\n<meta property=\"og:title\" content=\"Child Advocacy Matters - Children First Canada\" \/>\n<meta property=\"og:description\" content=\"Want to speak up on the issues that matter most to kids? You don&#039;t have to work at a child advocacy centre or get a degree in social work to make a difference. Check out our latest blog to learn more about child advocacy and how you can get involved.\" \/>\n<meta property=\"og:url\" content=\"https:\/\/childrenfirstcanada.org\/fr\/blog\/child-advocacy-matters\/\" \/>\n<meta property=\"og:site_name\" content=\"Children First Canada\" \/>\n<meta property=\"article:published_time\" content=\"2021-01-25T22:00:40+00:00\" \/>\n<meta property=\"article:modified_time\" content=\"2021-03-24T15:50:25+00:00\" \/>\n<meta property=\"og:image\" content=\"https:\/\/childrenfirstcanada.org\/wp-content\/uploads\/2021\/03\/Childadvocacy-copy.png\" \/>\n\t<meta property=\"og:image:width\" content=\"860\" \/>\n\t<meta property=\"og:image:height\" content=\"500\" \/>\n\t<meta property=\"og:image:type\" content=\"image\/png\" \/>\n<meta name=\"author\" content=\"wsteam\" \/>\n<meta name=\"twitter:card\" content=\"summary_large_image\" \/>\n<meta name=\"twitter:label1\" content=\"\u00c9crit par\" \/>\n\t<meta name=\"twitter:data1\" content=\"wsteam\" \/>\n\t<meta name=\"twitter:label2\" content=\"Estimation du temps de lecture\" \/>\n\t<meta name=\"twitter:data2\" content=\"4 minutes\" \/>\n<script type=\"application\/ld+json\" class=\"yoast-schema-graph\">{\"@context\":\"https:\\\/\\\/schema.org\",\"@graph\":[{\"@type\":\"Article\",\"@id\":\"https:\\\/\\\/childrenfirstcanada.org\\\/blog\\\/child-advocacy-matters\\\/#article\",\"isPartOf\":{\"@id\":\"https:\\\/\\\/childrenfirstcanada.org\\\/blog\\\/child-advocacy-matters\\\/\"},\"author\":{\"name\":\"wsteam\",\"@id\":\"https:\\\/\\\/childrenfirstcanada.org\\\/#\\\/schema\\\/person\\\/5ee51888c0ce671580455de0e48570be\"},\"headline\":\"Child Advocacy Matters\",\"datePublished\":\"2021-01-25T22:00:40+00:00\",\"dateModified\":\"2021-03-24T15:50:25+00:00\",\"mainEntityOfPage\":{\"@id\":\"https:\\\/\\\/childrenfirstcanada.org\\\/blog\\\/child-advocacy-matters\\\/\"},\"wordCount\":879,\"commentCount\":0,\"publisher\":{\"@id\":\"https:\\\/\\\/childrenfirstcanada.org\\\/#organization\"},\"image\":{\"@id\":\"https:\\\/\\\/childrenfirstcanada.org\\\/blog\\\/child-advocacy-matters\\\/#primaryimage\"},\"thumbnailUrl\":\"https:\\\/\\\/childrenfirstcanada.org\\\/wp-content\\\/uploads\\\/2021\\\/03\\\/Childadvocacy-copy.png\",\"keywords\":[\"child\",\"child advocacy\",\"child rights\",\"children\",\"Raising Canada\",\"rights\"],\"articleSection\":[\"Blog\",\"Featured\"],\"inLanguage\":\"fr-CA\",\"potentialAction\":[{\"@type\":\"CommentAction\",\"name\":\"Comment\",\"target\":[\"https:\\\/\\\/childrenfirstcanada.org\\\/blog\\\/child-advocacy-matters\\\/#respond\"]}]},{\"@type\":\"WebPage\",\"@id\":\"https:\\\/\\\/childrenfirstcanada.org\\\/blog\\\/child-advocacy-matters\\\/\",\"url\":\"https:\\\/\\\/childrenfirstcanada.org\\\/blog\\\/child-advocacy-matters\\\/\",\"name\":\"Child Advocacy Matters - Children First Canada\",\"isPartOf\":{\"@id\":\"https:\\\/\\\/childrenfirstcanada.org\\\/#website\"},\"primaryImageOfPage\":{\"@id\":\"https:\\\/\\\/childrenfirstcanada.org\\\/blog\\\/child-advocacy-matters\\\/#primaryimage\"},\"image\":{\"@id\":\"https:\\\/\\\/childrenfirstcanada.org\\\/blog\\\/child-advocacy-matters\\\/#primaryimage\"},\"thumbnailUrl\":\"https:\\\/\\\/childrenfirstcanada.org\\\/wp-content\\\/uploads\\\/2021\\\/03\\\/Childadvocacy-copy.png\",\"datePublished\":\"2021-01-25T22:00:40+00:00\",\"dateModified\":\"2021-03-24T15:50:25+00:00\",\"breadcrumb\":{\"@id\":\"https:\\\/\\\/childrenfirstcanada.org\\\/blog\\\/child-advocacy-matters\\\/#breadcrumb\"},\"inLanguage\":\"fr-CA\",\"potentialAction\":[{\"@type\":\"ReadAction\",\"target\":[\"https:\\\/\\\/childrenfirstcanada.org\\\/blog\\\/child-advocacy-matters\\\/\"]}]},{\"@type\":\"ImageObject\",\"inLanguage\":\"fr-CA\",\"@id\":\"https:\\\/\\\/childrenfirstcanada.org\\\/blog\\\/child-advocacy-matters\\\/#primaryimage\",\"url\":\"https:\\\/\\\/childrenfirstcanada.org\\\/wp-content\\\/uploads\\\/2021\\\/03\\\/Childadvocacy-copy.png\",\"contentUrl\":\"https:\\\/\\\/childrenfirstcanada.org\\\/wp-content\\\/uploads\\\/2021\\\/03\\\/Childadvocacy-copy.png\",\"width\":860,\"height\":500},{\"@type\":\"BreadcrumbList\",\"@id\":\"https:\\\/\\\/childrenfirstcanada.org\\\/blog\\\/child-advocacy-matters\\\/#breadcrumb\",\"itemListElement\":[{\"@type\":\"ListItem\",\"position\":1,\"name\":\"Home\",\"item\":\"https:\\\/\\\/childrenfirstcanada.org\\\/\"},{\"@type\":\"ListItem\",\"position\":2,\"name\":\"Child Advocacy Matters\"}]},{\"@type\":\"WebSite\",\"@id\":\"https:\\\/\\\/childrenfirstcanada.org\\\/#website\",\"url\":\"https:\\\/\\\/childrenfirstcanada.org\\\/\",\"name\":\"Children First Canada\",\"description\":\"CFC\",\"publisher\":{\"@id\":\"https:\\\/\\\/childrenfirstcanada.org\\\/#organization\"},\"potentialAction\":[{\"@type\":\"SearchAction\",\"target\":{\"@type\":\"EntryPoint\",\"urlTemplate\":\"https:\\\/\\\/childrenfirstcanada.org\\\/?s={search_term_string}\"},\"query-input\":{\"@type\":\"PropertyValueSpecification\",\"valueRequired\":true,\"valueName\":\"search_term_string\"}}],\"inLanguage\":\"fr-CA\"},{\"@type\":\"Organization\",\"@id\":\"https:\\\/\\\/childrenfirstcanada.org\\\/#organization\",\"name\":\"Children First Canada\",\"url\":\"https:\\\/\\\/childrenfirstcanada.org\\\/\",\"logo\":{\"@type\":\"ImageObject\",\"inLanguage\":\"fr-CA\",\"@id\":\"https:\\\/\\\/childrenfirstcanada.org\\\/#\\\/schema\\\/logo\\\/image\\\/\",\"url\":\"https:\\\/\\\/childrenfirstcanada.org\\\/wp-content\\\/uploads\\\/2021\\\/01\\\/CFC_Logo_white.png\",\"contentUrl\":\"https:\\\/\\\/childrenfirstcanada.org\\\/wp-content\\\/uploads\\\/2021\\\/01\\\/CFC_Logo_white.png\",\"width\":1435,\"height\":514,\"caption\":\"Children First Canada\"},\"image\":{\"@id\":\"https:\\\/\\\/childrenfirstcanada.org\\\/#\\\/schema\\\/logo\\\/image\\\/\"}},{\"@type\":\"Person\",\"@id\":\"https:\\\/\\\/childrenfirstcanada.org\\\/#\\\/schema\\\/person\\\/5ee51888c0ce671580455de0e48570be\",\"name\":\"wsteam\",\"image\":{\"@type\":\"ImageObject\",\"inLanguage\":\"fr-CA\",\"@id\":\"https:\\\/\\\/secure.gravatar.com\\\/avatar\\\/f480f3cf388144ec6432bfd6fe1f4beec77943abddae03e9c13c14b8aac26159?s=96&d=mm&r=g\",\"url\":\"https:\\\/\\\/secure.gravatar.com\\\/avatar\\\/f480f3cf388144ec6432bfd6fe1f4beec77943abddae03e9c13c14b8aac26159?s=96&d=mm&r=g\",\"contentUrl\":\"https:\\\/\\\/secure.gravatar.com\\\/avatar\\\/f480f3cf388144ec6432bfd6fe1f4beec77943abddae03e9c13c14b8aac26159?s=96&d=mm&r=g\",\"caption\":\"wsteam\"},\"sameAs\":[\"http:\\\/\\\/nostalgic-camera.flywheelsites.com\"],\"url\":\"https:\\\/\\\/childrenfirstcanada.org\\\/fr\\\/author\\\/wsteam\\\/\"}]}<\/script>\n<!-- \/ Yoast SEO plugin. -->","yoast_head_json":{"title":"La d\u00e9fense des enfants compte - Children First Canada","robots":{"index":"index","follow":"follow","max-snippet":"max-snippet:-1","max-image-preview":"max-image-preview:large","max-video-preview":"max-video-preview:-1"},"canonical":"https:\/\/childrenfirstcanada.org\/fr\/blog\/child-advocacy-matters\/","og_locale":"fr_CA","og_type":"article","og_title":"Child Advocacy Matters - Children First Canada","og_description":"Want to speak up on the issues that matter most to kids? You don't have to work at a child advocacy centre or get a degree in social work to make a difference. Check out our latest blog to learn more about child advocacy and how you can get involved.","og_url":"https:\/\/childrenfirstcanada.org\/fr\/blog\/child-advocacy-matters\/","og_site_name":"Children First Canada","article_published_time":"2021-01-25T22:00:40+00:00","article_modified_time":"2021-03-24T15:50:25+00:00","og_image":[{"width":860,"height":500,"url":"https:\/\/childrenfirstcanada.org\/wp-content\/uploads\/2021\/03\/Childadvocacy-copy.png","type":"image\/png"}],"author":"wsteam","twitter_card":"summary_large_image","twitter_misc":{"\u00c9crit par":"wsteam","Estimation du temps de lecture":"4 minutes"},"schema":{"@context":"https:\/\/schema.org","@graph":[{"@type":"Article","@id":"https:\/\/childrenfirstcanada.org\/blog\/child-advocacy-matters\/#article","isPartOf":{"@id":"https:\/\/childrenfirstcanada.org\/blog\/child-advocacy-matters\/"},"author":{"name":"wsteam","@id":"https:\/\/childrenfirstcanada.org\/#\/schema\/person\/5ee51888c0ce671580455de0e48570be"},"headline":"Child Advocacy Matters","datePublished":"2021-01-25T22:00:40+00:00","dateModified":"2021-03-24T15:50:25+00:00","mainEntityOfPage":{"@id":"https:\/\/childrenfirstcanada.org\/blog\/child-advocacy-matters\/"},"wordCount":879,"commentCount":0,"publisher":{"@id":"https:\/\/childrenfirstcanada.org\/#organization"},"image":{"@id":"https:\/\/childrenfirstcanada.org\/blog\/child-advocacy-matters\/#primaryimage"},"thumbnailUrl":"https:\/\/childrenfirstcanada.org\/wp-content\/uploads\/2021\/03\/Childadvocacy-copy.png","keywords":["child","child advocacy","child rights","children","Raising Canada","rights"],"articleSection":["Blog","Featured"],"inLanguage":"fr-CA","potentialAction":[{"@type":"CommentAction","name":"Comment","target":["https:\/\/childrenfirstcanada.org\/blog\/child-advocacy-matters\/#respond"]}]},{"@type":"WebPage","@id":"https:\/\/childrenfirstcanada.org\/blog\/child-advocacy-matters\/","url":"https:\/\/childrenfirstcanada.org\/blog\/child-advocacy-matters\/","name":"La d\u00e9fense des enfants compte - Children First Canada","isPartOf":{"@id":"https:\/\/childrenfirstcanada.org\/#website"},"primaryImageOfPage":{"@id":"https:\/\/childrenfirstcanada.org\/blog\/child-advocacy-matters\/#primaryimage"},"image":{"@id":"https:\/\/childrenfirstcanada.org\/blog\/child-advocacy-matters\/#primaryimage"},"thumbnailUrl":"https:\/\/childrenfirstcanada.org\/wp-content\/uploads\/2021\/03\/Childadvocacy-copy.png","datePublished":"2021-01-25T22:00:40+00:00","dateModified":"2021-03-24T15:50:25+00:00","breadcrumb":{"@id":"https:\/\/childrenfirstcanada.org\/blog\/child-advocacy-matters\/#breadcrumb"},"inLanguage":"fr-CA","potentialAction":[{"@type":"ReadAction","target":["https:\/\/childrenfirstcanada.org\/blog\/child-advocacy-matters\/"]}]},{"@type":"ImageObject","inLanguage":"fr-CA","@id":"https:\/\/childrenfirstcanada.org\/blog\/child-advocacy-matters\/#primaryimage","url":"https:\/\/childrenfirstcanada.org\/wp-content\/uploads\/2021\/03\/Childadvocacy-copy.png","contentUrl":"https:\/\/childrenfirstcanada.org\/wp-content\/uploads\/2021\/03\/Childadvocacy-copy.png","width":860,"height":500},{"@type":"BreadcrumbList","@id":"https:\/\/childrenfirstcanada.org\/blog\/child-advocacy-matters\/#breadcrumb","itemListElement":[{"@type":"ListItem","position":1,"name":"Home","item":"https:\/\/childrenfirstcanada.org\/"},{"@type":"ListItem","position":2,"name":"Child Advocacy Matters"}]},{"@type":"WebSite","@id":"https:\/\/childrenfirstcanada.org\/#website","url":"https:\/\/childrenfirstcanada.org\/","name":"Les Enfants d'abord Canada","description":"CFC","publisher":{"@id":"https:\/\/childrenfirstcanada.org\/#organization"},"potentialAction":[{"@type":"SearchAction","target":{"@type":"EntryPoint","urlTemplate":"https:\/\/childrenfirstcanada.org\/?s={search_term_string}"},"query-input":{"@type":"PropertyValueSpecification","valueRequired":true,"valueName":"search_term_string"}}],"inLanguage":"fr-CA"},{"@type":"Organization","@id":"https:\/\/childrenfirstcanada.org\/#organization","name":"Les Enfants d'abord Canada","url":"https:\/\/childrenfirstcanada.org\/","logo":{"@type":"ImageObject","inLanguage":"fr-CA","@id":"https:\/\/childrenfirstcanada.org\/#\/schema\/logo\/image\/","url":"https:\/\/childrenfirstcanada.org\/wp-content\/uploads\/2021\/01\/CFC_Logo_white.png","contentUrl":"https:\/\/childrenfirstcanada.org\/wp-content\/uploads\/2021\/01\/CFC_Logo_white.png","width":1435,"height":514,"caption":"Children First Canada"},"image":{"@id":"https:\/\/childrenfirstcanada.org\/#\/schema\/logo\/image\/"}},{"@type":"Person","@id":"https:\/\/childrenfirstcanada.org\/#\/schema\/person\/5ee51888c0ce671580455de0e48570be","name":"wsteam","image":{"@type":"ImageObject","inLanguage":"fr-CA","@id":"https:\/\/secure.gravatar.com\/avatar\/f480f3cf388144ec6432bfd6fe1f4beec77943abddae03e9c13c14b8aac26159?s=96&d=mm&r=g","url":"https:\/\/secure.gravatar.com\/avatar\/f480f3cf388144ec6432bfd6fe1f4beec77943abddae03e9c13c14b8aac26159?s=96&d=mm&r=g","contentUrl":"https:\/\/secure.gravatar.com\/avatar\/f480f3cf388144ec6432bfd6fe1f4beec77943abddae03e9c13c14b8aac26159?s=96&d=mm&r=g","caption":"wsteam"},"sameAs":["http:\/\/nostalgic-camera.flywheelsites.com"],"url":"https:\/\/childrenfirstcanada.org\/fr\/author\/wsteam\/"}]}},"_links":{"self":[{"href":"https:\/\/childrenfirstcanada.org\/fr\/wp-json\/wp\/v2\/posts\/11491","targetHints":{"allow":["GET"]}}],"collection":[{"href":"https:\/\/childrenfirstcanada.org\/fr\/wp-json\/wp\/v2\/posts"}],"about":[{"href":"https:\/\/childrenfirstcanada.org\/fr\/wp-json\/wp\/v2\/types\/post"}],"author":[{"embeddable":true,"href":"https:\/\/childrenfirstcanada.org\/fr\/wp-json\/wp\/v2\/users\/1"}],"replies":[{"embeddable":true,"href":"https:\/\/childrenfirstcanada.org\/fr\/wp-json\/wp\/v2\/comments?post=11491"}],"version-history":[{"count":0,"href":"https:\/\/childrenfirstcanada.org\/fr\/wp-json\/wp\/v2\/posts\/11491\/revisions"}],"wp:featuredmedia":[{"embeddable":true,"href":"https:\/\/childrenfirstcanada.org\/fr\/wp-json\/wp\/v2\/media\/13351"}],"wp:attachment":[{"href":"https:\/\/childrenfirstcanada.org\/fr\/wp-json\/wp\/v2\/media?parent=11491"}],"wp:term":[{"taxonomy":"category","embeddable":true,"href":"https:\/\/childrenfirstcanada.org\/fr\/wp-json\/wp\/v2\/categories?post=11491"},{"taxonomy":"post_tag","embeddable":true,"href":"https:\/\/childrenfirstcanada.org\/fr\/wp-json\/wp\/v2\/tags?post=11491"}],"curies":[{"name":"wp","href":"https:\/\/api.w.org\/{rel}","templated":true}]}}