{"id":11550,"date":"2020-06-10T20:01:10","date_gmt":"2020-06-10T20:01:10","guid":{"rendered":"http:\/\/nostalgic-camera.flywheelsites.com\/impacts-of-covid-19-on-canadians-parenting-during-the-pandemic-share-your-perspective\/"},"modified":"2021-03-13T02:02:14","modified_gmt":"2021-03-13T02:02:14","slug":"impacts-of-covid-19-on-canadians-parenting-during-the-pandemic-share-your-perspective","status":"publish","type":"post","link":"https:\/\/childrenfirstcanada.org\/fr\/news-happenings\/impacts-of-covid-19-on-canadians-parenting-during-the-pandemic-share-your-perspective\/","title":{"rendered":"R\u00e9percussions du COVID-19 sur les Canadiens - \u00catre parent pendant la pand\u00e9mie: partagez votre point de vue"},"content":{"rendered":"<p class=\"\" style=\"white-space:pre-wrap;\">(<em>Le costume fran\u00e7ais.)<\/em><\/p>\n<p class=\"\" style=\"white-space:pre-wrap;\">\n<p class=\"\" style=\"white-space:pre-wrap;\">Bonjour,<\/p>\n<p class=\"\" style=\"white-space:pre-wrap;\">Vous trouverez ci-dessous une invitation de Statistique Canada \u00e0 participer \u00e0 une initiative de crowdsourcing pour recueillir des donn\u00e9es sur l&#039;impact de la pand\u00e9mie du COVID-19 sur les familles avec des enfants de moins de 15 ans. Nous vous encourageons \u00e0 partager vos id\u00e9es. Les donn\u00e9es que vous fournissez seront utiles pour faire des projets futurs.<\/p>\n<h3 style=\"white-space:pre-wrap;\">Invitation de Statistique Canada<\/h3>\n<p class=\"\" style=\"white-space:pre-wrap;\">La pand\u00e9mie du COVID-19 a chang\u00e9 la vie et les habitudes de tous les Canadiens, mais les donn\u00e9es sur les effets sur les enfants et leurs familles sont limit\u00e9es. Si vous \u00eates le parent ou le tuteur d&#039;enfants \u00e2g\u00e9s de 0 \u00e0 14 ans, veuillez prendre quelques minutes pour remplir le questionnaire et n&#039;h\u00e9sitez pas \u00e0 transmettre cet e-mail \u00e0 d&#039;autres personnes. Plus de personnes participent, meilleures sont les donn\u00e9es.<\/p>\n<h3 style=\"white-space:pre-wrap;\">Votre participation est importante: votre voix compte  <\/h3>\n<p class=\"\" style=\"white-space:pre-wrap;\">Dites-nous comment la pand\u00e9mie de COVID-19 a affect\u00e9 votre famille et comment vous vous adaptez aux d\u00e9fis de cette nouvelle r\u00e9alit\u00e9. Ce questionnaire se concentre sur les activit\u00e9s des enfants, la garde d&#039;enfants et l&#039;\u00e9cole, la situation professionnelle et vos pr\u00e9occupations pour le bien-\u00eatre g\u00e9n\u00e9ral de votre famille.  <\/p>\n<p class=\"\" style=\"white-space:pre-wrap;\">Les r\u00e9sultats seront utilis\u00e9s par des organisations gouvernementales telles que l&#039;Agence de la sant\u00e9 publique du Canada et Emploi et D\u00e9veloppement social Canada, et d&#039;autres types d&#039;organisations, pour \u00e9valuer la prestation de services de sant\u00e9 et de services sociaux et le soutien \u00e9conomique, et pour s&#039;assurer que les meilleures pratiques sont adopt\u00e9es lors de la r\u00e9ouverture lieux de travail et espaces publics.<\/p>\n<h3 style=\"white-space:pre-wrap;\">Participer est facile et s\u00e9curis\u00e9  <\/h3>\n<p class=\"\" style=\"white-space:pre-wrap;\">S\u00e9lectionnez le lien suivant pour participer: <a href=\"http:\/\/www.statcan.gc.ca\/COVIDparenting-questionnaire\"><span style=\"text-decoration:underline\">www.statcan.gc.ca\/COVIDparenting-questionnaire<\/span><\/a><\/p>\n<p class=\"\" style=\"white-space:pre-wrap;\">Cette enqu\u00eate est men\u00e9e sous l&#039;autorit\u00e9 du <em>Loi sur les statistiques<\/em>, ce qui garantit que les informations que vous fournissez resteront confidentielles et utilis\u00e9es uniquement \u00e0 des fins statistiques et de recherche.  <\/p>\n<h3 style=\"white-space:pre-wrap;\">Continuez \u00e0 v\u00e9rifier<\/h3>\n<p class=\"\" style=\"white-space:pre-wrap;\">Afin de collecter des informations sur des sujets sp\u00e9cifiques li\u00e9s aux impacts de la pand\u00e9mie, le questionnaire sera r\u00e9guli\u00e8rement modifi\u00e9. Visite <a href=\"http:\/\/www.statcan.gc.ca\/COVID-series-e\">www.statcan.gc.ca\/COVID-series-e<\/a> le 23 juin pour voir le sujet suivant et remplir un nouveau questionnaire. Votre avis nous int\u00e9resse!  <\/p>\n<h3 style=\"white-space:pre-wrap;\">Pour les demandes g\u00e9n\u00e9rales et l&#039;assistance technique  <\/h3>\n<p class=\"\" style=\"white-space:pre-wrap;\">Contactez-nous du lundi au vendredi (sauf les jours f\u00e9ri\u00e9s), de 8 h \u00e0 19 h (heure de l&#039;Est):<\/p>\n<ul data-rte-list=\"default\">\n<li>\n<p class=\"\" style=\"white-space:pre-wrap;\">1-877-949-9492 (ATS: 1-800-363-7629)<\/p>\n<\/li>\n<li>\n<p class=\"\" style=\"white-space:pre-wrap;\"><a href=\"mailto:infostats@canada.ca\">infostats@canada.ca<\/a><\/p>\n<\/li>\n<\/ul>\n<p class=\"\" style=\"white-space:pre-wrap;\">Merci,<\/p>\n<p class=\"\" style=\"white-space:pre-wrap;\"><strong>Jean Labb\u00e9<\/strong><\/p>\n<p class=\"\" style=\"white-space:pre-wrap;\">Directeur, Division de la planification et de la recherche des collections<\/p>\n<p class=\"\" style=\"white-space:pre-wrap;\">Statistique Canada  <\/p>\n<hr \/>\n<h2 style=\"white-space:pre-wrap;\">R\u00e9percussions de la COVID-19 sur les Canadiens - \u00catre parent durant la pand\u00e9mie: partagez votre perspective<\/h2>\n<p class=\"\" data-rte-preserve-empty=\"true\" style=\"white-space:pre-wrap;\">\n<p class=\"\" style=\"white-space:pre-wrap;\">Bonjour,<\/p>\n<p class=\"\" style=\"white-space:pre-wrap;\">Vous trouverez ci-dessous une invitation de Statistique Canada \u00e0 participer \u00e0 une collecte de donn\u00e9es, r\u00e9alis\u00e9e au moyen de l&#039;approche participative (crowdsourcing), sur la fa\u00e7on dont la pand\u00e9mie de COVID-19 touche les familles ayant des enfants de moins de 15 ans. Nous vous encourageons \u00e0 partager vos r\u00e9flexions. Les donn\u00e9es que vous fournissez contribueront \u00e0 la planification \u00e0 long terme.  <\/p>\n<h3 style=\"white-space:pre-wrap;\">Invitation de Statistique Canada&nbsp;   <\/h3>\n<p class=\"\" style=\"white-space:pre-wrap;\">La pand\u00e9mie de COVID-19 a chang\u00e9 la vie et les habitudes de tous les Canadiens. Pourtant, les donn\u00e9es relatives aux effets de la pand\u00e9mie sur les enfants et leurs familles restent limit\u00e9es. Si vous \u00eates le parent ou tuteur d&#039;enfants de 0 \u00e0 14 ans, veuillez prendre quelques minutes pour remplir ce questionnaire. N&#039;h\u00e9sitez pas \u00e0 transmettre ce courriel \u00e0 d&#039;autres - plus les gens participeront, les meilleures seront les donn\u00e9es.<\/p>\n<h3 style=\"white-space:pre-wrap;\">Votre participation est importante: votre voix compte<\/h3>\n<p class=\"\" style=\"white-space:pre-wrap;\">Dites-nous de quelle fa\u00e7on la pand\u00e9mie de COVID-19 touche votre famille, et la fa\u00e7on dont vous vous adaptez aux d\u00e9fis de cette nouvelle r\u00e9alit\u00e9. Ce questionnaire porte sur les activit\u00e9s des enfants, les services de garde et l&#039;\u00e9cole, la situation d&#039;emploi et les pr\u00e9occupations que vous avez quant au bien-\u00eatre g\u00e9n\u00e9ral de votre famille.<\/p>\n<p class=\"\" style=\"white-space:pre-wrap;\">Les renseignements seront utilis\u00e9s par diff\u00e9rents minist\u00e8res et organismes gouvernementaux, comme l&#039;Agence de la sant\u00e9 publique du Canada et Emploi et D\u00e9veloppement social Canada, et d&#039;autres types d&#039;organismes, pour \u00e9valuer les besoins en mati\u00e8re de soins de sant\u00e9, de services sociaux et de soutien \u00e9conomique, ainsi que pour s&#039;assurer de s&#039;assurer les meilleures pratiques en vue de la r\u00e9ouverture des lieux de travail et des espaces publics.  <\/p>\n<h3 style=\"white-space:pre-wrap;\">Participer est facile et s\u00fbr<\/h3>\n<p class=\"\" style=\"white-space:pre-wrap;\">S\u00e9lectionnez le lien suivant pour participer: <a href=\"http:\/\/www.statcan.gc.ca\/COVIDetreparent-questionnaire\">www.statcan.gc.ca\/COVIDetreparent-questionnaire<\/a><\/p>\n<p class=\"\" style=\"white-space:pre-wrap;\">Cette enqu\u00eate est men\u00e9e en vertu de la <em>Loi sur la statistique<\/em>, qui garantit que tous les renseignements que vous fournirez demeureront confidentiels et seront utilis\u00e9s uniquement \u00e0 des fins statistiques et de recherche.&nbsp;  <\/p>\n<h3 style=\"white-space:pre-wrap;\">Revenez r\u00e9guli\u00e8rement<\/h3>\n<p class=\"\" style=\"white-space:pre-wrap;\">Afin de recueillir des renseignements sur des sujets pr\u00e9cis en lien avec les tests de la pand\u00e9mie, le questionnaire changera \u00e0 une fr\u00e9quence r\u00e9guli\u00e8re. Le 23 juin, consultez le <a href=\"http:\/\/www.statcan.gc.ca\/COVID-series-f\">www.statcan.gc.ca\/COVID-series-f<\/a> pour conna\u00eetre le prochain sujet et remplir un nouveau questionnaire. Votre opinion compte!<\/p>\n<h3 style=\"white-space:pre-wrap;\">Pour obtenir plus de renseignements ou de l&#039;aide technique<\/h3>\n<p class=\"\" style=\"white-space:pre-wrap;\">Communiquez avec nous du lundi au vendredi (sauf les jours f\u00e9ri\u00e9s), de 8 h \u00e0 19 h (heure de l&#039;Est):  <\/p>\n<ul data-rte-list=\"default\">\n<li>\n<p class=\"\" style=\"white-space:pre-wrap;\">1-877-949-9492 (ATS: 1-800-363-7629)<\/p>\n<\/li>\n<li>\n<p class=\"\" style=\"white-space:pre-wrap;\"><a href=\"mailto:infostats@canada.ca\">infostats@canada.ca<\/a><\/p>\n<\/li>\n<\/ul>\n<p class=\"\" style=\"white-space:pre-wrap;\">Merci,<\/p>\n<p class=\"\" style=\"white-space:pre-wrap;\"><strong>Jean Labb\u00e9<\/strong><\/p>\n<p class=\"\" style=\"white-space:pre-wrap;\">Directeur, Division de la planification et de la recherche en mati\u00e8re de collecte<\/p>\n<p class=\"\" style=\"white-space:pre-wrap;\">Statistique Canada  <\/p>\n<p class=\"\" style=\"white-space:pre-wrap;\">","protected":false},"excerpt":{"rendered":"<p class=\"\">(<em>Le costume fran\u00e7ais.)<\/em><\/p>\n<p class=\"\">\n<p class=\"\">Bonjour,<\/p>\n<p class=\"\">Vous trouverez ci-dessous une invitation de Statistique Canada \u00e0 participer \u00e0 une initiative de crowdsourcing pour recueillir des donn\u00e9es sur l&#039;impact de la pand\u00e9mie du COVID-19 sur les familles avec des enfants de moins de 15 ans. Nous vous encourageons \u00e0 partager vos id\u00e9es. Les donn\u00e9es que vous fournissez seront utiles pour faire des projets futurs.<\/p>","protected":false},"author":1,"featured_media":0,"comment_status":"open","ping_status":"open","sticky":false,"template":"","format":"standard","meta":{"_acf_changed":false,"footnotes":""},"categories":[71,8],"tags":[],"class_list":["post-11550","post","type-post","status-publish","format-standard","hentry","category-covid-19","category-news-happenings"],"acf":[],"yoast_head":"<!-- This site is optimized with the Yoast SEO plugin v27.4 - https:\/\/yoast.com\/product\/yoast-seo-wordpress\/ -->\n<title>Impacts of COVID-19 on Canadians \u2013 Parenting During the Pandemic: Share your perspective - Children First Canada<\/title>\n<meta name=\"robots\" content=\"index, follow, max-snippet:-1, max-image-preview:large, max-video-preview:-1\" \/>\n<link rel=\"canonical\" href=\"https:\/\/childrenfirstcanada.org\/fr\/news-happenings\/impacts-of-covid-19-on-canadians-parenting-during-the-pandemic-share-your-perspective\/\" \/>\n<meta property=\"og:locale\" content=\"fr_CA\" \/>\n<meta property=\"og:type\" content=\"article\" \/>\n<meta property=\"og:title\" content=\"Impacts of COVID-19 on Canadians \u2013 Parenting During the Pandemic: Share your perspective - Children First Canada\" \/>\n<meta property=\"og:description\" content=\"(Le fran\u00e7ais suit.)Hello,Below is an invitation from Statistics Canada to participate in a crowdsourcing initiative to collect data on how the COVID-19 pandemic is impacting families with children under the age of 15. We encourage you to share your insights. The data you provide will be helpful for making future plans.\" \/>\n<meta property=\"og:url\" content=\"https:\/\/childrenfirstcanada.org\/fr\/news-happenings\/impacts-of-covid-19-on-canadians-parenting-during-the-pandemic-share-your-perspective\/\" \/>\n<meta property=\"og:site_name\" content=\"Children First Canada\" \/>\n<meta property=\"article:published_time\" content=\"2020-06-10T20:01:10+00:00\" \/>\n<meta property=\"article:modified_time\" content=\"2021-03-13T02:02:14+00:00\" \/>\n<meta name=\"author\" content=\"wsteam\" \/>\n<meta name=\"twitter:card\" content=\"summary_large_image\" \/>\n<meta name=\"twitter:label1\" content=\"\u00c9crit par\" \/>\n\t<meta name=\"twitter:data1\" content=\"wsteam\" \/>\n\t<meta name=\"twitter:label2\" content=\"Estimation du temps de lecture\" \/>\n\t<meta name=\"twitter:data2\" content=\"4 minutes\" \/>\n<script type=\"application\/ld+json\" class=\"yoast-schema-graph\">{\"@context\":\"https:\\\/\\\/schema.org\",\"@graph\":[{\"@type\":\"Article\",\"@id\":\"https:\\\/\\\/childrenfirstcanada.org\\\/news-happenings\\\/impacts-of-covid-19-on-canadians-parenting-during-the-pandemic-share-your-perspective\\\/#article\",\"isPartOf\":{\"@id\":\"https:\\\/\\\/childrenfirstcanada.org\\\/news-happenings\\\/impacts-of-covid-19-on-canadians-parenting-during-the-pandemic-share-your-perspective\\\/\"},\"author\":{\"name\":\"wsteam\",\"@id\":\"https:\\\/\\\/childrenfirstcanada.org\\\/#\\\/schema\\\/person\\\/5ee51888c0ce671580455de0e48570be\"},\"headline\":\"Impacts of COVID-19 on Canadians \u2013 Parenting During the Pandemic: Share your perspective\",\"datePublished\":\"2020-06-10T20:01:10+00:00\",\"dateModified\":\"2021-03-13T02:02:14+00:00\",\"mainEntityOfPage\":{\"@id\":\"https:\\\/\\\/childrenfirstcanada.org\\\/news-happenings\\\/impacts-of-covid-19-on-canadians-parenting-during-the-pandemic-share-your-perspective\\\/\"},\"wordCount\":857,\"commentCount\":0,\"publisher\":{\"@id\":\"https:\\\/\\\/childrenfirstcanada.org\\\/#organization\"},\"articleSection\":[\"COVID-19\",\"News &amp; Happenings\"],\"inLanguage\":\"fr-CA\",\"potentialAction\":[{\"@type\":\"CommentAction\",\"name\":\"Comment\",\"target\":[\"https:\\\/\\\/childrenfirstcanada.org\\\/news-happenings\\\/impacts-of-covid-19-on-canadians-parenting-during-the-pandemic-share-your-perspective\\\/#respond\"]}]},{\"@type\":\"WebPage\",\"@id\":\"https:\\\/\\\/childrenfirstcanada.org\\\/news-happenings\\\/impacts-of-covid-19-on-canadians-parenting-during-the-pandemic-share-your-perspective\\\/\",\"url\":\"https:\\\/\\\/childrenfirstcanada.org\\\/news-happenings\\\/impacts-of-covid-19-on-canadians-parenting-during-the-pandemic-share-your-perspective\\\/\",\"name\":\"Impacts of COVID-19 on Canadians \u2013 Parenting During the Pandemic: Share your perspective - Children First Canada\",\"isPartOf\":{\"@id\":\"https:\\\/\\\/childrenfirstcanada.org\\\/#website\"},\"datePublished\":\"2020-06-10T20:01:10+00:00\",\"dateModified\":\"2021-03-13T02:02:14+00:00\",\"breadcrumb\":{\"@id\":\"https:\\\/\\\/childrenfirstcanada.org\\\/news-happenings\\\/impacts-of-covid-19-on-canadians-parenting-during-the-pandemic-share-your-perspective\\\/#breadcrumb\"},\"inLanguage\":\"fr-CA\",\"potentialAction\":[{\"@type\":\"ReadAction\",\"target\":[\"https:\\\/\\\/childrenfirstcanada.org\\\/news-happenings\\\/impacts-of-covid-19-on-canadians-parenting-during-the-pandemic-share-your-perspective\\\/\"]}]},{\"@type\":\"BreadcrumbList\",\"@id\":\"https:\\\/\\\/childrenfirstcanada.org\\\/news-happenings\\\/impacts-of-covid-19-on-canadians-parenting-during-the-pandemic-share-your-perspective\\\/#breadcrumb\",\"itemListElement\":[{\"@type\":\"ListItem\",\"position\":1,\"name\":\"Home\",\"item\":\"https:\\\/\\\/childrenfirstcanada.org\\\/\"},{\"@type\":\"ListItem\",\"position\":2,\"name\":\"Impacts of COVID-19 on Canadians \u2013 Parenting During the Pandemic: Share your perspective\"}]},{\"@type\":\"WebSite\",\"@id\":\"https:\\\/\\\/childrenfirstcanada.org\\\/#website\",\"url\":\"https:\\\/\\\/childrenfirstcanada.org\\\/\",\"name\":\"Children First Canada\",\"description\":\"CFC\",\"publisher\":{\"@id\":\"https:\\\/\\\/childrenfirstcanada.org\\\/#organization\"},\"potentialAction\":[{\"@type\":\"SearchAction\",\"target\":{\"@type\":\"EntryPoint\",\"urlTemplate\":\"https:\\\/\\\/childrenfirstcanada.org\\\/?s={search_term_string}\"},\"query-input\":{\"@type\":\"PropertyValueSpecification\",\"valueRequired\":true,\"valueName\":\"search_term_string\"}}],\"inLanguage\":\"fr-CA\"},{\"@type\":\"Organization\",\"@id\":\"https:\\\/\\\/childrenfirstcanada.org\\\/#organization\",\"name\":\"Children First Canada\",\"url\":\"https:\\\/\\\/childrenfirstcanada.org\\\/\",\"logo\":{\"@type\":\"ImageObject\",\"inLanguage\":\"fr-CA\",\"@id\":\"https:\\\/\\\/childrenfirstcanada.org\\\/#\\\/schema\\\/logo\\\/image\\\/\",\"url\":\"https:\\\/\\\/childrenfirstcanada.org\\\/wp-content\\\/uploads\\\/2021\\\/01\\\/CFC_Logo_white.png\",\"contentUrl\":\"https:\\\/\\\/childrenfirstcanada.org\\\/wp-content\\\/uploads\\\/2021\\\/01\\\/CFC_Logo_white.png\",\"width\":1435,\"height\":514,\"caption\":\"Children First Canada\"},\"image\":{\"@id\":\"https:\\\/\\\/childrenfirstcanada.org\\\/#\\\/schema\\\/logo\\\/image\\\/\"}},{\"@type\":\"Person\",\"@id\":\"https:\\\/\\\/childrenfirstcanada.org\\\/#\\\/schema\\\/person\\\/5ee51888c0ce671580455de0e48570be\",\"name\":\"wsteam\",\"image\":{\"@type\":\"ImageObject\",\"inLanguage\":\"fr-CA\",\"@id\":\"https:\\\/\\\/secure.gravatar.com\\\/avatar\\\/f480f3cf388144ec6432bfd6fe1f4beec77943abddae03e9c13c14b8aac26159?s=96&d=mm&r=g\",\"url\":\"https:\\\/\\\/secure.gravatar.com\\\/avatar\\\/f480f3cf388144ec6432bfd6fe1f4beec77943abddae03e9c13c14b8aac26159?s=96&d=mm&r=g\",\"contentUrl\":\"https:\\\/\\\/secure.gravatar.com\\\/avatar\\\/f480f3cf388144ec6432bfd6fe1f4beec77943abddae03e9c13c14b8aac26159?s=96&d=mm&r=g\",\"caption\":\"wsteam\"},\"sameAs\":[\"http:\\\/\\\/nostalgic-camera.flywheelsites.com\"],\"url\":\"https:\\\/\\\/childrenfirstcanada.org\\\/fr\\\/author\\\/wsteam\\\/\"}]}<\/script>\n<!-- \/ Yoast SEO plugin. -->","yoast_head_json":{"title":"R\u00e9percussions du COVID-19 sur les Canadiens - \u00catre parent pendant la pand\u00e9mie: Partagez votre point de vue - Children First Canada","robots":{"index":"index","follow":"follow","max-snippet":"max-snippet:-1","max-image-preview":"max-image-preview:large","max-video-preview":"max-video-preview:-1"},"canonical":"https:\/\/childrenfirstcanada.org\/fr\/news-happenings\/impacts-of-covid-19-on-canadians-parenting-during-the-pandemic-share-your-perspective\/","og_locale":"fr_CA","og_type":"article","og_title":"Impacts of COVID-19 on Canadians \u2013 Parenting During the Pandemic: Share your perspective - Children First Canada","og_description":"(Le fran\u00e7ais suit.)Hello,Below is an invitation from Statistics Canada to participate in a crowdsourcing initiative to collect data on how the COVID-19 pandemic is impacting families with children under the age of 15. We encourage you to share your insights. The data you provide will be helpful for making future plans.","og_url":"https:\/\/childrenfirstcanada.org\/fr\/news-happenings\/impacts-of-covid-19-on-canadians-parenting-during-the-pandemic-share-your-perspective\/","og_site_name":"Children First Canada","article_published_time":"2020-06-10T20:01:10+00:00","article_modified_time":"2021-03-13T02:02:14+00:00","author":"wsteam","twitter_card":"summary_large_image","twitter_misc":{"\u00c9crit par":"wsteam","Estimation du temps de lecture":"4 minutes"},"schema":{"@context":"https:\/\/schema.org","@graph":[{"@type":"Article","@id":"https:\/\/childrenfirstcanada.org\/news-happenings\/impacts-of-covid-19-on-canadians-parenting-during-the-pandemic-share-your-perspective\/#article","isPartOf":{"@id":"https:\/\/childrenfirstcanada.org\/news-happenings\/impacts-of-covid-19-on-canadians-parenting-during-the-pandemic-share-your-perspective\/"},"author":{"name":"wsteam","@id":"https:\/\/childrenfirstcanada.org\/#\/schema\/person\/5ee51888c0ce671580455de0e48570be"},"headline":"Impacts of COVID-19 on Canadians \u2013 Parenting During the Pandemic: Share your perspective","datePublished":"2020-06-10T20:01:10+00:00","dateModified":"2021-03-13T02:02:14+00:00","mainEntityOfPage":{"@id":"https:\/\/childrenfirstcanada.org\/news-happenings\/impacts-of-covid-19-on-canadians-parenting-during-the-pandemic-share-your-perspective\/"},"wordCount":857,"commentCount":0,"publisher":{"@id":"https:\/\/childrenfirstcanada.org\/#organization"},"articleSection":["COVID-19","News &amp; Happenings"],"inLanguage":"fr-CA","potentialAction":[{"@type":"CommentAction","name":"Comment","target":["https:\/\/childrenfirstcanada.org\/news-happenings\/impacts-of-covid-19-on-canadians-parenting-during-the-pandemic-share-your-perspective\/#respond"]}]},{"@type":"WebPage","@id":"https:\/\/childrenfirstcanada.org\/news-happenings\/impacts-of-covid-19-on-canadians-parenting-during-the-pandemic-share-your-perspective\/","url":"https:\/\/childrenfirstcanada.org\/news-happenings\/impacts-of-covid-19-on-canadians-parenting-during-the-pandemic-share-your-perspective\/","name":"R\u00e9percussions du COVID-19 sur les Canadiens - \u00catre parent pendant la pand\u00e9mie: Partagez votre point de vue - Children First Canada","isPartOf":{"@id":"https:\/\/childrenfirstcanada.org\/#website"},"datePublished":"2020-06-10T20:01:10+00:00","dateModified":"2021-03-13T02:02:14+00:00","breadcrumb":{"@id":"https:\/\/childrenfirstcanada.org\/news-happenings\/impacts-of-covid-19-on-canadians-parenting-during-the-pandemic-share-your-perspective\/#breadcrumb"},"inLanguage":"fr-CA","potentialAction":[{"@type":"ReadAction","target":["https:\/\/childrenfirstcanada.org\/news-happenings\/impacts-of-covid-19-on-canadians-parenting-during-the-pandemic-share-your-perspective\/"]}]},{"@type":"BreadcrumbList","@id":"https:\/\/childrenfirstcanada.org\/news-happenings\/impacts-of-covid-19-on-canadians-parenting-during-the-pandemic-share-your-perspective\/#breadcrumb","itemListElement":[{"@type":"ListItem","position":1,"name":"Home","item":"https:\/\/childrenfirstcanada.org\/"},{"@type":"ListItem","position":2,"name":"Impacts of COVID-19 on Canadians \u2013 Parenting During the Pandemic: Share your perspective"}]},{"@type":"WebSite","@id":"https:\/\/childrenfirstcanada.org\/#website","url":"https:\/\/childrenfirstcanada.org\/","name":"Les Enfants d'abord Canada","description":"CFC","publisher":{"@id":"https:\/\/childrenfirstcanada.org\/#organization"},"potentialAction":[{"@type":"SearchAction","target":{"@type":"EntryPoint","urlTemplate":"https:\/\/childrenfirstcanada.org\/?s={search_term_string}"},"query-input":{"@type":"PropertyValueSpecification","valueRequired":true,"valueName":"search_term_string"}}],"inLanguage":"fr-CA"},{"@type":"Organization","@id":"https:\/\/childrenfirstcanada.org\/#organization","name":"Les Enfants d'abord Canada","url":"https:\/\/childrenfirstcanada.org\/","logo":{"@type":"ImageObject","inLanguage":"fr-CA","@id":"https:\/\/childrenfirstcanada.org\/#\/schema\/logo\/image\/","url":"https:\/\/childrenfirstcanada.org\/wp-content\/uploads\/2021\/01\/CFC_Logo_white.png","contentUrl":"https:\/\/childrenfirstcanada.org\/wp-content\/uploads\/2021\/01\/CFC_Logo_white.png","width":1435,"height":514,"caption":"Children First Canada"},"image":{"@id":"https:\/\/childrenfirstcanada.org\/#\/schema\/logo\/image\/"}},{"@type":"Person","@id":"https:\/\/childrenfirstcanada.org\/#\/schema\/person\/5ee51888c0ce671580455de0e48570be","name":"wsteam","image":{"@type":"ImageObject","inLanguage":"fr-CA","@id":"https:\/\/secure.gravatar.com\/avatar\/f480f3cf388144ec6432bfd6fe1f4beec77943abddae03e9c13c14b8aac26159?s=96&d=mm&r=g","url":"https:\/\/secure.gravatar.com\/avatar\/f480f3cf388144ec6432bfd6fe1f4beec77943abddae03e9c13c14b8aac26159?s=96&d=mm&r=g","contentUrl":"https:\/\/secure.gravatar.com\/avatar\/f480f3cf388144ec6432bfd6fe1f4beec77943abddae03e9c13c14b8aac26159?s=96&d=mm&r=g","caption":"wsteam"},"sameAs":["http:\/\/nostalgic-camera.flywheelsites.com"],"url":"https:\/\/childrenfirstcanada.org\/fr\/author\/wsteam\/"}]}},"_links":{"self":[{"href":"https:\/\/childrenfirstcanada.org\/fr\/wp-json\/wp\/v2\/posts\/11550","targetHints":{"allow":["GET"]}}],"collection":[{"href":"https:\/\/childrenfirstcanada.org\/fr\/wp-json\/wp\/v2\/posts"}],"about":[{"href":"https:\/\/childrenfirstcanada.org\/fr\/wp-json\/wp\/v2\/types\/post"}],"author":[{"embeddable":true,"href":"https:\/\/childrenfirstcanada.org\/fr\/wp-json\/wp\/v2\/users\/1"}],"replies":[{"embeddable":true,"href":"https:\/\/childrenfirstcanada.org\/fr\/wp-json\/wp\/v2\/comments?post=11550"}],"version-history":[{"count":0,"href":"https:\/\/childrenfirstcanada.org\/fr\/wp-json\/wp\/v2\/posts\/11550\/revisions"}],"wp:attachment":[{"href":"https:\/\/childrenfirstcanada.org\/fr\/wp-json\/wp\/v2\/media?parent=11550"}],"wp:term":[{"taxonomy":"category","embeddable":true,"href":"https:\/\/childrenfirstcanada.org\/fr\/wp-json\/wp\/v2\/categories?post=11550"},{"taxonomy":"post_tag","embeddable":true,"href":"https:\/\/childrenfirstcanada.org\/fr\/wp-json\/wp\/v2\/tags?post=11550"}],"curies":[{"name":"wp","href":"https:\/\/api.w.org\/{rel}","templated":true}]}}