{"id":11575,"date":"2019-09-03T10:00:00","date_gmt":"2019-09-03T10:00:00","guid":{"rendered":"http:\/\/nostalgic-camera.flywheelsites.com\/child-advocates-urge-government-leaders-to-ensure-the-health-and-safety-of-canadas-children\/"},"modified":"2021-03-15T03:59:31","modified_gmt":"2021-03-15T03:59:31","slug":"child-advocates-urge-government-leaders-to-ensure-the-health-and-safety-of-canadas-children","status":"publish","type":"post","link":"https:\/\/childrenfirstcanada.org\/fr\/press-releases\/child-advocates-urge-government-leaders-to-ensure-the-health-and-safety-of-canadas-children\/","title":{"rendered":"Les d\u00e9fenseurs des enfants exhortent les dirigeants gouvernementaux \u00e0 assurer la sant\u00e9 et la s\u00e9curit\u00e9 des enfants du Canada"},"content":{"rendered":"<h3 style=\"white-space:pre-wrap;\"><strong><em>Children First Canada r\u00e9v\u00e8le les 10 principales menaces auxquelles font face les enfants \u00e0 travers le pays&nbsp;<\/em><\/strong><\/h3>\n<p class=\"\" style=\"white-space:pre-wrap;\"><strong>&nbsp;TORONTO, le 3 septembre 2019<\/strong> - Un appel national \u00e0 l&#039;action lanc\u00e9 aujourd&#039;hui demande aux dirigeants politiques f\u00e9d\u00e9raux de s&#039;attaquer aux 10 principaux probl\u00e8mes qui menacent les enfants du Canada, notamment la pauvret\u00e9, les mauvais traitements, l&#039;ob\u00e9sit\u00e9, le suicide, l&#039;intimidation et les blessures \u00e9vitables. Selon la recherche, sur les 8 millions d&#039;enfants au Canada, au moins un tiers ne jouit pas d&#039;une enfance saine et s\u00e9curitaire.&nbsp;<\/p>\n<p class=\"\" style=\"white-space:pre-wrap;\">\u00abRaising Canada: Election 2019\u00bb, a \u00e9t\u00e9 publi\u00e9 par l&#039;organisation nationale \u00e0 but non lucratif Children First Canada avec une recherche de l&#039;Institut O&#039;Brien pour la sant\u00e9 publique et approuv\u00e9 par le Conseil des champions - les principaux organismes de bienfaisance pour enfants, h\u00f4pitaux pour enfants, instituts de recherche et les grandes entreprises qui investissent dans les probl\u00e8mes des enfants. Il identifie les 10 principales menaces qui p\u00e8sent sur la sant\u00e9 et la s\u00e9curit\u00e9 des enfants et appelle les dirigeants des partis politiques f\u00e9d\u00e9raux et tous les candidats \u00e0 un poste \u00e0 agir d&#039;urgence. Le document demande \u00e9galement aux Canadiens d&#039;utiliser leur vote pour exhorter les dirigeants f\u00e9d\u00e9raux \u00e0 prendre des mesures pour am\u00e9liorer la vie des enfants et \u00e0 investir aujourd&#039;hui dans l&#039;int\u00e9r\u00eat de tous les Canadiens.&nbsp;<\/p>\n<blockquote>\n<p style=\"margin-left:40px;white-space:pre-wrap;\" class=\"\">\u00abLa majorit\u00e9 des Canadiens classent ce pays parmi les 5 ou 10 meilleurs pays pour \u00e9lever un enfant, mais la r\u00e9alit\u00e9 est que le Canada se classe au 25e rang sur 41 pays de l&#039;OCDE pour le bien-\u00eatre des enfants\u00bb, d\u00e9clare Sara Austin, fondatrice et directrice principale de Children First Canada. . \u00abEn tant que soci\u00e9t\u00e9, nous avons largement ignor\u00e9 les dures r\u00e9alit\u00e9s qui affectent nos plus vuln\u00e9rables, et cela doit changer. Alors que les Canadiens se pr\u00e9parent \u00e0 se rendre aux urnes, le moment est venu d&#039;exiger que ces d\u00e9fis puissent \u00eatre relev\u00e9s.&nbsp;<\/p>\n<\/blockquote>\n<h3 style=\"white-space:pre-wrap;\">&nbsp;<br \/>\n<strong>Les 10 principales menaces qui p\u00e8sent sur l&#039;enfance, selon Raising Canada: Election 2019:&nbsp;<\/strong><\/h3>\n<ol data-rte-list=\"default\">\n<li>\n<p class=\"\" style=\"white-space:pre-wrap;\"><strong>ACCIDENTS ET BLESSURES \u00c9VITABLES <\/strong>sont la principale cause de d\u00e9c\u00e8s chez les enfants&nbsp;<\/p>\n<\/li>\n<li>\n<p class=\"\" style=\"white-space:pre-wrap;\"><strong>SUICIDE <\/strong>est la deuxi\u00e8me cause de d\u00e9c\u00e8s chez les enfants canadiens. Le Canada \u00e9tait l&#039;un des cinq pays affichant les taux de suicide chez les adolescents les plus \u00e9lev\u00e9s, \u00e0 un taux de plus de 10 pour 100 000 adolescents.&nbsp;<\/p>\n<\/li>\n<li>\n<p class=\"\" style=\"white-space:pre-wrap;\"><strong>ABUS SUR MINEUR<\/strong>: Un tiers des Canadiens subissent une forme de maltraitance d&#039;enfants avant l&#039;\u00e2ge de 16 ans. La maltraitance des enfants co\u00fbte aux Canadiens environ $23 milliards par an&nbsp;<\/p>\n<\/li>\n<li>\n<p class=\"\" style=\"white-space:pre-wrap;\"><strong>LA PAUVRET\u00c9<\/strong>: Pr\u00e8s de 10% d&#039;enfants canadiens grandissent dans la pauvret\u00e9 et pr\u00e8s de 50% d&#039;enfants autochtones.&nbsp;<\/p>\n<\/li>\n<li>\n<p class=\"\" style=\"white-space:pre-wrap;\"><strong>MORTALIT\u00c9 INFANTILE<\/strong>: Le Canada se classe 30e parmi 44 pays de l&#039;OCDE pour la mortalit\u00e9 infantile<strong>. <\/strong>Tous les pays europ\u00e9ens de l&#039;OCDE ont un taux de mortalit\u00e9 infantile inf\u00e9rieur \u00e0 celui du Canada.&nbsp;<\/p>\n<\/li>\n<li>\n<p class=\"\" style=\"white-space:pre-wrap;\"><strong>OB\u00c9SIT\u00c9<\/strong>: Un quart des enfants sont ob\u00e8ses et seulement un tiers font suffisamment d&#039;activit\u00e9 physique quotidienne&nbsp;<\/p>\n<\/li>\n<li>\n<p class=\"\" style=\"white-space:pre-wrap;\"><strong>INS\u00c9CURIT\u00c9 ALIMENTAIRE<\/strong>: Plus de 10% de familles avec enfants de moins de 6 ans d\u00e9clarant souffrir d&#039;ins\u00e9curit\u00e9 alimentaire&nbsp;<\/p>\n<\/li>\n<li>\n<p class=\"\" style=\"white-space:pre-wrap;\"><strong>IMMUNISATION<\/strong>: Un quart des enfants ne sont pas compl\u00e8tement vaccin\u00e9s \u00e0 l&#039;\u00e2ge de deux ans.&nbsp;<\/p>\n<\/li>\n<li>\n<p class=\"\" style=\"white-space:pre-wrap;\"><strong>DISCRIMINATION <\/strong>affecte profond\u00e9ment la sant\u00e9 des enfants autochtones et racialis\u00e9s.&nbsp;<\/p>\n<\/li>\n<li>\n<p class=\"\" style=\"white-space:pre-wrap;\"><strong>INTIMIDATION<\/strong>: Plus de 10% des 15-17 ans ont \u00e9t\u00e9 victimes d&#039;intimidation en ligne, et un enfant et jeune sur cinq (15-20 ans) a \u00e9t\u00e9 victime de cyberharc\u00e8lement, de cyberintimidation, ou les deux.&nbsp;<\/p>\n<\/li>\n<\/ol>\n<p class=\"\" style=\"white-space:pre-wrap;\">Raising Canada: Election 2019 fait \u00e9cho aux priorit\u00e9s \u00e9nonc\u00e9es dans la Charte canadienne des enfants \u00e9labor\u00e9e par Enfants d&#039;abord Canada avec la contribution de milliers d&#039;enfants et de jeunes \u00e0 travers le pays. Le document \u00e9tablit une feuille de route pour une action urgente visant \u00e0 respecter, prot\u00e9ger et r\u00e9aliser les droits de chaque enfant au Canada.&nbsp;<\/p>\n<h3 style=\"white-space:pre-wrap;\"><strong>Parmi les autres appels \u00e0 l&#039;action dans le rapport publi\u00e9 aujourd&#039;hui, citons:&nbsp;<\/strong><\/h3>\n<ul data-rte-list=\"default\">\n<li>\n<p class=\"\" style=\"white-space:pre-wrap;\">La nomination d&#039;un f\u00e9d\u00e9ral ind\u00e9pendant <strong>Commission pour les enfants et les jeunes <\/strong>rehausser le profil des enfants au Canada<\/p>\n<\/li>\n<li>\n<p class=\"\" style=\"white-space:pre-wrap;\">UNE <strong>strat\u00e9gie pancanadienne pour les enfants <\/strong>dirig\u00e9 par le gouvernement f\u00e9d\u00e9ral en consultation avec les provinces et les territoires qui s&#039;attaqueraient aux 10 principales menaces \u00e0 la sant\u00e9 et au bien-\u00eatre des enfants et assureraient la pleine mise en \u0153uvre de la Charte canadienne des enfants et de la Convention des Nations Unies relative aux droits de l&#039;enfant.<\/p>\n<\/li>\n<li>\n<p class=\"\" style=\"white-space:pre-wrap;\">UNE <strong>Budget des enfants <\/strong>veiller \u00e0 ce que des ressources ad\u00e9quates soient affect\u00e9es \u00e0 la lutte contre les 10 principales menaces qui p\u00e8sent sur l&#039;enfance<\/p>\n<\/li>\n<\/ul>\n<p style=\"text-align:center;white-space:pre-wrap;\" class=\"\">-30-&nbsp;<\/p>\n<hr>\n<p class=\"\" style=\"white-space:pre-wrap;\"><em>Pour plus d&#039;informations sur le rapport ou pour planifier un entretien avec Sara Austin, veuillez contacter:&nbsp;<\/em><\/p>\n<p class=\"\" style=\"white-space:pre-wrap;\"><strong>Andrea Chrysanthou&nbsp;<\/strong><br \/>\n<em>Directeur, Communications&nbsp;<\/em><br \/>\nAffaires publiques mondiales&nbsp;<br \/>\n<a href=\"mailto:achrysanthou@globalpublic.com&nbsp;\">achrysanthou@globalpublic.com&nbsp;<\/a><br \/>\n416-797-8194&nbsp;<\/p>\n<p class=\"\" data-rte-preserve-empty=\"true\" style=\"white-space:pre-wrap;\">\n<h3 style=\"white-space:pre-wrap;\"><strong>\u00c0 PROPOS DE CHILDREN FIRST CANADA&nbsp;<\/strong><\/h3>\n<p class=\"\" style=\"white-space:pre-wrap;\">Children First Canada est une organisation nationale \u00e0 but non lucratif avec une vision audacieuse et ambitieuse qui, ensemble, nous pouvons faire du Canada le meilleur endroit au monde pour que les enfants grandissent. Nous sommes une voix forte, efficace et ind\u00e9pendante pour tous les enfants du Canada.&nbsp;<\/p>\n<p class=\"\" style=\"white-space:pre-wrap;\">Nous exploitons la force de nombreuses organisations qui se sont engag\u00e9es \u00e0 am\u00e9liorer la vie des enfants du Canada, y compris les organismes de bienfaisance et les h\u00f4pitaux pour enfants, les centres de recherche, le gouvernement, les entreprises, les dirigeants communautaires et les enfants eux-m\u00eames.&nbsp;<\/p>\n<p class=\"\" style=\"white-space:pre-wrap;\">Plus d&#039;informations sont disponibles sur <a href=\"http:\/\/www.childrenfirstcanada.com&nbsp;\">www.childrenfirstcanada.com&nbsp;<\/a><\/p>\n<p class=\"\" style=\"white-space:pre-wrap;\"><strong>\u00c0 PROPOS DE L&#039;INSTITUT O&#039;BRIEN POUR LA SANT\u00c9 PUBLIQUE&nbsp;<\/strong><\/p>\n<p class=\"\" style=\"white-space:pre-wrap;\">L&#039;Institut O&#039;Brien pour la sant\u00e9 publique rassemble un groupe interdisciplinaire de chercheurs sur la population et les services de sant\u00e9, de praticiens de la sant\u00e9, de stagiaires et de d\u00e9cideurs, travaillant ensemble vers un objectif commun: une meilleure sant\u00e9 et des soins de sant\u00e9.&nbsp;<\/p>\n<p class=\"\" style=\"white-space:pre-wrap;\">Nous \u00e9tudions les syst\u00e8mes de sant\u00e9 \u00e0 la recherche de moyens de les am\u00e9liorer. Nous \u00e9tudions \u00e9galement de nouvelles fa\u00e7ons de pr\u00e9venir les maladies et de promouvoir la sant\u00e9 de la population g\u00e9n\u00e9rale. Et nous engageons nos communaut\u00e9s \u00e0 comprendre ce qui compte le plus pour elles. Notre mandat est de produire de nouvelles connaissances gr\u00e2ce \u00e0 l&#039;excellence acad\u00e9mique, afin d&#039;\u00e9clairer les politiques publiques de sant\u00e9 et de cr\u00e9er un impact direct sur nos communaut\u00e9s.&nbsp;<\/p>","protected":false},"excerpt":{"rendered":"<p>Children First Canada reveals top 10 threats facing kids across the country&nbsp; &nbsp;TORONTO, September 3, 2019 \u2013 A national call to action released today asks federal political leaders to address the top 10 issues threatening Canada\u2019s children including poverty, abuse, obesity, suicide, bullying, and preventable injuries. According to the research, of the 8 million children [&hellip;]<\/p>\n","protected":false},"author":1,"featured_media":0,"comment_status":"open","ping_status":"open","sticky":false,"template":"","format":"standard","meta":{"_acf_changed":false,"footnotes":""},"categories":[9,121],"tags":[],"class_list":["post-11575","post","type-post","status-publish","format-standard","hentry","category-press-releases","category-raising-canada"],"acf":[],"yoast_head":"<!-- This site is optimized with the Yoast SEO plugin v27.4 - https:\/\/yoast.com\/product\/yoast-seo-wordpress\/ -->\n<title>Child Advocates Urge Government Leaders to Ensure the Health and Safety of Canada\u2019s Children - Children First Canada<\/title>\n<meta name=\"robots\" content=\"index, follow, max-snippet:-1, max-image-preview:large, max-video-preview:-1\" \/>\n<link rel=\"canonical\" href=\"https:\/\/childrenfirstcanada.org\/fr\/press-releases\/child-advocates-urge-government-leaders-to-ensure-the-health-and-safety-of-canadas-children\/\" \/>\n<meta property=\"og:locale\" content=\"fr_CA\" \/>\n<meta property=\"og:type\" content=\"article\" \/>\n<meta property=\"og:title\" content=\"Child Advocates Urge Government Leaders to Ensure the Health and Safety of Canada\u2019s Children - Children First Canada\" \/>\n<meta property=\"og:description\" content=\"Children First Canada reveals top 10 threats facing kids across the country&nbsp; &nbsp;TORONTO, September 3, 2019 \u2013 A national call to action released today asks federal political leaders to address the top 10 issues threatening Canada\u2019s children including poverty, abuse, obesity, suicide, bullying, and preventable injuries. According to the research, of the 8 million children [&hellip;]\" \/>\n<meta property=\"og:url\" content=\"https:\/\/childrenfirstcanada.org\/fr\/press-releases\/child-advocates-urge-government-leaders-to-ensure-the-health-and-safety-of-canadas-children\/\" \/>\n<meta property=\"og:site_name\" content=\"Children First Canada\" \/>\n<meta property=\"article:published_time\" content=\"2019-09-03T10:00:00+00:00\" \/>\n<meta property=\"article:modified_time\" content=\"2021-03-15T03:59:31+00:00\" \/>\n<meta name=\"author\" content=\"wsteam\" \/>\n<meta name=\"twitter:card\" content=\"summary_large_image\" \/>\n<meta name=\"twitter:label1\" content=\"\u00c9crit par\" \/>\n\t<meta name=\"twitter:data1\" content=\"wsteam\" \/>\n\t<meta name=\"twitter:label2\" content=\"Estimation du temps de lecture\" \/>\n\t<meta name=\"twitter:data2\" content=\"4 minutes\" \/>\n<script type=\"application\/ld+json\" class=\"yoast-schema-graph\">{\"@context\":\"https:\\\/\\\/schema.org\",\"@graph\":[{\"@type\":\"Article\",\"@id\":\"https:\\\/\\\/childrenfirstcanada.org\\\/press-releases\\\/child-advocates-urge-government-leaders-to-ensure-the-health-and-safety-of-canadas-children\\\/#article\",\"isPartOf\":{\"@id\":\"https:\\\/\\\/childrenfirstcanada.org\\\/press-releases\\\/child-advocates-urge-government-leaders-to-ensure-the-health-and-safety-of-canadas-children\\\/\"},\"author\":{\"name\":\"wsteam\",\"@id\":\"https:\\\/\\\/childrenfirstcanada.org\\\/#\\\/schema\\\/person\\\/5ee51888c0ce671580455de0e48570be\"},\"headline\":\"Child Advocates Urge Government Leaders to Ensure the Health and Safety of Canada\u2019s Children\",\"datePublished\":\"2019-09-03T10:00:00+00:00\",\"dateModified\":\"2021-03-15T03:59:31+00:00\",\"mainEntityOfPage\":{\"@id\":\"https:\\\/\\\/childrenfirstcanada.org\\\/press-releases\\\/child-advocates-urge-government-leaders-to-ensure-the-health-and-safety-of-canadas-children\\\/\"},\"wordCount\":868,\"commentCount\":0,\"publisher\":{\"@id\":\"https:\\\/\\\/childrenfirstcanada.org\\\/#organization\"},\"articleSection\":[\"Press Releases\",\"Raising Canada\"],\"inLanguage\":\"fr-CA\",\"potentialAction\":[{\"@type\":\"CommentAction\",\"name\":\"Comment\",\"target\":[\"https:\\\/\\\/childrenfirstcanada.org\\\/press-releases\\\/child-advocates-urge-government-leaders-to-ensure-the-health-and-safety-of-canadas-children\\\/#respond\"]}]},{\"@type\":\"WebPage\",\"@id\":\"https:\\\/\\\/childrenfirstcanada.org\\\/press-releases\\\/child-advocates-urge-government-leaders-to-ensure-the-health-and-safety-of-canadas-children\\\/\",\"url\":\"https:\\\/\\\/childrenfirstcanada.org\\\/press-releases\\\/child-advocates-urge-government-leaders-to-ensure-the-health-and-safety-of-canadas-children\\\/\",\"name\":\"Child Advocates Urge Government Leaders to Ensure the Health and Safety of Canada\u2019s Children - Children First Canada\",\"isPartOf\":{\"@id\":\"https:\\\/\\\/childrenfirstcanada.org\\\/#website\"},\"datePublished\":\"2019-09-03T10:00:00+00:00\",\"dateModified\":\"2021-03-15T03:59:31+00:00\",\"breadcrumb\":{\"@id\":\"https:\\\/\\\/childrenfirstcanada.org\\\/press-releases\\\/child-advocates-urge-government-leaders-to-ensure-the-health-and-safety-of-canadas-children\\\/#breadcrumb\"},\"inLanguage\":\"fr-CA\",\"potentialAction\":[{\"@type\":\"ReadAction\",\"target\":[\"https:\\\/\\\/childrenfirstcanada.org\\\/press-releases\\\/child-advocates-urge-government-leaders-to-ensure-the-health-and-safety-of-canadas-children\\\/\"]}]},{\"@type\":\"BreadcrumbList\",\"@id\":\"https:\\\/\\\/childrenfirstcanada.org\\\/press-releases\\\/child-advocates-urge-government-leaders-to-ensure-the-health-and-safety-of-canadas-children\\\/#breadcrumb\",\"itemListElement\":[{\"@type\":\"ListItem\",\"position\":1,\"name\":\"Home\",\"item\":\"https:\\\/\\\/childrenfirstcanada.org\\\/\"},{\"@type\":\"ListItem\",\"position\":2,\"name\":\"Child Advocates Urge Government Leaders to Ensure the Health and Safety of Canada\u2019s Children\"}]},{\"@type\":\"WebSite\",\"@id\":\"https:\\\/\\\/childrenfirstcanada.org\\\/#website\",\"url\":\"https:\\\/\\\/childrenfirstcanada.org\\\/\",\"name\":\"Children First Canada\",\"description\":\"CFC\",\"publisher\":{\"@id\":\"https:\\\/\\\/childrenfirstcanada.org\\\/#organization\"},\"potentialAction\":[{\"@type\":\"SearchAction\",\"target\":{\"@type\":\"EntryPoint\",\"urlTemplate\":\"https:\\\/\\\/childrenfirstcanada.org\\\/?s={search_term_string}\"},\"query-input\":{\"@type\":\"PropertyValueSpecification\",\"valueRequired\":true,\"valueName\":\"search_term_string\"}}],\"inLanguage\":\"fr-CA\"},{\"@type\":\"Organization\",\"@id\":\"https:\\\/\\\/childrenfirstcanada.org\\\/#organization\",\"name\":\"Children First Canada\",\"url\":\"https:\\\/\\\/childrenfirstcanada.org\\\/\",\"logo\":{\"@type\":\"ImageObject\",\"inLanguage\":\"fr-CA\",\"@id\":\"https:\\\/\\\/childrenfirstcanada.org\\\/#\\\/schema\\\/logo\\\/image\\\/\",\"url\":\"https:\\\/\\\/childrenfirstcanada.org\\\/wp-content\\\/uploads\\\/2021\\\/01\\\/CFC_Logo_white.png\",\"contentUrl\":\"https:\\\/\\\/childrenfirstcanada.org\\\/wp-content\\\/uploads\\\/2021\\\/01\\\/CFC_Logo_white.png\",\"width\":1435,\"height\":514,\"caption\":\"Children First Canada\"},\"image\":{\"@id\":\"https:\\\/\\\/childrenfirstcanada.org\\\/#\\\/schema\\\/logo\\\/image\\\/\"}},{\"@type\":\"Person\",\"@id\":\"https:\\\/\\\/childrenfirstcanada.org\\\/#\\\/schema\\\/person\\\/5ee51888c0ce671580455de0e48570be\",\"name\":\"wsteam\",\"image\":{\"@type\":\"ImageObject\",\"inLanguage\":\"fr-CA\",\"@id\":\"https:\\\/\\\/secure.gravatar.com\\\/avatar\\\/f480f3cf388144ec6432bfd6fe1f4beec77943abddae03e9c13c14b8aac26159?s=96&d=mm&r=g\",\"url\":\"https:\\\/\\\/secure.gravatar.com\\\/avatar\\\/f480f3cf388144ec6432bfd6fe1f4beec77943abddae03e9c13c14b8aac26159?s=96&d=mm&r=g\",\"contentUrl\":\"https:\\\/\\\/secure.gravatar.com\\\/avatar\\\/f480f3cf388144ec6432bfd6fe1f4beec77943abddae03e9c13c14b8aac26159?s=96&d=mm&r=g\",\"caption\":\"wsteam\"},\"sameAs\":[\"http:\\\/\\\/nostalgic-camera.flywheelsites.com\"],\"url\":\"https:\\\/\\\/childrenfirstcanada.org\\\/fr\\\/author\\\/wsteam\\\/\"}]}<\/script>\n<!-- \/ Yoast SEO plugin. -->","yoast_head_json":{"title":"Les d\u00e9fenseurs des droits des enfants exhortent les dirigeants gouvernementaux \u00e0 assurer la sant\u00e9 et la s\u00e9curit\u00e9 des enfants du Canada - Enfants d&#039;abord Canada","robots":{"index":"index","follow":"follow","max-snippet":"max-snippet:-1","max-image-preview":"max-image-preview:large","max-video-preview":"max-video-preview:-1"},"canonical":"https:\/\/childrenfirstcanada.org\/fr\/press-releases\/child-advocates-urge-government-leaders-to-ensure-the-health-and-safety-of-canadas-children\/","og_locale":"fr_CA","og_type":"article","og_title":"Child Advocates Urge Government Leaders to Ensure the Health and Safety of Canada\u2019s Children - Children First Canada","og_description":"Children First Canada reveals top 10 threats facing kids across the country&nbsp; &nbsp;TORONTO, September 3, 2019 \u2013 A national call to action released today asks federal political leaders to address the top 10 issues threatening Canada\u2019s children including poverty, abuse, obesity, suicide, bullying, and preventable injuries. According to the research, of the 8 million children [&hellip;]","og_url":"https:\/\/childrenfirstcanada.org\/fr\/press-releases\/child-advocates-urge-government-leaders-to-ensure-the-health-and-safety-of-canadas-children\/","og_site_name":"Children First Canada","article_published_time":"2019-09-03T10:00:00+00:00","article_modified_time":"2021-03-15T03:59:31+00:00","author":"wsteam","twitter_card":"summary_large_image","twitter_misc":{"\u00c9crit par":"wsteam","Estimation du temps de lecture":"4 minutes"},"schema":{"@context":"https:\/\/schema.org","@graph":[{"@type":"Article","@id":"https:\/\/childrenfirstcanada.org\/press-releases\/child-advocates-urge-government-leaders-to-ensure-the-health-and-safety-of-canadas-children\/#article","isPartOf":{"@id":"https:\/\/childrenfirstcanada.org\/press-releases\/child-advocates-urge-government-leaders-to-ensure-the-health-and-safety-of-canadas-children\/"},"author":{"name":"wsteam","@id":"https:\/\/childrenfirstcanada.org\/#\/schema\/person\/5ee51888c0ce671580455de0e48570be"},"headline":"Child Advocates Urge Government Leaders to Ensure the Health and Safety of Canada\u2019s Children","datePublished":"2019-09-03T10:00:00+00:00","dateModified":"2021-03-15T03:59:31+00:00","mainEntityOfPage":{"@id":"https:\/\/childrenfirstcanada.org\/press-releases\/child-advocates-urge-government-leaders-to-ensure-the-health-and-safety-of-canadas-children\/"},"wordCount":868,"commentCount":0,"publisher":{"@id":"https:\/\/childrenfirstcanada.org\/#organization"},"articleSection":["Press Releases","Raising Canada"],"inLanguage":"fr-CA","potentialAction":[{"@type":"CommentAction","name":"Comment","target":["https:\/\/childrenfirstcanada.org\/press-releases\/child-advocates-urge-government-leaders-to-ensure-the-health-and-safety-of-canadas-children\/#respond"]}]},{"@type":"WebPage","@id":"https:\/\/childrenfirstcanada.org\/press-releases\/child-advocates-urge-government-leaders-to-ensure-the-health-and-safety-of-canadas-children\/","url":"https:\/\/childrenfirstcanada.org\/press-releases\/child-advocates-urge-government-leaders-to-ensure-the-health-and-safety-of-canadas-children\/","name":"Les d\u00e9fenseurs des droits des enfants exhortent les dirigeants gouvernementaux \u00e0 assurer la sant\u00e9 et la s\u00e9curit\u00e9 des enfants du Canada - Enfants d&#039;abord Canada","isPartOf":{"@id":"https:\/\/childrenfirstcanada.org\/#website"},"datePublished":"2019-09-03T10:00:00+00:00","dateModified":"2021-03-15T03:59:31+00:00","breadcrumb":{"@id":"https:\/\/childrenfirstcanada.org\/press-releases\/child-advocates-urge-government-leaders-to-ensure-the-health-and-safety-of-canadas-children\/#breadcrumb"},"inLanguage":"fr-CA","potentialAction":[{"@type":"ReadAction","target":["https:\/\/childrenfirstcanada.org\/press-releases\/child-advocates-urge-government-leaders-to-ensure-the-health-and-safety-of-canadas-children\/"]}]},{"@type":"BreadcrumbList","@id":"https:\/\/childrenfirstcanada.org\/press-releases\/child-advocates-urge-government-leaders-to-ensure-the-health-and-safety-of-canadas-children\/#breadcrumb","itemListElement":[{"@type":"ListItem","position":1,"name":"Home","item":"https:\/\/childrenfirstcanada.org\/"},{"@type":"ListItem","position":2,"name":"Child Advocates Urge Government Leaders to Ensure the Health and Safety of Canada\u2019s Children"}]},{"@type":"WebSite","@id":"https:\/\/childrenfirstcanada.org\/#website","url":"https:\/\/childrenfirstcanada.org\/","name":"Les Enfants d'abord Canada","description":"CFC","publisher":{"@id":"https:\/\/childrenfirstcanada.org\/#organization"},"potentialAction":[{"@type":"SearchAction","target":{"@type":"EntryPoint","urlTemplate":"https:\/\/childrenfirstcanada.org\/?s={search_term_string}"},"query-input":{"@type":"PropertyValueSpecification","valueRequired":true,"valueName":"search_term_string"}}],"inLanguage":"fr-CA"},{"@type":"Organization","@id":"https:\/\/childrenfirstcanada.org\/#organization","name":"Les Enfants d'abord Canada","url":"https:\/\/childrenfirstcanada.org\/","logo":{"@type":"ImageObject","inLanguage":"fr-CA","@id":"https:\/\/childrenfirstcanada.org\/#\/schema\/logo\/image\/","url":"https:\/\/childrenfirstcanada.org\/wp-content\/uploads\/2021\/01\/CFC_Logo_white.png","contentUrl":"https:\/\/childrenfirstcanada.org\/wp-content\/uploads\/2021\/01\/CFC_Logo_white.png","width":1435,"height":514,"caption":"Children First Canada"},"image":{"@id":"https:\/\/childrenfirstcanada.org\/#\/schema\/logo\/image\/"}},{"@type":"Person","@id":"https:\/\/childrenfirstcanada.org\/#\/schema\/person\/5ee51888c0ce671580455de0e48570be","name":"wsteam","image":{"@type":"ImageObject","inLanguage":"fr-CA","@id":"https:\/\/secure.gravatar.com\/avatar\/f480f3cf388144ec6432bfd6fe1f4beec77943abddae03e9c13c14b8aac26159?s=96&d=mm&r=g","url":"https:\/\/secure.gravatar.com\/avatar\/f480f3cf388144ec6432bfd6fe1f4beec77943abddae03e9c13c14b8aac26159?s=96&d=mm&r=g","contentUrl":"https:\/\/secure.gravatar.com\/avatar\/f480f3cf388144ec6432bfd6fe1f4beec77943abddae03e9c13c14b8aac26159?s=96&d=mm&r=g","caption":"wsteam"},"sameAs":["http:\/\/nostalgic-camera.flywheelsites.com"],"url":"https:\/\/childrenfirstcanada.org\/fr\/author\/wsteam\/"}]}},"_links":{"self":[{"href":"https:\/\/childrenfirstcanada.org\/fr\/wp-json\/wp\/v2\/posts\/11575","targetHints":{"allow":["GET"]}}],"collection":[{"href":"https:\/\/childrenfirstcanada.org\/fr\/wp-json\/wp\/v2\/posts"}],"about":[{"href":"https:\/\/childrenfirstcanada.org\/fr\/wp-json\/wp\/v2\/types\/post"}],"author":[{"embeddable":true,"href":"https:\/\/childrenfirstcanada.org\/fr\/wp-json\/wp\/v2\/users\/1"}],"replies":[{"embeddable":true,"href":"https:\/\/childrenfirstcanada.org\/fr\/wp-json\/wp\/v2\/comments?post=11575"}],"version-history":[{"count":0,"href":"https:\/\/childrenfirstcanada.org\/fr\/wp-json\/wp\/v2\/posts\/11575\/revisions"}],"wp:attachment":[{"href":"https:\/\/childrenfirstcanada.org\/fr\/wp-json\/wp\/v2\/media?parent=11575"}],"wp:term":[{"taxonomy":"category","embeddable":true,"href":"https:\/\/childrenfirstcanada.org\/fr\/wp-json\/wp\/v2\/categories?post=11575"},{"taxonomy":"post_tag","embeddable":true,"href":"https:\/\/childrenfirstcanada.org\/fr\/wp-json\/wp\/v2\/tags?post=11575"}],"curies":[{"name":"wp","href":"https:\/\/api.w.org\/{rel}","templated":true}]}}