{"id":11576,"date":"2019-05-02T16:02:48","date_gmt":"2019-05-02T16:02:48","guid":{"rendered":"http:\/\/nostalgic-camera.flywheelsites.com\/the-power-of-a-youthquake-engaging-youth-could-transform-canada\/"},"modified":"2021-03-15T04:00:24","modified_gmt":"2021-03-15T04:00:24","slug":"the-power-of-a-youthquake-engaging-youth-could-transform-canada","status":"publish","type":"post","link":"https:\/\/childrenfirstcanada.org\/fr\/press-releases\/the-power-of-a-youthquake-engaging-youth-could-transform-canada\/","title":{"rendered":"Le pouvoir d&#039;un s\u00e9isme de jeunesse: faire participer les jeunes pourrait transformer le Canada"},"content":{"rendered":"<p class=\"\" style=\"white-space:pre-wrap;\">Alors que les jeunes se r\u00e9unissent \u00e0 Ottawa cette semaine lors du tout premier Sommet des jeunes du Canada, un rapport publi\u00e9 aujourd&#039;hui met en \u00e9vidence les principales priorit\u00e9s des jeunes Canadiens et les possibilit\u00e9s de renforcer l&#039;engagement civique.<\/p>\n<p class=\"\" style=\"white-space:pre-wrap;\"><em>\u00abUn autre s\u00e9isme de jeunesse? Explorer les pr\u00e9occupations, les priorit\u00e9s et l&#039;engagement politique des jeunes Canadiens de 15 \u00e0 30 ans.<\/em>, publi\u00e9 par Abacus Data et command\u00e9 par une coalition d&#039;agences nationales au service de la jeunesse, indique que les jeunes se soucient le plus de l&#039;augmentation du co\u00fbt du logement, du changement climatique, de la sant\u00e9 mentale et de la pauvret\u00e9 des enfants et des familles. Plus de 60% des jeunes interrog\u00e9s ont d\u00e9clar\u00e9 qu&#039;il s&#039;agissait de probl\u00e8mes tr\u00e8s graves ou extr\u00eamement graves.<\/p>\n<p class=\"\" style=\"white-space:pre-wrap;\">En revanche, les jeunes se sentent moins pr\u00e9occup\u00e9s par des questions telles que l&#039;\u00e9quilibre budg\u00e9taire et la r\u00e9duction de la dette, les impacts de l&#039;immigration et l&#039;adaptation \u00e0 l&#039;automatisation sur le lieu de travail.<\/p>\n<p class=\"\" style=\"white-space:pre-wrap;\">Les jeunes d\u00e9crivent \u00e9galement la n\u00e9cessit\u00e9 d&#039;un syst\u00e8me politique plus r\u00e9actif. Les deux tiers (65%) attribuent aux gouvernements une note de 5 ou moins sur 10 pour leur r\u00e9activit\u00e9 aux besoins et aux opinions des jeunes Canadiens. La hausse du co\u00fbt de la vie et du logement est identifi\u00e9e comme le principal domaine d&#039;am\u00e9lioration, 62% de jeunes se d\u00e9clarant insatisfaits de l&#039;action politique actuelle sur cette question.<\/p>\n<p class=\"\" style=\"white-space:pre-wrap;\"><strong>La confiance pour s&#039;exprimer<\/strong><\/p>\n<p class=\"\" style=\"white-space:pre-wrap;\">Alors que les jeunes ont partag\u00e9 leurs espoirs et leurs pr\u00e9occupations dans cette enqu\u00eate, ils se disent inquiets de discuter de ces probl\u00e8mes avec leurs amis et leurs familles. Les deux tiers disent ne pas avoir l&#039;impression d&#039;en savoir assez et ne sont pas convaincus de pouvoir changer d&#039;avis. Il est essentiel de rem\u00e9dier \u00e0 ce manque de confiance pour stimuler l&#039;engagement civique.<\/p>\n<p class=\"\" style=\"white-space:pre-wrap;\">De plus, tous les jeunes ne sont pas \u00e9galement engag\u00e9s. Le revenu du m\u00e9nage, l&#039;appartenance ethnique et le sexe sont tous des facteurs qui influent sur les taux d&#039;engagement des jeunes. Il sera essentiel de s&#039;attaquer \u00e0 ces obstacles pour garantir que tous les jeunes aient la possibilit\u00e9 de s&#039;exprimer au sein de la soci\u00e9t\u00e9 canadienne.<\/p>\n<p class=\"\" style=\"white-space:pre-wrap;\">Chaque aspect de la soci\u00e9t\u00e9 canadienne a un r\u00f4le \u00e0 jouer pour encourager l&#039;engagement civique des jeunes, en \u00e9coutant les jeunes et en les rejoignant sur les plateformes o\u00f9 ils sont le plus actifs.<\/p>\n<p class=\"\" style=\"white-space:pre-wrap;\">Les dirigeants politiques, les entreprises et les organisations au service des jeunes peuvent encourager les jeunes \u00e0 agir en sensibilisant davantage aux opportunit\u00e9s d&#039;engagement, en encourageant les discussions et en faisant entendre la voix des jeunes. Le mentorat devient un \u00e9l\u00e9ment essentiel car le rapport souligne \u00e0 quel point les relations significatives avec les pairs et les alli\u00e9s adultes font une \u00e9norme diff\u00e9rence dans l&#039;engagement.<\/p>\n<p style=\"text-align:center;white-space:pre-wrap;\" class=\"\">\u2013 30 \u2013<\/p>\n<hr>\n<p class=\"\" style=\"white-space:pre-wrap;\">&quot;<em>UN AUTRE TREMBLE DE JEUNESSE? Explorer les pr\u00e9occupations, les priorit\u00e9s et l&#039;engagement politique des jeunes Canadiens de 15 \u00e0 30 ans<\/em>. \u00bb a \u00e9t\u00e9 \u00e9crit par David Coletto, PhD et Oksana Kishchuk, et dirig\u00e9 pour une coalition d&#039;agences nationales canadiennes au service des jeunes. L&#039;enqu\u00eate a \u00e9t\u00e9 men\u00e9e et analys\u00e9e par Abacus Data. &nbsp;<\/p>\n<p class=\"\" style=\"white-space:pre-wrap;\"><strong>Citations \/ Actifs:<\/strong><\/p>\n<p class=\"\" style=\"white-space:pre-wrap;\">Le rapport complet est disponible \u00e0 l&#039;adresse <a href=\"https:\/\/abacusdata.ca\/another-youthquake\/\"><span style=\"text-decoration:underline\">https:\/\/abacusdata.ca\/another-youthquake\/<\/span><\/a><\/p>\n<p class=\"\" style=\"white-space:pre-wrap;\"><strong>Grands Fr\u00e8res Grandes S\u0153urs du Canada<\/strong><a href=\"https:\/\/bigbrothersbigsisters.ca\/\"><strong> <\/strong><span style=\"text-decoration:underline\"><strong>https:\/\/bigbrothersbigsisters.ca<\/strong><\/span><\/a><\/p>\n<p class=\"\" style=\"white-space:pre-wrap;\">\u00abLes jeunes ont les id\u00e9es, l&#039;\u00e9nergie et les perspectives uniques pour fa\u00e7onner la soci\u00e9t\u00e9 canadienne\u00bb, a d\u00e9clar\u00e9 W. Matthew Chater, pr\u00e9sident et chef de la direction, Grands Fr\u00e8res Grandes S\u0153urs du Canada. \u00abLib\u00e9rer le potentiel des jeunes pour l&#039;engagement civique est au c\u0153ur des programmes de mentorat des Grands Fr\u00e8res Grandes S\u0153urs. Les jeunes avec des mentors sont 50% plus susceptibles de faire du b\u00e9n\u00e9volat, et ils donnent plus de 30% de leur temps. Lorsque nous impliquons les jeunes dans la prise de d\u00e9cision, nous en profitons tous.<\/p>\n<p class=\"\" style=\"white-space:pre-wrap;\"><strong>Clubs Gar\u00e7ons et Filles du Canada<\/strong><a href=\"http:\/\/www.bgccan.com\/\"><strong> <\/strong><span style=\"text-decoration:underline\"><strong>http:\/\/www.bgccan.com<\/strong><\/span><\/a><strong> &nbsp;<\/strong><\/p>\n<p class=\"\" style=\"white-space:pre-wrap;\">\u00abAvec une augmentation inqui\u00e9tante du d\u00e9sengagement des jeunes, le &#039;Another Youthquake?&#039; Le rapport confirme que le travail effectu\u00e9 par ces organismes nationaux au service des jeunes est essentiel: donner aux jeunes des plateformes pour qu&#039;ils grandissent en tant que leaders et d\u00e9cideurs \u00bb, a d\u00e9clar\u00e9 Owen Charters, pr\u00e9sident et chef de la direction, Clubs gar\u00e7ons et filles du Canada. \u00abAux Clubs Gar\u00e7ons et Filles, amplifier la voix des jeunes est la cl\u00e9 de notre plan strat\u00e9gique. En vue de l&#039;\u00e9lection f\u00e9d\u00e9rale de 2019, nous avons fait d&#039;importants investissements pour stimuler l&#039;alphab\u00e9tisation civique chez les jeunes, accro\u00eetre la participation des jeunes \u00e0 des \u00e9v\u00e9nements partout au pays et travailler avec d&#039;autres organisations pour \u00e9tendre notre port\u00e9e. Les pr\u00e9occupations des jeunes Canadiens devraient \u00eatre des pr\u00e9occupations pour nous tous.<\/p>\n<p class=\"\" style=\"white-space:pre-wrap;\"><strong>Ligue pour le bien-\u00eatre de l&#039;enfance du Canada<\/strong><a href=\"http:\/\/www.cwlc.ca\/\"><strong> <\/strong><span style=\"text-decoration:underline\"><strong>www.cwlc.ca<\/strong><\/span><\/a><strong> &nbsp;&nbsp;<\/strong><\/p>\n<p class=\"\" style=\"white-space:pre-wrap;\">\u00abNous sommes particuli\u00e8rement pr\u00e9occup\u00e9s par le fait que les jeunes d\u00e9sengag\u00e9s sont plus susceptibles de vivre dans des situations de faible revenu\u00bb, d\u00e9clare Rachel Gouin, directrice g\u00e9n\u00e9rale de la Ligue pour le bien-\u00eatre de l&#039;enfance du Canada. \u00abCette constatation nous appelle tous \u00e0 faire plus pour les jeunes qui pourraient autrement \u00eatre exclus de la discussion.\u00bb<\/p>\n<p class=\"\" style=\"white-space:pre-wrap;\"><strong>Les Enfants d'abord Canada<\/strong><a href=\"http:\/\/www.childrenfirstcanada.com\/\"><strong> <\/strong><span style=\"text-decoration:underline\"><strong>www.childrenfirstcanada.com<\/strong><\/span><\/a><\/p>\n<p class=\"\" style=\"white-space:pre-wrap;\">\u00abNous sommes ravis de participer \u00e0 l&#039;activation du prochain\u00ab s\u00e9isme de jeunesse \u00bb. Les jeunes ne sont pas seulement des leaders de l\u2019avenir, ils sont des leaders d\u2019aujourd\u2019hui, et les questions qui leur tiennent \u00e0 c\u0153ur doivent \u00eatre reconnues, respect\u00e9es et trait\u00e9es. Lib\u00e9rer leur potentiel n&#039;est pas seulement la bonne chose \u00e0 faire, notre avenir et le leur en d\u00e9pendent. \u00bb - Sara L. Austin, fondatrice et chef de la direction, Children First Canada<\/p>\n<p class=\"\" style=\"white-space:pre-wrap;\"><strong>Exp\u00e9riences Canada<\/strong><a href=\"http:\/\/www.experiencescanada.ca\/\"><strong> <\/strong><span style=\"text-decoration:underline\"><strong>www.ExperiencesCanada.ca<\/strong><\/span><\/a><\/p>\n<p class=\"\" style=\"white-space:pre-wrap;\">\u00abLes jeunes r\u00e9fl\u00e9chissent profond\u00e9ment aux probl\u00e8mes sociaux et politiques qui fa\u00e7onnent leur vie et leurs communaut\u00e9s, mais ils apprennent et s&#039;engagent dans ces probl\u00e8mes \u00e0 travers des r\u00e9seaux et des syst\u00e8mes qui n&#039;existaient pas pour les g\u00e9n\u00e9rations pr\u00e9c\u00e9dentes. Le d\u00e9fi pour les institutions politiques traditionnelles est de rencontrer les jeunes l\u00e0 o\u00f9 ils se trouvent et de veiller \u00e0 ce qu&#039;ils r\u00e9pondent aux priorit\u00e9s et aux attentes changeantes de cette prochaine g\u00e9n\u00e9ration. - Deborah Morrison, pr\u00e9sidente et chef de la direction, Exp\u00e9riences Canada<\/p>\n<p class=\"\" style=\"white-space:pre-wrap;\"><strong>Guides du Canada<\/strong><a href=\"http:\/\/www.girlguides.ca\/\"><strong> <\/strong><span style=\"text-decoration:underline\"><strong>www.girlguides.ca<\/strong><\/span><\/a><\/p>\n<p class=\"\" style=\"white-space:pre-wrap;\">\u00abLes probl\u00e8mes de la jeunesse sont souvent consid\u00e9r\u00e9s comme un cr\u00e9neau, mais la r\u00e9alit\u00e9 est que les jeunes sont confront\u00e9s \u00e0 des d\u00e9fis majeurs, mais parfois invisibles. Par exemple, les Guides du Canada ont r\u00e9cemment d\u00e9couvert un \u00e9cart de salaire de $3,00 par heure dans les emplois d&#039;\u00e9t\u00e9 des adolescents. Des r\u00e9alit\u00e9s comme celle-ci d\u00e9montrent pourquoi la voix des jeunes est grandement n\u00e9cessaire dans les conversations politiques nationales. \u00bb - Jill Zelmanovits, chef de la direction, Guides du Canada<\/p>\n<p class=\"\" style=\"white-space:pre-wrap;\"><strong>La Commission des \u00e9tudiants du Canada <\/strong><a href=\"http:\/\/www.studentscommission.ca\"><span style=\"text-decoration:underline\"><strong>www.studentscommission.ca<\/strong><\/span><\/a><\/p>\n<p class=\"\" style=\"white-space:pre-wrap;\">\u00abCe rapport est un rappel opportun pour les Canadiens de l&#039;importance d&#039;\u00e9couter et de valoriser la voix des jeunes. Les probl\u00e8mes soulev\u00e9s par les jeunes devraient \u00eatre au c\u0153ur des pr\u00e9occupations \u00e0 l&#039;approche des \u00e9lections f\u00e9d\u00e9rales. Les organisations au service des jeunes peuvent jouer un r\u00f4le essentiel en travaillant avec les jeunes pour r\u00e9soudre ces probl\u00e8mes. \u00bb - Sharif Mahdy, directeur g\u00e9n\u00e9ral, Commission des \u00e9tudiants du Canada<\/p>\n<p class=\"\" style=\"white-space:pre-wrap;\"><strong>Association des Nations Unies au Canada (UNA-Canada)<\/strong><a href=\"http:\/\/www.unac.org\/\"><strong> <\/strong><span style=\"text-decoration:underline\"><strong>www.unac.org<\/strong><\/span><\/a><\/p>\n<p class=\"\" style=\"white-space:pre-wrap;\">\u00abLe &#039;s\u00e9isme de jeunesse&#039; qui a pouss\u00e9 les jeunes \u00e9lecteurs pour la premi\u00e8re fois \u00e0 voter aux \u00e9lections de 2015 a de nouveau le potentiel de gr\u00e8ve lors des \u00e9lections de 2019. Il ressort clairement de ces donn\u00e9es que les jeunes comprennent que le vote est un moment crucial pour faire entendre leur voix \u00bb, d\u00e9clare Kate White, pr\u00e9sidente et chef de la direction d&#039;UNA-Canada. \u00abPour stimuler le potentiel des jeunes \u00e0 agir en tant qu&#039;agents de changement, il faut leur pr\u00e9sence et leur autonomisation dans le dialogue politique, et un soutien accru \u00e0 la participation des jeunes \u00e0 tous les niveaux. L\u2019Association des Nations Unies au Canada s\u2019efforce de promouvoir l\u2019engagement, l\u2019inclusion et l\u2019\u00e9galit\u00e9 des jeunes depuis pr\u00e8s de 75 ans, en leur offrant des possibilit\u00e9s et des programmes ax\u00e9s sur les jeunes.<\/p>\n<p class=\"\" style=\"white-space:pre-wrap;\"><strong>YMCA Canada<\/strong><a href=\"https:\/\/ymca.ca\/\"><span style=\"text-decoration:underline\"><strong>https:\/\/ymca.ca<\/strong><\/span><\/a><strong> &nbsp;&nbsp;<\/strong><\/p>\n<p class=\"\" style=\"white-space:pre-wrap;\">\u00abLe sentiment d&#039;appartenance, d&#039;avoir une communaut\u00e9 de soutien et que vos pens\u00e9es et opinions sont valoris\u00e9es est essentiel \u00e0 une bonne sant\u00e9\u00bb, d\u00e9clare Ida Thomas, vice-pr\u00e9sidente, YMCA Canada. \u00abLes jeunes disent haut et fort qu&#039;ils ont des opinions sur des questions sociales importantes et complexes, mais qu&#039;ils n&#039;ont pas toujours d&#039;endroits o\u00f9 s&#039;exprimer ou \u00eatre pris au s\u00e9rieux. Bien qu&#039;il y ait des points positifs dans ces donn\u00e9es, dans l&#039;ensemble, elles montrent que les adultes et les institutions peuvent mieux valoriser la voix des jeunes. Ils nous disent \u00e0 tous qu&#039;il y a beaucoup de travail \u00e0 faire. Nous sommes \u00e0 la hauteur du d\u00e9fi! \u00bb - Ida Thomas, vice-pr\u00e9sidente, YMCA Canada<\/p>\n<h3 style=\"white-space:pre-wrap;\"><strong>Pour les demandes des m\u00e9dias en anglais, veuillez contacter:<\/strong><\/h3>\n<p class=\"\" style=\"white-space:pre-wrap;\"><strong>David Coletto, Donn\u00e9es Abacus<\/strong><\/p>\n<p class=\"\" style=\"white-space:pre-wrap;\">1-888-757-1119<\/p>\n<p class=\"\" style=\"white-space:pre-wrap;\">david@abacusdata.ca<\/p>\n<p class=\"\" style=\"white-space:pre-wrap;\"><strong>Julia Lo, Grands Fr\u00e8res Grandes S\u0153urs du Canada<\/strong><\/p>\n<p class=\"\" style=\"white-space:pre-wrap;\">1-800-263-9133 x 47<\/p>\n<p class=\"\" style=\"white-space:pre-wrap;\">julia.lo@bigbrothersbigsisters.ca &nbsp;<\/p>\n<p class=\"\" style=\"white-space:pre-wrap;\">\n<h3 style=\"white-space:pre-wrap;\">Pour les demandes des m\u00e9dias fran\u00e7ais, veuillez contacter:<\/h3>\n<p class=\"\" style=\"white-space:pre-wrap;\"><strong>Rachel Gouin, Ligue pour le bien-\u00eatre de l&#039;enfance du Canada &nbsp;<\/strong><\/p>\n<p class=\"\" style=\"white-space:pre-wrap;\">613-791-0361<\/p>\n<p class=\"\" style=\"white-space:pre-wrap;\">rachel.gouin@cwlc.ca &nbsp;<\/p>\n<p class=\"\" style=\"white-space:pre-wrap;\"><strong>Adil Skalli, Association des Nations Unies au Canada<\/strong><\/p>\n<p class=\"\" style=\"white-space:pre-wrap;\">613-232-5751 poste 235<\/p>\n<p class=\"\" style=\"white-space:pre-wrap;\">adil.skalli@unac.org<\/p>","protected":false},"excerpt":{"rendered":"<p class=\"\" style=\"white-space:pre-wrap;\">Alors que les jeunes se r\u00e9unissent \u00e0 Ottawa cette semaine lors du tout premier Sommet des jeunes du Canada, un rapport publi\u00e9 aujourd&#039;hui met en \u00e9vidence les principales priorit\u00e9s des jeunes Canadiens et les possibilit\u00e9s de renforcer l&#039;engagement civique.<\/p>\n<p class=\"\" style=\"white-space:pre-wrap;\"><em>\u00abUn autre s\u00e9isme de jeunesse? Explorer les pr\u00e9occupations, les priorit\u00e9s et l&#039;engagement politique des jeunes Canadiens de 15 \u00e0 30 ans.<\/em>, publi\u00e9 par Abacus Data et command\u00e9 par une coalition d&#039;agences nationales au service de la jeunesse, indique que les jeunes se soucient le plus de l&#039;augmentation du co\u00fbt du logement, du changement climatique, de la sant\u00e9 mentale et de la pauvret\u00e9 des enfants et des familles. Plus de 60% des jeunes interrog\u00e9s ont d\u00e9clar\u00e9 qu&#039;il s&#039;agissait de probl\u00e8mes tr\u00e8s graves ou extr\u00eamement graves.<\/p>","protected":false},"author":1,"featured_media":0,"comment_status":"open","ping_status":"open","sticky":false,"template":"","format":"standard","meta":{"_acf_changed":false,"footnotes":""},"categories":[9],"tags":[],"class_list":["post-11576","post","type-post","status-publish","format-standard","hentry","category-press-releases"],"acf":[],"yoast_head":"<!-- This site is optimized with the Yoast SEO plugin v27.4 - https:\/\/yoast.com\/product\/yoast-seo-wordpress\/ -->\n<title>The Power of a Youthquake: Engaging youth could transform Canada - Children First Canada<\/title>\n<meta name=\"robots\" content=\"index, follow, max-snippet:-1, max-image-preview:large, max-video-preview:-1\" \/>\n<link rel=\"canonical\" href=\"https:\/\/childrenfirstcanada.org\/fr\/press-releases\/the-power-of-a-youthquake-engaging-youth-could-transform-canada\/\" \/>\n<meta property=\"og:locale\" content=\"fr_CA\" \/>\n<meta property=\"og:type\" content=\"article\" \/>\n<meta property=\"og:title\" content=\"The Power of a Youthquake: Engaging youth could transform Canada - Children First Canada\" \/>\n<meta property=\"og:description\" content=\"As youth gather in Ottawa this week at the first-ever Canada Youth Summit, a report released today highlights the top priorities for Canadian youth and opportunities to strengthen civic engagement.\u2018Another Youthquake? Exploring the concerns, priorities, and political engagement of Canadian youth aged 15 to 30.\u2019, released by Abacus Data, and commissioned by a coalition of National Youth Serving Agencies, indicates that young people care most about the rising cost of housing, climate change, mental health, and child and family poverty. Over 60% of youth surveyed said these are very serious or extremely serious issues.\" \/>\n<meta property=\"og:url\" content=\"https:\/\/childrenfirstcanada.org\/fr\/press-releases\/the-power-of-a-youthquake-engaging-youth-could-transform-canada\/\" \/>\n<meta property=\"og:site_name\" content=\"Children First Canada\" \/>\n<meta property=\"article:published_time\" content=\"2019-05-02T16:02:48+00:00\" \/>\n<meta property=\"article:modified_time\" content=\"2021-03-15T04:00:24+00:00\" \/>\n<meta name=\"author\" content=\"wsteam\" \/>\n<meta name=\"twitter:card\" content=\"summary_large_image\" \/>\n<meta name=\"twitter:label1\" content=\"\u00c9crit par\" \/>\n\t<meta name=\"twitter:data1\" content=\"wsteam\" \/>\n\t<meta name=\"twitter:label2\" content=\"Estimation du temps de lecture\" \/>\n\t<meta name=\"twitter:data2\" content=\"6 minutes\" \/>\n<script type=\"application\/ld+json\" class=\"yoast-schema-graph\">{\"@context\":\"https:\\\/\\\/schema.org\",\"@graph\":[{\"@type\":\"Article\",\"@id\":\"https:\\\/\\\/childrenfirstcanada.org\\\/press-releases\\\/the-power-of-a-youthquake-engaging-youth-could-transform-canada\\\/#article\",\"isPartOf\":{\"@id\":\"https:\\\/\\\/childrenfirstcanada.org\\\/press-releases\\\/the-power-of-a-youthquake-engaging-youth-could-transform-canada\\\/\"},\"author\":{\"name\":\"wsteam\",\"@id\":\"https:\\\/\\\/childrenfirstcanada.org\\\/#\\\/schema\\\/person\\\/5ee51888c0ce671580455de0e48570be\"},\"headline\":\"The Power of a Youthquake: Engaging youth could transform Canada\",\"datePublished\":\"2019-05-02T16:02:48+00:00\",\"dateModified\":\"2021-03-15T04:00:24+00:00\",\"mainEntityOfPage\":{\"@id\":\"https:\\\/\\\/childrenfirstcanada.org\\\/press-releases\\\/the-power-of-a-youthquake-engaging-youth-could-transform-canada\\\/\"},\"wordCount\":1273,\"commentCount\":0,\"publisher\":{\"@id\":\"https:\\\/\\\/childrenfirstcanada.org\\\/#organization\"},\"articleSection\":[\"Press Releases\"],\"inLanguage\":\"fr-CA\",\"potentialAction\":[{\"@type\":\"CommentAction\",\"name\":\"Comment\",\"target\":[\"https:\\\/\\\/childrenfirstcanada.org\\\/press-releases\\\/the-power-of-a-youthquake-engaging-youth-could-transform-canada\\\/#respond\"]}]},{\"@type\":\"WebPage\",\"@id\":\"https:\\\/\\\/childrenfirstcanada.org\\\/press-releases\\\/the-power-of-a-youthquake-engaging-youth-could-transform-canada\\\/\",\"url\":\"https:\\\/\\\/childrenfirstcanada.org\\\/press-releases\\\/the-power-of-a-youthquake-engaging-youth-could-transform-canada\\\/\",\"name\":\"The Power of a Youthquake: Engaging youth could transform Canada - Children First Canada\",\"isPartOf\":{\"@id\":\"https:\\\/\\\/childrenfirstcanada.org\\\/#website\"},\"datePublished\":\"2019-05-02T16:02:48+00:00\",\"dateModified\":\"2021-03-15T04:00:24+00:00\",\"breadcrumb\":{\"@id\":\"https:\\\/\\\/childrenfirstcanada.org\\\/press-releases\\\/the-power-of-a-youthquake-engaging-youth-could-transform-canada\\\/#breadcrumb\"},\"inLanguage\":\"fr-CA\",\"potentialAction\":[{\"@type\":\"ReadAction\",\"target\":[\"https:\\\/\\\/childrenfirstcanada.org\\\/press-releases\\\/the-power-of-a-youthquake-engaging-youth-could-transform-canada\\\/\"]}]},{\"@type\":\"BreadcrumbList\",\"@id\":\"https:\\\/\\\/childrenfirstcanada.org\\\/press-releases\\\/the-power-of-a-youthquake-engaging-youth-could-transform-canada\\\/#breadcrumb\",\"itemListElement\":[{\"@type\":\"ListItem\",\"position\":1,\"name\":\"Home\",\"item\":\"https:\\\/\\\/childrenfirstcanada.org\\\/\"},{\"@type\":\"ListItem\",\"position\":2,\"name\":\"The Power of a Youthquake: Engaging youth could transform Canada\"}]},{\"@type\":\"WebSite\",\"@id\":\"https:\\\/\\\/childrenfirstcanada.org\\\/#website\",\"url\":\"https:\\\/\\\/childrenfirstcanada.org\\\/\",\"name\":\"Children First Canada\",\"description\":\"CFC\",\"publisher\":{\"@id\":\"https:\\\/\\\/childrenfirstcanada.org\\\/#organization\"},\"potentialAction\":[{\"@type\":\"SearchAction\",\"target\":{\"@type\":\"EntryPoint\",\"urlTemplate\":\"https:\\\/\\\/childrenfirstcanada.org\\\/?s={search_term_string}\"},\"query-input\":{\"@type\":\"PropertyValueSpecification\",\"valueRequired\":true,\"valueName\":\"search_term_string\"}}],\"inLanguage\":\"fr-CA\"},{\"@type\":\"Organization\",\"@id\":\"https:\\\/\\\/childrenfirstcanada.org\\\/#organization\",\"name\":\"Children First Canada\",\"url\":\"https:\\\/\\\/childrenfirstcanada.org\\\/\",\"logo\":{\"@type\":\"ImageObject\",\"inLanguage\":\"fr-CA\",\"@id\":\"https:\\\/\\\/childrenfirstcanada.org\\\/#\\\/schema\\\/logo\\\/image\\\/\",\"url\":\"https:\\\/\\\/childrenfirstcanada.org\\\/wp-content\\\/uploads\\\/2021\\\/01\\\/CFC_Logo_white.png\",\"contentUrl\":\"https:\\\/\\\/childrenfirstcanada.org\\\/wp-content\\\/uploads\\\/2021\\\/01\\\/CFC_Logo_white.png\",\"width\":1435,\"height\":514,\"caption\":\"Children First Canada\"},\"image\":{\"@id\":\"https:\\\/\\\/childrenfirstcanada.org\\\/#\\\/schema\\\/logo\\\/image\\\/\"}},{\"@type\":\"Person\",\"@id\":\"https:\\\/\\\/childrenfirstcanada.org\\\/#\\\/schema\\\/person\\\/5ee51888c0ce671580455de0e48570be\",\"name\":\"wsteam\",\"image\":{\"@type\":\"ImageObject\",\"inLanguage\":\"fr-CA\",\"@id\":\"https:\\\/\\\/secure.gravatar.com\\\/avatar\\\/f480f3cf388144ec6432bfd6fe1f4beec77943abddae03e9c13c14b8aac26159?s=96&d=mm&r=g\",\"url\":\"https:\\\/\\\/secure.gravatar.com\\\/avatar\\\/f480f3cf388144ec6432bfd6fe1f4beec77943abddae03e9c13c14b8aac26159?s=96&d=mm&r=g\",\"contentUrl\":\"https:\\\/\\\/secure.gravatar.com\\\/avatar\\\/f480f3cf388144ec6432bfd6fe1f4beec77943abddae03e9c13c14b8aac26159?s=96&d=mm&r=g\",\"caption\":\"wsteam\"},\"sameAs\":[\"http:\\\/\\\/nostalgic-camera.flywheelsites.com\"],\"url\":\"https:\\\/\\\/childrenfirstcanada.org\\\/fr\\\/author\\\/wsteam\\\/\"}]}<\/script>\n<!-- \/ Yoast SEO plugin. -->","yoast_head_json":{"title":"Le pouvoir d&#039;un s\u00e9isme de jeunesse: faire participer les jeunes pourrait transformer le Canada - Enfants d&#039;abord Canada","robots":{"index":"index","follow":"follow","max-snippet":"max-snippet:-1","max-image-preview":"max-image-preview:large","max-video-preview":"max-video-preview:-1"},"canonical":"https:\/\/childrenfirstcanada.org\/fr\/press-releases\/the-power-of-a-youthquake-engaging-youth-could-transform-canada\/","og_locale":"fr_CA","og_type":"article","og_title":"The Power of a Youthquake: Engaging youth could transform Canada - Children First Canada","og_description":"As youth gather in Ottawa this week at the first-ever Canada Youth Summit, a report released today highlights the top priorities for Canadian youth and opportunities to strengthen civic engagement.\u2018Another Youthquake? Exploring the concerns, priorities, and political engagement of Canadian youth aged 15 to 30.\u2019, released by Abacus Data, and commissioned by a coalition of National Youth Serving Agencies, indicates that young people care most about the rising cost of housing, climate change, mental health, and child and family poverty. Over 60% of youth surveyed said these are very serious or extremely serious issues.","og_url":"https:\/\/childrenfirstcanada.org\/fr\/press-releases\/the-power-of-a-youthquake-engaging-youth-could-transform-canada\/","og_site_name":"Children First Canada","article_published_time":"2019-05-02T16:02:48+00:00","article_modified_time":"2021-03-15T04:00:24+00:00","author":"wsteam","twitter_card":"summary_large_image","twitter_misc":{"\u00c9crit par":"wsteam","Estimation du temps de lecture":"6 minutes"},"schema":{"@context":"https:\/\/schema.org","@graph":[{"@type":"Article","@id":"https:\/\/childrenfirstcanada.org\/press-releases\/the-power-of-a-youthquake-engaging-youth-could-transform-canada\/#article","isPartOf":{"@id":"https:\/\/childrenfirstcanada.org\/press-releases\/the-power-of-a-youthquake-engaging-youth-could-transform-canada\/"},"author":{"name":"wsteam","@id":"https:\/\/childrenfirstcanada.org\/#\/schema\/person\/5ee51888c0ce671580455de0e48570be"},"headline":"The Power of a Youthquake: Engaging youth could transform Canada","datePublished":"2019-05-02T16:02:48+00:00","dateModified":"2021-03-15T04:00:24+00:00","mainEntityOfPage":{"@id":"https:\/\/childrenfirstcanada.org\/press-releases\/the-power-of-a-youthquake-engaging-youth-could-transform-canada\/"},"wordCount":1273,"commentCount":0,"publisher":{"@id":"https:\/\/childrenfirstcanada.org\/#organization"},"articleSection":["Press Releases"],"inLanguage":"fr-CA","potentialAction":[{"@type":"CommentAction","name":"Comment","target":["https:\/\/childrenfirstcanada.org\/press-releases\/the-power-of-a-youthquake-engaging-youth-could-transform-canada\/#respond"]}]},{"@type":"WebPage","@id":"https:\/\/childrenfirstcanada.org\/press-releases\/the-power-of-a-youthquake-engaging-youth-could-transform-canada\/","url":"https:\/\/childrenfirstcanada.org\/press-releases\/the-power-of-a-youthquake-engaging-youth-could-transform-canada\/","name":"Le pouvoir d&#039;un s\u00e9isme de jeunesse: faire participer les jeunes pourrait transformer le Canada - Enfants d&#039;abord Canada","isPartOf":{"@id":"https:\/\/childrenfirstcanada.org\/#website"},"datePublished":"2019-05-02T16:02:48+00:00","dateModified":"2021-03-15T04:00:24+00:00","breadcrumb":{"@id":"https:\/\/childrenfirstcanada.org\/press-releases\/the-power-of-a-youthquake-engaging-youth-could-transform-canada\/#breadcrumb"},"inLanguage":"fr-CA","potentialAction":[{"@type":"ReadAction","target":["https:\/\/childrenfirstcanada.org\/press-releases\/the-power-of-a-youthquake-engaging-youth-could-transform-canada\/"]}]},{"@type":"BreadcrumbList","@id":"https:\/\/childrenfirstcanada.org\/press-releases\/the-power-of-a-youthquake-engaging-youth-could-transform-canada\/#breadcrumb","itemListElement":[{"@type":"ListItem","position":1,"name":"Home","item":"https:\/\/childrenfirstcanada.org\/"},{"@type":"ListItem","position":2,"name":"The Power of a Youthquake: Engaging youth could transform Canada"}]},{"@type":"WebSite","@id":"https:\/\/childrenfirstcanada.org\/#website","url":"https:\/\/childrenfirstcanada.org\/","name":"Les Enfants d'abord Canada","description":"CFC","publisher":{"@id":"https:\/\/childrenfirstcanada.org\/#organization"},"potentialAction":[{"@type":"SearchAction","target":{"@type":"EntryPoint","urlTemplate":"https:\/\/childrenfirstcanada.org\/?s={search_term_string}"},"query-input":{"@type":"PropertyValueSpecification","valueRequired":true,"valueName":"search_term_string"}}],"inLanguage":"fr-CA"},{"@type":"Organization","@id":"https:\/\/childrenfirstcanada.org\/#organization","name":"Les Enfants d'abord Canada","url":"https:\/\/childrenfirstcanada.org\/","logo":{"@type":"ImageObject","inLanguage":"fr-CA","@id":"https:\/\/childrenfirstcanada.org\/#\/schema\/logo\/image\/","url":"https:\/\/childrenfirstcanada.org\/wp-content\/uploads\/2021\/01\/CFC_Logo_white.png","contentUrl":"https:\/\/childrenfirstcanada.org\/wp-content\/uploads\/2021\/01\/CFC_Logo_white.png","width":1435,"height":514,"caption":"Children First Canada"},"image":{"@id":"https:\/\/childrenfirstcanada.org\/#\/schema\/logo\/image\/"}},{"@type":"Person","@id":"https:\/\/childrenfirstcanada.org\/#\/schema\/person\/5ee51888c0ce671580455de0e48570be","name":"wsteam","image":{"@type":"ImageObject","inLanguage":"fr-CA","@id":"https:\/\/secure.gravatar.com\/avatar\/f480f3cf388144ec6432bfd6fe1f4beec77943abddae03e9c13c14b8aac26159?s=96&d=mm&r=g","url":"https:\/\/secure.gravatar.com\/avatar\/f480f3cf388144ec6432bfd6fe1f4beec77943abddae03e9c13c14b8aac26159?s=96&d=mm&r=g","contentUrl":"https:\/\/secure.gravatar.com\/avatar\/f480f3cf388144ec6432bfd6fe1f4beec77943abddae03e9c13c14b8aac26159?s=96&d=mm&r=g","caption":"wsteam"},"sameAs":["http:\/\/nostalgic-camera.flywheelsites.com"],"url":"https:\/\/childrenfirstcanada.org\/fr\/author\/wsteam\/"}]}},"_links":{"self":[{"href":"https:\/\/childrenfirstcanada.org\/fr\/wp-json\/wp\/v2\/posts\/11576","targetHints":{"allow":["GET"]}}],"collection":[{"href":"https:\/\/childrenfirstcanada.org\/fr\/wp-json\/wp\/v2\/posts"}],"about":[{"href":"https:\/\/childrenfirstcanada.org\/fr\/wp-json\/wp\/v2\/types\/post"}],"author":[{"embeddable":true,"href":"https:\/\/childrenfirstcanada.org\/fr\/wp-json\/wp\/v2\/users\/1"}],"replies":[{"embeddable":true,"href":"https:\/\/childrenfirstcanada.org\/fr\/wp-json\/wp\/v2\/comments?post=11576"}],"version-history":[{"count":0,"href":"https:\/\/childrenfirstcanada.org\/fr\/wp-json\/wp\/v2\/posts\/11576\/revisions"}],"wp:attachment":[{"href":"https:\/\/childrenfirstcanada.org\/fr\/wp-json\/wp\/v2\/media?parent=11576"}],"wp:term":[{"taxonomy":"category","embeddable":true,"href":"https:\/\/childrenfirstcanada.org\/fr\/wp-json\/wp\/v2\/categories?post=11576"},{"taxonomy":"post_tag","embeddable":true,"href":"https:\/\/childrenfirstcanada.org\/fr\/wp-json\/wp\/v2\/tags?post=11576"}],"curies":[{"name":"wp","href":"https:\/\/api.w.org\/{rel}","templated":true}]}}