{"id":11577,"date":"2019-05-01T15:32:45","date_gmt":"2019-05-01T15:32:45","guid":{"rendered":"http:\/\/nostalgic-camera.flywheelsites.com\/raising-all-our-children-reflections-from-the-arctic\/"},"modified":"2021-03-15T04:02:31","modified_gmt":"2021-03-15T04:02:31","slug":"raising-all-our-children-reflections-from-the-arctic","status":"publish","type":"post","link":"https:\/\/childrenfirstcanada.org\/fr\/news-happenings\/raising-all-our-children-reflections-from-the-arctic\/","title":{"rendered":"\u00c9lever tous nos enfants: r\u00e9flexions de l&#039;Arctique"},"content":{"rendered":"<div class=\"image-block-outer-wrapper          layout-caption-below          design-layout-inline          combination-animation-none          individual-animation-none          individual-text-animation-none\" data-test=\"image-block-inline-outer-wrapper\"><\/p>\n<figure class=\"sqs-block-image-figure              intrinsic\" style=\"max-width:1087px;\"><\/p>\n<div style=\"padding-bottom:66.23735046386719%;\" class=\"image-block-wrapper                has-aspect-ratio\" data-animation-role=\"image\"><br \/>\n<noscript><img decoding=\"async\" src=\"https:\/\/childrenfirstcanada.org\/wp-content\/uploads\/2021\/03\/0.png\" alt=\"0.png\"><\/noscript><img class=\"thumb-image\" data-src=\"https:\/\/childrenfirstcanada.org\/wp-content\/uploads\/2021\/03\/0.png\" data-image=\"https:\/\/childrenfirstcanada.org\/wp-content\/uploads\/2021\/03\/0.png\" data-image-dimensions=\"1087x720\" data-image-focal-point=\"0.5,0.5\" alt=\"0.png\" data-load=\"false\" data-image-id=\"5cc9bd6471c10b013ff3e3fc\" data-type=\"image\"><\/div>\n<\/figure>\n<\/div>\n<p class=\"\" style=\"white-space:pre-wrap;\">En tant que petite fille, mes parents m&#039;ont enseign\u00e9 une le\u00e7on simple qui a \u00e9t\u00e9 un point d&#039;ancrage pour mon \u00e2me et une force motrice derri\u00e8re mes efforts pour \u00eatre un champion pour les enfants.<\/p>\n<p class=\"\" style=\"white-space:pre-wrap;\">Cela va comme ceci: les enfants ne choisissent pas les circonstances dans lesquelles ils sont n\u00e9s, mais nous avons tous un r\u00f4le \u00e0 jouer pour les \u00e9lever et aider chaque enfant \u00e0 r\u00e9ussir. Ils m&#039;ont appris cette le\u00e7on non pas \u00e0 travers leurs paroles, mais \u00e0 travers leurs actions. Ils ont mod\u00e9lis\u00e9 ce \u00e0 quoi cela ressemble d&#039;\u00eatre le village.<\/p>\n<p class=\"\" style=\"white-space:pre-wrap;\">Qu&#039;il s&#039;agisse d&#039;ouvrir notre maison \u00e0 une famille de r\u00e9fugi\u00e9s \u00e0 la suite de l&#039;op\u00e9ration Sea Sweep en 1979, de passer la veille de No\u00ebl \u00e0 livrer des coffrets cadeaux du Toronto Star aux enfants du centre-ville, ou de se pr\u00e9senter \u00e0 la soupe populaire locale un dimanche apr\u00e8s-midi, ils m&#039;ont appris la profonde le\u00e7on que nous jouons tous un r\u00f4le pour assurer la s\u00e9curit\u00e9 des enfants et leur donner un bon d\u00e9part dans la vie. Peut-\u00eatre plus important encore, ils m&#039;ont appris qu&#039;il ne s&#039;agissait pas d&#039;actes de charit\u00e9, mais de justice sociale. En tant que membres de la race humaine, nous sommes tous li\u00e9s les uns aux autres et notre bien-\u00eatre est intimement li\u00e9; nous avons le devoir sacr\u00e9 de prendre soin des enfants les uns des autres.&nbsp;<\/p>\n<p class=\"\" style=\"white-space:pre-wrap;\">Cette le\u00e7on p\u00e8se dans mon esprit aujourd&#039;hui alors que je mets les pieds pour la premi\u00e8re fois dans le nord du Canada. Je suis honor\u00e9 de passer les prochains jours au Nunavut, \u00e0 participer \u00e0 la Conf\u00e9rence de l&#039;Arctique sur les d\u00e9fis maternels et p\u00e9diatriques. Des professionnels de premi\u00e8re ligne de partout dans le Nord se r\u00e9unissent \u00e0 Iqualuit pour discuter des derni\u00e8res recherches sur la sant\u00e9 et le bien-\u00eatre des m\u00e8res et des enfants, et pour explorer les possibilit\u00e9s de renforcer notre capacit\u00e9 \u00e0 les servir plus efficacement gr\u00e2ce \u00e0 l&#039;\u00e9laboration de politiques publiques fond\u00e9es sur des donn\u00e9es probantes et \u00e0 la d\u00e9fense de leurs droits.<\/p>\n<p class=\"\" style=\"white-space:pre-wrap;\">Sans aucune faute de leur part, les enfants du Nord n&#039;ont tout simplement pas la m\u00eame chance de vivre que leurs pairs d&#039;autres r\u00e9gions du Canada en raison d&#039;obstacles structurels et syst\u00e9miques. le&nbsp;<a href=\"https:\/\/www.childrenfirstcanada.com\/research\" target=\"_blank\" rel=\"noopener\">\u00c9lever le Canada<\/a>&nbsp;rapport sur la sant\u00e9 et le bien-\u00eatre des enfants du Canada publi\u00e9 par Children First Canada et le O&#039;Brien Institute for Public Health de l&#039;Universit\u00e9 de Calgary, a r\u00e9v\u00e9l\u00e9 des statistiques choquantes pour les enfants d&#039;un oc\u00e9an \u00e0 l&#039;autre, mais les r\u00e9sultats pour les enfants du Nord \u00e9taient particuli\u00e8rement troublant.<\/p>\n<p class=\"\" style=\"white-space:pre-wrap;\">Elle commence dans les premiers jours de la vie, lorsque la sant\u00e9 maternelle est compromise en raison d&#039;une nutrition et de soins pr\u00e9natals inad\u00e9quats. Dans l&#039;ensemble, le Canada a l&#039;un des pires taux de mortalit\u00e9 infantile parmi les pays de l&#039;OCDE, mais au Nunavut, les taux sont trois fois plus \u00e9lev\u00e9s que la moyenne nationale. Les taux de pauvret\u00e9 des enfants sont \u00e9galement plus \u00e9lev\u00e9s, plus de 20 pour cent des enfants inuits grandissant dans des m\u00e9nages \u00e0 faible revenu et souffrant d&#039;ins\u00e9curit\u00e9 alimentaire et de logements inad\u00e9quats.&nbsp;<\/p>\n<p class=\"\" style=\"white-space:pre-wrap;\">Les enfants du nord du Canada sont \u00e9galement confront\u00e9s \u00e0 des taux de probl\u00e8mes de sant\u00e9 mentale nettement plus \u00e9lev\u00e9s. Le taux de suicide dans les quatre r\u00e9gions inuites varie de 5 \u00e0 25 fois le taux national, et entre 2004 et 2008, les enfants et les adolescents de l&#039;Inuit Nunangat \u00e9taient plus de 30 fois plus susceptibles de mourir du suicide que ceux de la reste du Canada (Source: Point de rupture: La crise du suicide dans les communaut\u00e9s autochtones. Un rapport du Comit\u00e9 permanent des affaires autochtones et du Nord).&nbsp;<\/p>\n<p class=\"\" style=\"white-space:pre-wrap;\">Les enfants et les jeunes du Nord sont \u00e9galement aux prises avec les effets du traumatisme interg\u00e9n\u00e9rationnel r\u00e9sultant de l&#039;h\u00e9ritage des pensionnats indiens, dans lesquels les enfants ont \u00e9t\u00e9 victimes de violence physique, \u00e9motionnelle et sexuelle, ainsi que de la s\u00e9paration de leur famille.&nbsp;<\/p>\n<p class=\"\" style=\"white-space:pre-wrap;\">En tant que m\u00e8re, en tant que d\u00e9fenseure des enfants et en tant que citoyenne canadienne, je trouve profond\u00e9ment troublant qu&#039;il y ait de telles in\u00e9galit\u00e9s pour les enfants dans notre pays. C&#039;est une question morale, et elle a \u00e9galement des co\u00fbts \u00e9conomiques consid\u00e9rables. Non seulement ces enfants subissent les impacts quotidiens sur leur qualit\u00e9 de vie, mais leur capacit\u00e9 \u00e0 grandir et \u00e0 mener une vie saine et productive est \u00e9galement menac\u00e9e.<\/p>\n<p class=\"\" style=\"white-space:pre-wrap;\">C&#039;\u00e9tait \u00e0 travers le&nbsp;<a href=\"https:\/\/www.childrenfirstcanada.com\/research\" target=\"_blank\" rel=\"noopener\">\u00c9lever le Canada<\/a>&nbsp;recherche que l&#039;id\u00e9e a \u00e9merg\u00e9 qu&#039;il faut plus qu&#039;un village pour \u00e9lever un enfant; il faut une nation pour \u00e9lever une nation. Le Canada est loin d&#039;\u00eatre un pays leader mondial pour les enfants; nous sommes au 25e rang sur 41 pays de l&#039;OCDE pour le bien-\u00eatre des enfants selon l&#039;UNICEF. Si nous voulons vraiment devenir un endroit id\u00e9al pour \u00e9lever un enfant, nous devons agir individuellement et collectivement pour rendre cela possible.&nbsp;<\/p>\n<p class=\"\" style=\"white-space:pre-wrap;\">Les enfants grandissent dans des familles et des communaut\u00e9s, et ils sont le fondement m\u00eame de notre soci\u00e9t\u00e9. Une grande partie des soins et du soutien dont ils ont besoin pour survivre et s&#039;\u00e9panouir d\u00e9pend de la capacit\u00e9 de leur famille \u00e0 fournir ces ressources, et les familles ont besoin de soutien pour pouvoir s&#039;acquitter de ce devoir sacr\u00e9. Qu&#039;il s&#039;agisse de l&#039;acc\u00e8s \u00e0 un logement convenable, de la s\u00e9curit\u00e9 alimentaire, de l&#039;eau potable ou de soins de sant\u00e9 et d&#039;\u00e9ducation de bonne qualit\u00e9, les d\u00e9terminants sociaux de la sant\u00e9 qui sont n\u00e9cessaires pour que les enfants aient un bon d\u00e9part dans la vie d\u00e9pendent du soutien de nos services municipaux, provinciaux \/ territoriaux et f\u00e9d\u00e9raux. Gouvernements. Nous avons besoin de politiques publiques fond\u00e9es sur des donn\u00e9es probantes et de ressources financi\u00e8res ad\u00e9quates qui accordent vraiment la priorit\u00e9 aux enfants.&nbsp;&nbsp;<\/p>\n<p class=\"\" style=\"white-space:pre-wrap;\">Gr\u00e2ce \u00e0 mon r\u00f4le de fondateur et PDG de&nbsp;<a href=\"https:\/\/www.childrenfirstcanada.com\/\" target=\"_blank\" rel=\"noopener\">Les Enfants d'abord Canada<\/a>, Je suis fier de faire partie d&#039;un mouvement national visant \u00e0 faire du Canada le meilleur endroit au monde pour que les enfants grandissent. Aujourd&#039;hui, je suis \u00e9galement fier de me tenir aux c\u00f4t\u00e9s de mes pairs qui travaillent en premi\u00e8re ligne pour prendre soin des m\u00e8res et des enfants de l&#039;Arctique. Je suis impatient d&#039;apprendre de premi\u00e8re main les d\u00e9fis auxquels ils sont confront\u00e9s pour fournir des soins \u00e9quitables et de travailler ensemble pour d\u00e9fendre ces enfants. Ensemble, nous pouvons faire en sorte que chaque enfant ait non seulement la chance de survivre, mais aussi de s&#039;\u00e9panouir.<\/p>\n<p class=\"\" style=\"white-space:pre-wrap;\">Pour en savoir plus sur la sant\u00e9 et le bien-\u00eatre des enfants du Canada et sur la fa\u00e7on dont vous pouvez jouer un r\u00f4le dans \u00c9lever le Canada, veuillez visiter:&nbsp;<a href=\"http:\/\/www.childrenfirstcanada.com\/\" target=\"_blank\" rel=\"noopener\">www.childrenfirstcanada.com<\/a>&nbsp;<\/p>","protected":false},"excerpt":{"rendered":"<p>As a little girl, my parents taught me a simple lesson that has been an anchor for my soul and a driving force behind my efforts to be a champion for children. It goes like this: Children don\u2019t choose the circumstances they are born into, but we all have a role to play in raising [&hellip;]<\/p>\n","protected":false},"author":1,"featured_media":11578,"comment_status":"open","ping_status":"open","sticky":false,"template":"","format":"standard","meta":{"_acf_changed":false,"footnotes":""},"categories":[8],"tags":[83,76],"class_list":["post-11577","post","type-post","status-publish","format-standard","has-post-thumbnail","hentry","category-news-happenings","tag-raising-canada","tag-sara-austin"],"acf":[],"yoast_head":"<!-- This site is optimized with the Yoast SEO plugin v27.4 - https:\/\/yoast.com\/product\/yoast-seo-wordpress\/ -->\n<title>Raising all our children: reflections from the Arctic - Children First Canada<\/title>\n<meta name=\"robots\" content=\"index, follow, max-snippet:-1, max-image-preview:large, max-video-preview:-1\" \/>\n<link rel=\"canonical\" href=\"https:\/\/childrenfirstcanada.org\/fr\/news-happenings\/raising-all-our-children-reflections-from-the-arctic\/\" \/>\n<meta property=\"og:locale\" content=\"fr_CA\" \/>\n<meta property=\"og:type\" content=\"article\" \/>\n<meta property=\"og:title\" content=\"Raising all our children: reflections from the Arctic - Children First Canada\" \/>\n<meta property=\"og:description\" content=\"As a little girl, my parents taught me a simple lesson that has been an anchor for my soul and a driving force behind my efforts to be a champion for children. It goes like this: Children don\u2019t choose the circumstances they are born into, but we all have a role to play in raising [&hellip;]\" \/>\n<meta property=\"og:url\" content=\"https:\/\/childrenfirstcanada.org\/fr\/news-happenings\/raising-all-our-children-reflections-from-the-arctic\/\" \/>\n<meta property=\"og:site_name\" content=\"Children First Canada\" \/>\n<meta property=\"article:published_time\" content=\"2019-05-01T15:32:45+00:00\" \/>\n<meta property=\"article:modified_time\" content=\"2021-03-15T04:02:31+00:00\" \/>\n<meta property=\"og:image\" content=\"https:\/\/childrenfirstcanada.org\/wp-content\/uploads\/2021\/03\/0.png\" \/>\n\t<meta property=\"og:image:width\" content=\"1000\" \/>\n\t<meta property=\"og:image:height\" content=\"662\" \/>\n\t<meta property=\"og:image:type\" content=\"image\/png\" \/>\n<meta name=\"author\" content=\"wsteam\" \/>\n<meta name=\"twitter:card\" content=\"summary_large_image\" \/>\n<meta name=\"twitter:label1\" content=\"\u00c9crit par\" \/>\n\t<meta name=\"twitter:data1\" content=\"wsteam\" \/>\n\t<meta name=\"twitter:label2\" content=\"Estimation du temps de lecture\" \/>\n\t<meta name=\"twitter:data2\" content=\"5 minutes\" \/>\n<script type=\"application\/ld+json\" class=\"yoast-schema-graph\">{\"@context\":\"https:\\\/\\\/schema.org\",\"@graph\":[{\"@type\":\"Article\",\"@id\":\"https:\\\/\\\/childrenfirstcanada.org\\\/news-happenings\\\/raising-all-our-children-reflections-from-the-arctic\\\/#article\",\"isPartOf\":{\"@id\":\"https:\\\/\\\/childrenfirstcanada.org\\\/news-happenings\\\/raising-all-our-children-reflections-from-the-arctic\\\/\"},\"author\":{\"name\":\"wsteam\",\"@id\":\"https:\\\/\\\/childrenfirstcanada.org\\\/#\\\/schema\\\/person\\\/5ee51888c0ce671580455de0e48570be\"},\"headline\":\"Raising all our children: reflections from the Arctic\",\"datePublished\":\"2019-05-01T15:32:45+00:00\",\"dateModified\":\"2021-03-15T04:02:31+00:00\",\"mainEntityOfPage\":{\"@id\":\"https:\\\/\\\/childrenfirstcanada.org\\\/news-happenings\\\/raising-all-our-children-reflections-from-the-arctic\\\/\"},\"wordCount\":978,\"commentCount\":0,\"publisher\":{\"@id\":\"https:\\\/\\\/childrenfirstcanada.org\\\/#organization\"},\"image\":{\"@id\":\"https:\\\/\\\/childrenfirstcanada.org\\\/news-happenings\\\/raising-all-our-children-reflections-from-the-arctic\\\/#primaryimage\"},\"thumbnailUrl\":\"https:\\\/\\\/childrenfirstcanada.org\\\/wp-content\\\/uploads\\\/2021\\\/03\\\/0.png\",\"keywords\":[\"Raising Canada\",\"Sara Austin\"],\"articleSection\":[\"News &amp; Happenings\"],\"inLanguage\":\"fr-CA\",\"potentialAction\":[{\"@type\":\"CommentAction\",\"name\":\"Comment\",\"target\":[\"https:\\\/\\\/childrenfirstcanada.org\\\/news-happenings\\\/raising-all-our-children-reflections-from-the-arctic\\\/#respond\"]}]},{\"@type\":\"WebPage\",\"@id\":\"https:\\\/\\\/childrenfirstcanada.org\\\/news-happenings\\\/raising-all-our-children-reflections-from-the-arctic\\\/\",\"url\":\"https:\\\/\\\/childrenfirstcanada.org\\\/news-happenings\\\/raising-all-our-children-reflections-from-the-arctic\\\/\",\"name\":\"Raising all our children: reflections from the Arctic - Children First Canada\",\"isPartOf\":{\"@id\":\"https:\\\/\\\/childrenfirstcanada.org\\\/#website\"},\"primaryImageOfPage\":{\"@id\":\"https:\\\/\\\/childrenfirstcanada.org\\\/news-happenings\\\/raising-all-our-children-reflections-from-the-arctic\\\/#primaryimage\"},\"image\":{\"@id\":\"https:\\\/\\\/childrenfirstcanada.org\\\/news-happenings\\\/raising-all-our-children-reflections-from-the-arctic\\\/#primaryimage\"},\"thumbnailUrl\":\"https:\\\/\\\/childrenfirstcanada.org\\\/wp-content\\\/uploads\\\/2021\\\/03\\\/0.png\",\"datePublished\":\"2019-05-01T15:32:45+00:00\",\"dateModified\":\"2021-03-15T04:02:31+00:00\",\"breadcrumb\":{\"@id\":\"https:\\\/\\\/childrenfirstcanada.org\\\/news-happenings\\\/raising-all-our-children-reflections-from-the-arctic\\\/#breadcrumb\"},\"inLanguage\":\"fr-CA\",\"potentialAction\":[{\"@type\":\"ReadAction\",\"target\":[\"https:\\\/\\\/childrenfirstcanada.org\\\/news-happenings\\\/raising-all-our-children-reflections-from-the-arctic\\\/\"]}]},{\"@type\":\"ImageObject\",\"inLanguage\":\"fr-CA\",\"@id\":\"https:\\\/\\\/childrenfirstcanada.org\\\/news-happenings\\\/raising-all-our-children-reflections-from-the-arctic\\\/#primaryimage\",\"url\":\"https:\\\/\\\/childrenfirstcanada.org\\\/wp-content\\\/uploads\\\/2021\\\/03\\\/0.png\",\"contentUrl\":\"https:\\\/\\\/childrenfirstcanada.org\\\/wp-content\\\/uploads\\\/2021\\\/03\\\/0.png\",\"width\":1000,\"height\":662},{\"@type\":\"BreadcrumbList\",\"@id\":\"https:\\\/\\\/childrenfirstcanada.org\\\/news-happenings\\\/raising-all-our-children-reflections-from-the-arctic\\\/#breadcrumb\",\"itemListElement\":[{\"@type\":\"ListItem\",\"position\":1,\"name\":\"Home\",\"item\":\"https:\\\/\\\/childrenfirstcanada.org\\\/\"},{\"@type\":\"ListItem\",\"position\":2,\"name\":\"Raising all our children: reflections from the Arctic\"}]},{\"@type\":\"WebSite\",\"@id\":\"https:\\\/\\\/childrenfirstcanada.org\\\/#website\",\"url\":\"https:\\\/\\\/childrenfirstcanada.org\\\/\",\"name\":\"Children First Canada\",\"description\":\"CFC\",\"publisher\":{\"@id\":\"https:\\\/\\\/childrenfirstcanada.org\\\/#organization\"},\"potentialAction\":[{\"@type\":\"SearchAction\",\"target\":{\"@type\":\"EntryPoint\",\"urlTemplate\":\"https:\\\/\\\/childrenfirstcanada.org\\\/?s={search_term_string}\"},\"query-input\":{\"@type\":\"PropertyValueSpecification\",\"valueRequired\":true,\"valueName\":\"search_term_string\"}}],\"inLanguage\":\"fr-CA\"},{\"@type\":\"Organization\",\"@id\":\"https:\\\/\\\/childrenfirstcanada.org\\\/#organization\",\"name\":\"Children First Canada\",\"url\":\"https:\\\/\\\/childrenfirstcanada.org\\\/\",\"logo\":{\"@type\":\"ImageObject\",\"inLanguage\":\"fr-CA\",\"@id\":\"https:\\\/\\\/childrenfirstcanada.org\\\/#\\\/schema\\\/logo\\\/image\\\/\",\"url\":\"https:\\\/\\\/childrenfirstcanada.org\\\/wp-content\\\/uploads\\\/2021\\\/01\\\/CFC_Logo_white.png\",\"contentUrl\":\"https:\\\/\\\/childrenfirstcanada.org\\\/wp-content\\\/uploads\\\/2021\\\/01\\\/CFC_Logo_white.png\",\"width\":1435,\"height\":514,\"caption\":\"Children First Canada\"},\"image\":{\"@id\":\"https:\\\/\\\/childrenfirstcanada.org\\\/#\\\/schema\\\/logo\\\/image\\\/\"}},{\"@type\":\"Person\",\"@id\":\"https:\\\/\\\/childrenfirstcanada.org\\\/#\\\/schema\\\/person\\\/5ee51888c0ce671580455de0e48570be\",\"name\":\"wsteam\",\"image\":{\"@type\":\"ImageObject\",\"inLanguage\":\"fr-CA\",\"@id\":\"https:\\\/\\\/secure.gravatar.com\\\/avatar\\\/f480f3cf388144ec6432bfd6fe1f4beec77943abddae03e9c13c14b8aac26159?s=96&d=mm&r=g\",\"url\":\"https:\\\/\\\/secure.gravatar.com\\\/avatar\\\/f480f3cf388144ec6432bfd6fe1f4beec77943abddae03e9c13c14b8aac26159?s=96&d=mm&r=g\",\"contentUrl\":\"https:\\\/\\\/secure.gravatar.com\\\/avatar\\\/f480f3cf388144ec6432bfd6fe1f4beec77943abddae03e9c13c14b8aac26159?s=96&d=mm&r=g\",\"caption\":\"wsteam\"},\"sameAs\":[\"http:\\\/\\\/nostalgic-camera.flywheelsites.com\"],\"url\":\"https:\\\/\\\/childrenfirstcanada.org\\\/fr\\\/author\\\/wsteam\\\/\"}]}<\/script>\n<!-- \/ Yoast SEO plugin. -->","yoast_head_json":{"title":"\u00c9lever tous nos enfants: r\u00e9flexions de l&#039;Arctique - Children First Canada","robots":{"index":"index","follow":"follow","max-snippet":"max-snippet:-1","max-image-preview":"max-image-preview:large","max-video-preview":"max-video-preview:-1"},"canonical":"https:\/\/childrenfirstcanada.org\/fr\/news-happenings\/raising-all-our-children-reflections-from-the-arctic\/","og_locale":"fr_CA","og_type":"article","og_title":"Raising all our children: reflections from the Arctic - Children First Canada","og_description":"As a little girl, my parents taught me a simple lesson that has been an anchor for my soul and a driving force behind my efforts to be a champion for children. It goes like this: Children don\u2019t choose the circumstances they are born into, but we all have a role to play in raising [&hellip;]","og_url":"https:\/\/childrenfirstcanada.org\/fr\/news-happenings\/raising-all-our-children-reflections-from-the-arctic\/","og_site_name":"Children First Canada","article_published_time":"2019-05-01T15:32:45+00:00","article_modified_time":"2021-03-15T04:02:31+00:00","og_image":[{"width":1000,"height":662,"url":"https:\/\/childrenfirstcanada.org\/wp-content\/uploads\/2021\/03\/0.png","type":"image\/png"}],"author":"wsteam","twitter_card":"summary_large_image","twitter_misc":{"\u00c9crit par":"wsteam","Estimation du temps de lecture":"5 minutes"},"schema":{"@context":"https:\/\/schema.org","@graph":[{"@type":"Article","@id":"https:\/\/childrenfirstcanada.org\/news-happenings\/raising-all-our-children-reflections-from-the-arctic\/#article","isPartOf":{"@id":"https:\/\/childrenfirstcanada.org\/news-happenings\/raising-all-our-children-reflections-from-the-arctic\/"},"author":{"name":"wsteam","@id":"https:\/\/childrenfirstcanada.org\/#\/schema\/person\/5ee51888c0ce671580455de0e48570be"},"headline":"Raising all our children: reflections from the Arctic","datePublished":"2019-05-01T15:32:45+00:00","dateModified":"2021-03-15T04:02:31+00:00","mainEntityOfPage":{"@id":"https:\/\/childrenfirstcanada.org\/news-happenings\/raising-all-our-children-reflections-from-the-arctic\/"},"wordCount":978,"commentCount":0,"publisher":{"@id":"https:\/\/childrenfirstcanada.org\/#organization"},"image":{"@id":"https:\/\/childrenfirstcanada.org\/news-happenings\/raising-all-our-children-reflections-from-the-arctic\/#primaryimage"},"thumbnailUrl":"https:\/\/childrenfirstcanada.org\/wp-content\/uploads\/2021\/03\/0.png","keywords":["Raising Canada","Sara Austin"],"articleSection":["News &amp; Happenings"],"inLanguage":"fr-CA","potentialAction":[{"@type":"CommentAction","name":"Comment","target":["https:\/\/childrenfirstcanada.org\/news-happenings\/raising-all-our-children-reflections-from-the-arctic\/#respond"]}]},{"@type":"WebPage","@id":"https:\/\/childrenfirstcanada.org\/news-happenings\/raising-all-our-children-reflections-from-the-arctic\/","url":"https:\/\/childrenfirstcanada.org\/news-happenings\/raising-all-our-children-reflections-from-the-arctic\/","name":"\u00c9lever tous nos enfants: r\u00e9flexions de l&#039;Arctique - Children First Canada","isPartOf":{"@id":"https:\/\/childrenfirstcanada.org\/#website"},"primaryImageOfPage":{"@id":"https:\/\/childrenfirstcanada.org\/news-happenings\/raising-all-our-children-reflections-from-the-arctic\/#primaryimage"},"image":{"@id":"https:\/\/childrenfirstcanada.org\/news-happenings\/raising-all-our-children-reflections-from-the-arctic\/#primaryimage"},"thumbnailUrl":"https:\/\/childrenfirstcanada.org\/wp-content\/uploads\/2021\/03\/0.png","datePublished":"2019-05-01T15:32:45+00:00","dateModified":"2021-03-15T04:02:31+00:00","breadcrumb":{"@id":"https:\/\/childrenfirstcanada.org\/news-happenings\/raising-all-our-children-reflections-from-the-arctic\/#breadcrumb"},"inLanguage":"fr-CA","potentialAction":[{"@type":"ReadAction","target":["https:\/\/childrenfirstcanada.org\/news-happenings\/raising-all-our-children-reflections-from-the-arctic\/"]}]},{"@type":"ImageObject","inLanguage":"fr-CA","@id":"https:\/\/childrenfirstcanada.org\/news-happenings\/raising-all-our-children-reflections-from-the-arctic\/#primaryimage","url":"https:\/\/childrenfirstcanada.org\/wp-content\/uploads\/2021\/03\/0.png","contentUrl":"https:\/\/childrenfirstcanada.org\/wp-content\/uploads\/2021\/03\/0.png","width":1000,"height":662},{"@type":"BreadcrumbList","@id":"https:\/\/childrenfirstcanada.org\/news-happenings\/raising-all-our-children-reflections-from-the-arctic\/#breadcrumb","itemListElement":[{"@type":"ListItem","position":1,"name":"Home","item":"https:\/\/childrenfirstcanada.org\/"},{"@type":"ListItem","position":2,"name":"Raising all our children: reflections from the Arctic"}]},{"@type":"WebSite","@id":"https:\/\/childrenfirstcanada.org\/#website","url":"https:\/\/childrenfirstcanada.org\/","name":"Les Enfants d'abord Canada","description":"CFC","publisher":{"@id":"https:\/\/childrenfirstcanada.org\/#organization"},"potentialAction":[{"@type":"SearchAction","target":{"@type":"EntryPoint","urlTemplate":"https:\/\/childrenfirstcanada.org\/?s={search_term_string}"},"query-input":{"@type":"PropertyValueSpecification","valueRequired":true,"valueName":"search_term_string"}}],"inLanguage":"fr-CA"},{"@type":"Organization","@id":"https:\/\/childrenfirstcanada.org\/#organization","name":"Les Enfants d'abord Canada","url":"https:\/\/childrenfirstcanada.org\/","logo":{"@type":"ImageObject","inLanguage":"fr-CA","@id":"https:\/\/childrenfirstcanada.org\/#\/schema\/logo\/image\/","url":"https:\/\/childrenfirstcanada.org\/wp-content\/uploads\/2021\/01\/CFC_Logo_white.png","contentUrl":"https:\/\/childrenfirstcanada.org\/wp-content\/uploads\/2021\/01\/CFC_Logo_white.png","width":1435,"height":514,"caption":"Children First Canada"},"image":{"@id":"https:\/\/childrenfirstcanada.org\/#\/schema\/logo\/image\/"}},{"@type":"Person","@id":"https:\/\/childrenfirstcanada.org\/#\/schema\/person\/5ee51888c0ce671580455de0e48570be","name":"wsteam","image":{"@type":"ImageObject","inLanguage":"fr-CA","@id":"https:\/\/secure.gravatar.com\/avatar\/f480f3cf388144ec6432bfd6fe1f4beec77943abddae03e9c13c14b8aac26159?s=96&d=mm&r=g","url":"https:\/\/secure.gravatar.com\/avatar\/f480f3cf388144ec6432bfd6fe1f4beec77943abddae03e9c13c14b8aac26159?s=96&d=mm&r=g","contentUrl":"https:\/\/secure.gravatar.com\/avatar\/f480f3cf388144ec6432bfd6fe1f4beec77943abddae03e9c13c14b8aac26159?s=96&d=mm&r=g","caption":"wsteam"},"sameAs":["http:\/\/nostalgic-camera.flywheelsites.com"],"url":"https:\/\/childrenfirstcanada.org\/fr\/author\/wsteam\/"}]}},"_links":{"self":[{"href":"https:\/\/childrenfirstcanada.org\/fr\/wp-json\/wp\/v2\/posts\/11577","targetHints":{"allow":["GET"]}}],"collection":[{"href":"https:\/\/childrenfirstcanada.org\/fr\/wp-json\/wp\/v2\/posts"}],"about":[{"href":"https:\/\/childrenfirstcanada.org\/fr\/wp-json\/wp\/v2\/types\/post"}],"author":[{"embeddable":true,"href":"https:\/\/childrenfirstcanada.org\/fr\/wp-json\/wp\/v2\/users\/1"}],"replies":[{"embeddable":true,"href":"https:\/\/childrenfirstcanada.org\/fr\/wp-json\/wp\/v2\/comments?post=11577"}],"version-history":[{"count":0,"href":"https:\/\/childrenfirstcanada.org\/fr\/wp-json\/wp\/v2\/posts\/11577\/revisions"}],"wp:featuredmedia":[{"embeddable":true,"href":"https:\/\/childrenfirstcanada.org\/fr\/wp-json\/wp\/v2\/media\/11578"}],"wp:attachment":[{"href":"https:\/\/childrenfirstcanada.org\/fr\/wp-json\/wp\/v2\/media?parent=11577"}],"wp:term":[{"taxonomy":"category","embeddable":true,"href":"https:\/\/childrenfirstcanada.org\/fr\/wp-json\/wp\/v2\/categories?post=11577"},{"taxonomy":"post_tag","embeddable":true,"href":"https:\/\/childrenfirstcanada.org\/fr\/wp-json\/wp\/v2\/tags?post=11577"}],"curies":[{"name":"wp","href":"https:\/\/api.w.org\/{rel}","templated":true}]}}