{"id":11579,"date":"2019-04-15T13:03:22","date_gmt":"2019-04-15T13:03:22","guid":{"rendered":"http:\/\/nostalgic-camera.flywheelsites.com\/a-promising-start-were-in-the-hill-times\/"},"modified":"2021-03-04T01:30:23","modified_gmt":"2021-03-04T01:30:23","slug":"a-promising-start-were-in-the-hill-times","status":"publish","type":"post","link":"https:\/\/childrenfirstcanada.org\/fr\/news-happenings\/a-promising-start-were-in-the-hill-times\/","title":{"rendered":"Un d\u00e9but prometteur: nous sommes dans le Hill Times!"},"content":{"rendered":"<div\n        class=\"image-block-outer-wrapper          layout-caption-below          design-layout-inline          combination-animation-none          individual-animation-none          individual-text-animation-none\"\n        data-test=\"image-block-inline-outer-wrapper\"\n    ><\/p>\n<figure\n            class=\"sqs-block-image-figure              intrinsic\"\n            style=\"max-width:383px;\"\n        ><\/p>\n<div\n              \n                style=\"padding-bottom:27.676239013671875%;\"\n              \n              class=\"image-block-wrapper                                                  has-aspect-ratio\"\n              data-animation-role=\"image\"\n              \n  \n\n          ><br \/>\n            <noscript><img decoding=\"async\" src=\"https:\/\/childrenfirstcanada.org\/wp-content\/uploads\/2021\/03\/Picture1.png\" alt=\"Picture1.png\" \/><\/noscript><img class=\"thumb-image\" data-src=\"https:\/\/childrenfirstcanada.org\/wp-content\/uploads\/2021\/03\/Picture1.png\" data-image=\"https:\/\/childrenfirstcanada.org\/wp-content\/uploads\/2021\/03\/Picture1.png\" data-image-dimensions=\"383x106\" data-image-focal-point=\"0.5,0.5\" alt=\"Picture1.png\" data-load=\"false\" data-image-id=\"5cb494a7f9619a763291baa8\" data-type=\"image\" \/>\n          <\/div>\n<\/figure><\/div>\n<div\n        class=\"image-block-outer-wrapper          layout-caption-below          design-layout-inline          combination-animation-none          individual-animation-none          individual-text-animation-none\"\n        data-test=\"image-block-inline-outer-wrapper\"\n    ><\/p>\n<figure\n            class=\"sqs-block-image-figure              intrinsic\"\n            style=\"max-width:410px;\"\n        ><\/p>\n<div\n              \n                style=\"padding-bottom:18.292682647705078%;\"\n              \n              class=\"image-block-wrapper                                                  has-aspect-ratio\"\n              data-animation-role=\"image\"\n              \n  \n\n          ><br \/>\n            <noscript><img decoding=\"async\" src=\"https:\/\/childrenfirstcanada.org\/wp-content\/uploads\/2021\/03\/Picture2.png\" alt=\"Picture2.png\" \/><\/noscript><img class=\"thumb-image\" data-src=\"https:\/\/childrenfirstcanada.org\/wp-content\/uploads\/2021\/03\/Picture2.png\" data-image=\"https:\/\/childrenfirstcanada.org\/wp-content\/uploads\/2021\/03\/Picture2.png\" data-image-dimensions=\"410x75\" data-image-focal-point=\"0.5,0.5\" alt=\"Picture2.png\" data-load=\"false\" data-image-id=\"5cb494b815fcc0f59209e68c\" data-type=\"image\" \/>\n          <\/div>\n<\/figure><\/div>\n<p class=\"\" style=\"white-space:pre-wrap;\"><strong>Un d\u00e9part prometteur: am\u00e9liorer la sant\u00e9 et le bien-\u00eatre des enfants et des jeunes du Canada<\/strong><\/p>\n<p class=\"\" style=\"white-space:pre-wrap;\"><strong><em>Publi\u00e9e le 15 avril 2019 dans The Hill Times <\/em><\/strong><\/p>\n<p class=\"\" style=\"white-space:pre-wrap;\">Le C-441 marque un d\u00e9but prometteur dans l&#039;effort visant \u00e0 faire du Canada un pays de premier plan pour les enfants. Un projet de loi d&#039;initiative parlementaire d\u00e9pos\u00e9 le 9 avril par Anne Minh-Thu Quach, d\u00e9put\u00e9e n\u00e9o-d\u00e9mocrate de Salaberry-Suroit, vise \u00e0 faire passer l&#039;aiguille pour les enfants du Canada en cr\u00e9ant un commissaire f\u00e9d\u00e9ral \u00e0 l&#039;enfance et \u00e0 la jeunesse. Les membres de Sant\u00e9 pour enfants Canada et de nombreux champions d&#039;Enfants d&#039;abord Canada appuient cette initiative. Ce projet de loi r\u00e9pond aux nombreuses recommandations du Comit\u00e9 des droits de l&#039;enfant des Nations Unies demandant au gouvernement canadien de cr\u00e9er un commissaire ind\u00e9pendant aux enfants.<\/p>\n<p class=\"\" style=\"white-space:pre-wrap;\">Les commissaires \u00e0 l&#039;enfance sont une approche non partisane et fond\u00e9e sur des preuves pour am\u00e9liorer le bien-\u00eatre des enfants, y compris la sant\u00e9 et la s\u00e9curit\u00e9 des enfants, et r\u00e9duire la pauvret\u00e9 des enfants. Des commissaires \u00e0 l&#039;enfance ont \u00e9t\u00e9 cr\u00e9\u00e9s dans plus de 60 pays, dont la Su\u00e8de, le Royaume-Uni et la Nouvelle-Z\u00e9lande. C&#039;est une strat\u00e9gie \u00e9prouv\u00e9e pour am\u00e9liorer les r\u00e9sultats pour les enfants; au Royaume-Uni, le Commissaire aux enfants a contribu\u00e9 \u00e0 am\u00e9liorer de 5 points leur classement international pour le bien-\u00eatre des enfants. C&#039;est <span style=\"text-decoration:underline\">mesurable<\/span> changer pour les enfants. <\/p>\n<p class=\"\" style=\"white-space:pre-wrap;\">Les enfants ont des droits uniques. La cr\u00e9ation d&#039;un commissaire ind\u00e9pendant contribuerait grandement \u00e0 garantir que leurs meilleurs int\u00e9r\u00eats sont prot\u00e9g\u00e9s et qu&#039;ils re\u00e7oivent le soutien n\u00e9cessaire pour survivre et prosp\u00e9rer. <\/p>\n<p class=\"\" style=\"white-space:pre-wrap;\">En cr\u00e9ant le Commissariat f\u00e9d\u00e9ral \u00e0 l&#039;enfance et \u00e0 la jeunesse, Enfants d&#039;abord Canada et Soins de sant\u00e9 pour enfants Canada reconnaissent qu&#039;il est essentiel de travailler de nation \u00e0 nation, en respectant et en incluant les droits \u00e0 l&#039;autonomie gouvernementale des peuples des Premi\u00e8res Nations, des Inuits et des M\u00e9tis.<\/p>\n<p class=\"\" style=\"white-space:pre-wrap;\">Bien que de nombreux Canadiens croient que le Canada est l&#039;un des meilleurs endroits pour \u00e9lever un enfant, les preuves brossent un tableau bien diff\u00e9rent. Le Canada est loin derri\u00e8re la plupart des pays riches en ce qui concerne le bien-\u00eatre des enfants, <strong>se classant seulement 25e sur 41 pays riches<\/strong>&nbsp;selon <a href=\"http:\/\/www.unicef.ca\/en\/unicef-report-card-14-child-well-being-sustainable-world\">UNICEF<\/a>.&nbsp; <\/p>\n<p class=\"\" style=\"white-space:pre-wrap;\">le <a href=\"https:\/\/www150.statcan.gc.ca\/n1\/daily-quotidien\/190226\/dq190226b-eng.htm?HPA=1\"><span style=\"text-decoration:underline\">Enqu\u00eate canadienne sur le revenu<\/span><\/a> confirme que 12.1% (LIMAT) de nos jeunes vivent dans la pauvret\u00e9. Selon le <a href=\"http:\/\/static1.squarespace.com\/static\/5669d2da9cadb69fb2f8d32e\/56e1a8eb59827e7ce17aa2bf\/5b8e12e121c67c87038b4cbf\/1536037605886\/Raising+Canada+Report.pdf\"><span style=\"text-decoration:underline\">\u00c9lever le Canada<\/span><\/a> rapport, 1 enfant canadien sur 5 souffre de maladie mentale, y compris son intention de se suicider. 1 enfant sur 3 a \u00e9t\u00e9 victime d&#039;une forme de maltraitance et encore plus stup\u00e9fiant, un enfant meurt toutes les neuf heures des suites d&#039;une blessure \u00e9vitable. <\/p>\n<p class=\"\" style=\"white-space:pre-wrap;\">Avec pour mandat de promouvoir, enqu\u00eater, conseiller sur les lois et les politiques ayant une incidence sur les enfants et les jeunes, et d\u00e9fendre les droits des enfants et des jeunes dans les juridictions et minist\u00e8res f\u00e9d\u00e9raux, un commissaire f\u00e9d\u00e9ral aurait le pouvoir et l&#039;autonomie d&#039;influencer des changements importants et positifs en ce qui r\u00e9sultats sur la sant\u00e9 des enfants au Canada.<\/p>\n<p class=\"\" style=\"white-space:pre-wrap;\">Bien que de nombreuses provinces et territoires aient mis sur pied des bureaux ind\u00e9pendants pour les d\u00e9fenseurs des enfants et des jeunes, ils varient consid\u00e9rablement en ce qui concerne leurs mandats et les services offerts, et la plupart se concentrent principalement sur les questions de protection de l&#039;enfance. &nbsp;&nbsp;<\/p>\n<p class=\"\" style=\"white-space:pre-wrap;\">Le moment est venu de faire passer les int\u00e9r\u00eats des enfants au premier plan et de prendre les mesures n\u00e9cessaires pour faire progresser la r\u00e9putation internationale du Canada en mati\u00e8re de sant\u00e9 et de bien-\u00eatre des enfants.<\/p>\n<p class=\"\" style=\"white-space:pre-wrap;\"><strong>R\u00e9dig\u00e9 par: <br \/><\/strong><br \/>Sara L. Austin, fondatrice et pr\u00e9sidente de Children First Canada<\/p>\n<p class=\"\" style=\"white-space:pre-wrap;\">Emily Gruenwoldt, pr\u00e9sidente et chef de la direction de Children&#039;s Healthcare Canada <\/p>\n<p class=\"\" data-rte-preserve-empty=\"true\" style=\"white-space:pre-wrap;\">\n<p class=\"\" style=\"white-space:pre-wrap;\"><strong>\u00c0 propos d&#039;Enfants d&#039;abord Canada: <\/strong><\/p>\n<p class=\"\" style=\"white-space:pre-wrap;\">Enfants d&#039;abord Canada a une vision audacieuse et ambitieuse qui, ensemble, nous pouvons faire du Canada le meilleur endroit au monde pour que les enfants grandissent. Nous travaillons \u00e0 am\u00e9liorer le bien-\u00eatre des enfants en sensibilisant davantage les Canadiens aux besoins urgents des enfants de notre pays et en mobilisant le gouvernement, les l\u00e9gislateurs et les influenceurs pour changer le statu quo.<\/p>\n<p class=\"\" style=\"white-space:pre-wrap;\"><strong>\u00c0 propos de Sant\u00e9 pour enfants Canada:<\/strong><\/p>\n<p class=\"\" style=\"white-space:pre-wrap;\">Pour les chefs de file canadiens des soins de sant\u00e9 infantiles, nous sommes la seule association nationale qui permet des am\u00e9liorations locales et contribue au changement \u00e0 l&#039;\u00e9chelle du syst\u00e8me en b\u00e2tissant des communaut\u00e9s dans tout le continuum de soins.<strong>&nbsp;<\/strong>Nos membres offrent des services de sant\u00e9 aux enfants et aux jeunes, et comprennent les autorit\u00e9s sanitaires r\u00e9gionales, les h\u00f4pitaux tertiaires \/ quaternaires et de r\u00e9adaptation pour enfants, les h\u00f4pitaux communautaires, les centres de traitement pour enfants et les fournisseurs de soins \u00e0 domicile \/ de r\u00e9pit.<\/p>\n<p class=\"\" style=\"white-space:pre-wrap;\"><\/p>","protected":false},"excerpt":{"rendered":"<p>A Promising Start: Improving the Health and Wellbeing of Canadian Children and Youth Published April 15, 2019 in The Hill Times C-441 marks a promising start in the effort to make Canada a world-leading country for kids. A private member\u2019s bill tabled on April 9 by Anne Minh-Thu Quach, NDP MP for Salaberry-Suroit, aims to [&hellip;]<\/p>\n","protected":false},"author":1,"featured_media":11580,"comment_status":"open","ping_status":"open","sticky":false,"template":"","format":"standard","meta":{"_acf_changed":false,"footnotes":""},"categories":[8],"tags":[],"class_list":["post-11579","post","type-post","status-publish","format-standard","has-post-thumbnail","hentry","category-news-happenings"],"acf":[],"yoast_head":"<!-- This site is optimized with the Yoast SEO plugin v27.4 - https:\/\/yoast.com\/product\/yoast-seo-wordpress\/ -->\n<title>A Promising Start: We&#039;re in the Hill Times! - Children First Canada<\/title>\n<meta name=\"robots\" content=\"index, follow, max-snippet:-1, max-image-preview:large, max-video-preview:-1\" \/>\n<link rel=\"canonical\" href=\"https:\/\/childrenfirstcanada.org\/fr\/news-happenings\/a-promising-start-were-in-the-hill-times\/\" \/>\n<meta property=\"og:locale\" content=\"fr_CA\" \/>\n<meta property=\"og:type\" content=\"article\" \/>\n<meta property=\"og:title\" content=\"A Promising Start: We&#039;re in the Hill Times! - Children First Canada\" \/>\n<meta property=\"og:description\" content=\"A Promising Start: Improving the Health and Wellbeing of Canadian Children and Youth Published April 15, 2019 in The Hill Times C-441 marks a promising start in the effort to make Canada a world-leading country for kids. A private member\u2019s bill tabled on April 9 by Anne Minh-Thu Quach, NDP MP for Salaberry-Suroit, aims to [&hellip;]\" \/>\n<meta property=\"og:url\" content=\"https:\/\/childrenfirstcanada.org\/fr\/news-happenings\/a-promising-start-were-in-the-hill-times\/\" \/>\n<meta property=\"og:site_name\" content=\"Children First Canada\" \/>\n<meta property=\"article:published_time\" content=\"2019-04-15T13:03:22+00:00\" \/>\n<meta property=\"article:modified_time\" content=\"2021-03-04T01:30:23+00:00\" \/>\n<meta property=\"og:image\" content=\"https:\/\/childrenfirstcanada.org\/wp-content\/uploads\/2021\/03\/Picture1.png\" \/>\n\t<meta property=\"og:image:width\" content=\"383\" \/>\n\t<meta property=\"og:image:height\" content=\"106\" \/>\n\t<meta property=\"og:image:type\" content=\"image\/png\" \/>\n<meta name=\"author\" content=\"wsteam\" \/>\n<meta name=\"twitter:card\" content=\"summary_large_image\" \/>\n<meta name=\"twitter:label1\" content=\"\u00c9crit par\" \/>\n\t<meta name=\"twitter:data1\" content=\"wsteam\" \/>\n\t<meta name=\"twitter:label2\" content=\"Estimation du temps de lecture\" \/>\n\t<meta name=\"twitter:data2\" content=\"3 minutes\" \/>\n<script type=\"application\/ld+json\" class=\"yoast-schema-graph\">{\"@context\":\"https:\\\/\\\/schema.org\",\"@graph\":[{\"@type\":\"Article\",\"@id\":\"https:\\\/\\\/childrenfirstcanada.org\\\/news-happenings\\\/a-promising-start-were-in-the-hill-times\\\/#article\",\"isPartOf\":{\"@id\":\"https:\\\/\\\/childrenfirstcanada.org\\\/news-happenings\\\/a-promising-start-were-in-the-hill-times\\\/\"},\"author\":{\"name\":\"wsteam\",\"@id\":\"https:\\\/\\\/childrenfirstcanada.org\\\/#\\\/schema\\\/person\\\/5ee51888c0ce671580455de0e48570be\"},\"headline\":\"A Promising Start: We&#8217;re in the Hill Times!\",\"datePublished\":\"2019-04-15T13:03:22+00:00\",\"dateModified\":\"2021-03-04T01:30:23+00:00\",\"mainEntityOfPage\":{\"@id\":\"https:\\\/\\\/childrenfirstcanada.org\\\/news-happenings\\\/a-promising-start-were-in-the-hill-times\\\/\"},\"wordCount\":650,\"commentCount\":0,\"publisher\":{\"@id\":\"https:\\\/\\\/childrenfirstcanada.org\\\/#organization\"},\"image\":{\"@id\":\"https:\\\/\\\/childrenfirstcanada.org\\\/news-happenings\\\/a-promising-start-were-in-the-hill-times\\\/#primaryimage\"},\"thumbnailUrl\":\"https:\\\/\\\/childrenfirstcanada.org\\\/wp-content\\\/uploads\\\/2021\\\/03\\\/Picture1.png\",\"articleSection\":[\"News &amp; Happenings\"],\"inLanguage\":\"fr-CA\",\"potentialAction\":[{\"@type\":\"CommentAction\",\"name\":\"Comment\",\"target\":[\"https:\\\/\\\/childrenfirstcanada.org\\\/news-happenings\\\/a-promising-start-were-in-the-hill-times\\\/#respond\"]}]},{\"@type\":\"WebPage\",\"@id\":\"https:\\\/\\\/childrenfirstcanada.org\\\/news-happenings\\\/a-promising-start-were-in-the-hill-times\\\/\",\"url\":\"https:\\\/\\\/childrenfirstcanada.org\\\/news-happenings\\\/a-promising-start-were-in-the-hill-times\\\/\",\"name\":\"A Promising Start: We're in the Hill Times! - Children First Canada\",\"isPartOf\":{\"@id\":\"https:\\\/\\\/childrenfirstcanada.org\\\/#website\"},\"primaryImageOfPage\":{\"@id\":\"https:\\\/\\\/childrenfirstcanada.org\\\/news-happenings\\\/a-promising-start-were-in-the-hill-times\\\/#primaryimage\"},\"image\":{\"@id\":\"https:\\\/\\\/childrenfirstcanada.org\\\/news-happenings\\\/a-promising-start-were-in-the-hill-times\\\/#primaryimage\"},\"thumbnailUrl\":\"https:\\\/\\\/childrenfirstcanada.org\\\/wp-content\\\/uploads\\\/2021\\\/03\\\/Picture1.png\",\"datePublished\":\"2019-04-15T13:03:22+00:00\",\"dateModified\":\"2021-03-04T01:30:23+00:00\",\"breadcrumb\":{\"@id\":\"https:\\\/\\\/childrenfirstcanada.org\\\/news-happenings\\\/a-promising-start-were-in-the-hill-times\\\/#breadcrumb\"},\"inLanguage\":\"fr-CA\",\"potentialAction\":[{\"@type\":\"ReadAction\",\"target\":[\"https:\\\/\\\/childrenfirstcanada.org\\\/news-happenings\\\/a-promising-start-were-in-the-hill-times\\\/\"]}]},{\"@type\":\"ImageObject\",\"inLanguage\":\"fr-CA\",\"@id\":\"https:\\\/\\\/childrenfirstcanada.org\\\/news-happenings\\\/a-promising-start-were-in-the-hill-times\\\/#primaryimage\",\"url\":\"https:\\\/\\\/childrenfirstcanada.org\\\/wp-content\\\/uploads\\\/2021\\\/03\\\/Picture1.png\",\"contentUrl\":\"https:\\\/\\\/childrenfirstcanada.org\\\/wp-content\\\/uploads\\\/2021\\\/03\\\/Picture1.png\",\"width\":383,\"height\":106},{\"@type\":\"BreadcrumbList\",\"@id\":\"https:\\\/\\\/childrenfirstcanada.org\\\/news-happenings\\\/a-promising-start-were-in-the-hill-times\\\/#breadcrumb\",\"itemListElement\":[{\"@type\":\"ListItem\",\"position\":1,\"name\":\"Home\",\"item\":\"https:\\\/\\\/childrenfirstcanada.org\\\/\"},{\"@type\":\"ListItem\",\"position\":2,\"name\":\"A Promising Start: We&#8217;re in the Hill Times!\"}]},{\"@type\":\"WebSite\",\"@id\":\"https:\\\/\\\/childrenfirstcanada.org\\\/#website\",\"url\":\"https:\\\/\\\/childrenfirstcanada.org\\\/\",\"name\":\"Children First Canada\",\"description\":\"CFC\",\"publisher\":{\"@id\":\"https:\\\/\\\/childrenfirstcanada.org\\\/#organization\"},\"potentialAction\":[{\"@type\":\"SearchAction\",\"target\":{\"@type\":\"EntryPoint\",\"urlTemplate\":\"https:\\\/\\\/childrenfirstcanada.org\\\/?s={search_term_string}\"},\"query-input\":{\"@type\":\"PropertyValueSpecification\",\"valueRequired\":true,\"valueName\":\"search_term_string\"}}],\"inLanguage\":\"fr-CA\"},{\"@type\":\"Organization\",\"@id\":\"https:\\\/\\\/childrenfirstcanada.org\\\/#organization\",\"name\":\"Children First Canada\",\"url\":\"https:\\\/\\\/childrenfirstcanada.org\\\/\",\"logo\":{\"@type\":\"ImageObject\",\"inLanguage\":\"fr-CA\",\"@id\":\"https:\\\/\\\/childrenfirstcanada.org\\\/#\\\/schema\\\/logo\\\/image\\\/\",\"url\":\"https:\\\/\\\/childrenfirstcanada.org\\\/wp-content\\\/uploads\\\/2021\\\/01\\\/CFC_Logo_white.png\",\"contentUrl\":\"https:\\\/\\\/childrenfirstcanada.org\\\/wp-content\\\/uploads\\\/2021\\\/01\\\/CFC_Logo_white.png\",\"width\":1435,\"height\":514,\"caption\":\"Children First Canada\"},\"image\":{\"@id\":\"https:\\\/\\\/childrenfirstcanada.org\\\/#\\\/schema\\\/logo\\\/image\\\/\"}},{\"@type\":\"Person\",\"@id\":\"https:\\\/\\\/childrenfirstcanada.org\\\/#\\\/schema\\\/person\\\/5ee51888c0ce671580455de0e48570be\",\"name\":\"wsteam\",\"image\":{\"@type\":\"ImageObject\",\"inLanguage\":\"fr-CA\",\"@id\":\"https:\\\/\\\/secure.gravatar.com\\\/avatar\\\/f480f3cf388144ec6432bfd6fe1f4beec77943abddae03e9c13c14b8aac26159?s=96&d=mm&r=g\",\"url\":\"https:\\\/\\\/secure.gravatar.com\\\/avatar\\\/f480f3cf388144ec6432bfd6fe1f4beec77943abddae03e9c13c14b8aac26159?s=96&d=mm&r=g\",\"contentUrl\":\"https:\\\/\\\/secure.gravatar.com\\\/avatar\\\/f480f3cf388144ec6432bfd6fe1f4beec77943abddae03e9c13c14b8aac26159?s=96&d=mm&r=g\",\"caption\":\"wsteam\"},\"sameAs\":[\"http:\\\/\\\/nostalgic-camera.flywheelsites.com\"],\"url\":\"https:\\\/\\\/childrenfirstcanada.org\\\/fr\\\/author\\\/wsteam\\\/\"}]}<\/script>\n<!-- \/ Yoast SEO plugin. -->","yoast_head_json":{"title":"Un d\u00e9but prometteur: nous sommes dans le Hill Times! - Enfants d&#039;abord Canada","robots":{"index":"index","follow":"follow","max-snippet":"max-snippet:-1","max-image-preview":"max-image-preview:large","max-video-preview":"max-video-preview:-1"},"canonical":"https:\/\/childrenfirstcanada.org\/fr\/news-happenings\/a-promising-start-were-in-the-hill-times\/","og_locale":"fr_CA","og_type":"article","og_title":"A Promising Start: We're in the Hill Times! - Children First Canada","og_description":"A Promising Start: Improving the Health and Wellbeing of Canadian Children and Youth Published April 15, 2019 in The Hill Times C-441 marks a promising start in the effort to make Canada a world-leading country for kids. A private member\u2019s bill tabled on April 9 by Anne Minh-Thu Quach, NDP MP for Salaberry-Suroit, aims to [&hellip;]","og_url":"https:\/\/childrenfirstcanada.org\/fr\/news-happenings\/a-promising-start-were-in-the-hill-times\/","og_site_name":"Children First Canada","article_published_time":"2019-04-15T13:03:22+00:00","article_modified_time":"2021-03-04T01:30:23+00:00","og_image":[{"width":383,"height":106,"url":"https:\/\/childrenfirstcanada.org\/wp-content\/uploads\/2021\/03\/Picture1.png","type":"image\/png"}],"author":"wsteam","twitter_card":"summary_large_image","twitter_misc":{"\u00c9crit par":"wsteam","Estimation du temps de lecture":"3 minutes"},"schema":{"@context":"https:\/\/schema.org","@graph":[{"@type":"Article","@id":"https:\/\/childrenfirstcanada.org\/news-happenings\/a-promising-start-were-in-the-hill-times\/#article","isPartOf":{"@id":"https:\/\/childrenfirstcanada.org\/news-happenings\/a-promising-start-were-in-the-hill-times\/"},"author":{"name":"wsteam","@id":"https:\/\/childrenfirstcanada.org\/#\/schema\/person\/5ee51888c0ce671580455de0e48570be"},"headline":"A Promising Start: We&#8217;re in the Hill Times!","datePublished":"2019-04-15T13:03:22+00:00","dateModified":"2021-03-04T01:30:23+00:00","mainEntityOfPage":{"@id":"https:\/\/childrenfirstcanada.org\/news-happenings\/a-promising-start-were-in-the-hill-times\/"},"wordCount":650,"commentCount":0,"publisher":{"@id":"https:\/\/childrenfirstcanada.org\/#organization"},"image":{"@id":"https:\/\/childrenfirstcanada.org\/news-happenings\/a-promising-start-were-in-the-hill-times\/#primaryimage"},"thumbnailUrl":"https:\/\/childrenfirstcanada.org\/wp-content\/uploads\/2021\/03\/Picture1.png","articleSection":["News &amp; Happenings"],"inLanguage":"fr-CA","potentialAction":[{"@type":"CommentAction","name":"Comment","target":["https:\/\/childrenfirstcanada.org\/news-happenings\/a-promising-start-were-in-the-hill-times\/#respond"]}]},{"@type":"WebPage","@id":"https:\/\/childrenfirstcanada.org\/news-happenings\/a-promising-start-were-in-the-hill-times\/","url":"https:\/\/childrenfirstcanada.org\/news-happenings\/a-promising-start-were-in-the-hill-times\/","name":"Un d\u00e9but prometteur: nous sommes dans le Hill Times! - Enfants d&#039;abord Canada","isPartOf":{"@id":"https:\/\/childrenfirstcanada.org\/#website"},"primaryImageOfPage":{"@id":"https:\/\/childrenfirstcanada.org\/news-happenings\/a-promising-start-were-in-the-hill-times\/#primaryimage"},"image":{"@id":"https:\/\/childrenfirstcanada.org\/news-happenings\/a-promising-start-were-in-the-hill-times\/#primaryimage"},"thumbnailUrl":"https:\/\/childrenfirstcanada.org\/wp-content\/uploads\/2021\/03\/Picture1.png","datePublished":"2019-04-15T13:03:22+00:00","dateModified":"2021-03-04T01:30:23+00:00","breadcrumb":{"@id":"https:\/\/childrenfirstcanada.org\/news-happenings\/a-promising-start-were-in-the-hill-times\/#breadcrumb"},"inLanguage":"fr-CA","potentialAction":[{"@type":"ReadAction","target":["https:\/\/childrenfirstcanada.org\/news-happenings\/a-promising-start-were-in-the-hill-times\/"]}]},{"@type":"ImageObject","inLanguage":"fr-CA","@id":"https:\/\/childrenfirstcanada.org\/news-happenings\/a-promising-start-were-in-the-hill-times\/#primaryimage","url":"https:\/\/childrenfirstcanada.org\/wp-content\/uploads\/2021\/03\/Picture1.png","contentUrl":"https:\/\/childrenfirstcanada.org\/wp-content\/uploads\/2021\/03\/Picture1.png","width":383,"height":106},{"@type":"BreadcrumbList","@id":"https:\/\/childrenfirstcanada.org\/news-happenings\/a-promising-start-were-in-the-hill-times\/#breadcrumb","itemListElement":[{"@type":"ListItem","position":1,"name":"Home","item":"https:\/\/childrenfirstcanada.org\/"},{"@type":"ListItem","position":2,"name":"A Promising Start: We&#8217;re in the Hill Times!"}]},{"@type":"WebSite","@id":"https:\/\/childrenfirstcanada.org\/#website","url":"https:\/\/childrenfirstcanada.org\/","name":"Les Enfants d'abord Canada","description":"CFC","publisher":{"@id":"https:\/\/childrenfirstcanada.org\/#organization"},"potentialAction":[{"@type":"SearchAction","target":{"@type":"EntryPoint","urlTemplate":"https:\/\/childrenfirstcanada.org\/?s={search_term_string}"},"query-input":{"@type":"PropertyValueSpecification","valueRequired":true,"valueName":"search_term_string"}}],"inLanguage":"fr-CA"},{"@type":"Organization","@id":"https:\/\/childrenfirstcanada.org\/#organization","name":"Les Enfants d'abord Canada","url":"https:\/\/childrenfirstcanada.org\/","logo":{"@type":"ImageObject","inLanguage":"fr-CA","@id":"https:\/\/childrenfirstcanada.org\/#\/schema\/logo\/image\/","url":"https:\/\/childrenfirstcanada.org\/wp-content\/uploads\/2021\/01\/CFC_Logo_white.png","contentUrl":"https:\/\/childrenfirstcanada.org\/wp-content\/uploads\/2021\/01\/CFC_Logo_white.png","width":1435,"height":514,"caption":"Children First Canada"},"image":{"@id":"https:\/\/childrenfirstcanada.org\/#\/schema\/logo\/image\/"}},{"@type":"Person","@id":"https:\/\/childrenfirstcanada.org\/#\/schema\/person\/5ee51888c0ce671580455de0e48570be","name":"wsteam","image":{"@type":"ImageObject","inLanguage":"fr-CA","@id":"https:\/\/secure.gravatar.com\/avatar\/f480f3cf388144ec6432bfd6fe1f4beec77943abddae03e9c13c14b8aac26159?s=96&d=mm&r=g","url":"https:\/\/secure.gravatar.com\/avatar\/f480f3cf388144ec6432bfd6fe1f4beec77943abddae03e9c13c14b8aac26159?s=96&d=mm&r=g","contentUrl":"https:\/\/secure.gravatar.com\/avatar\/f480f3cf388144ec6432bfd6fe1f4beec77943abddae03e9c13c14b8aac26159?s=96&d=mm&r=g","caption":"wsteam"},"sameAs":["http:\/\/nostalgic-camera.flywheelsites.com"],"url":"https:\/\/childrenfirstcanada.org\/fr\/author\/wsteam\/"}]}},"_links":{"self":[{"href":"https:\/\/childrenfirstcanada.org\/fr\/wp-json\/wp\/v2\/posts\/11579","targetHints":{"allow":["GET"]}}],"collection":[{"href":"https:\/\/childrenfirstcanada.org\/fr\/wp-json\/wp\/v2\/posts"}],"about":[{"href":"https:\/\/childrenfirstcanada.org\/fr\/wp-json\/wp\/v2\/types\/post"}],"author":[{"embeddable":true,"href":"https:\/\/childrenfirstcanada.org\/fr\/wp-json\/wp\/v2\/users\/1"}],"replies":[{"embeddable":true,"href":"https:\/\/childrenfirstcanada.org\/fr\/wp-json\/wp\/v2\/comments?post=11579"}],"version-history":[{"count":0,"href":"https:\/\/childrenfirstcanada.org\/fr\/wp-json\/wp\/v2\/posts\/11579\/revisions"}],"wp:featuredmedia":[{"embeddable":true,"href":"https:\/\/childrenfirstcanada.org\/fr\/wp-json\/wp\/v2\/media\/11580"}],"wp:attachment":[{"href":"https:\/\/childrenfirstcanada.org\/fr\/wp-json\/wp\/v2\/media?parent=11579"}],"wp:term":[{"taxonomy":"category","embeddable":true,"href":"https:\/\/childrenfirstcanada.org\/fr\/wp-json\/wp\/v2\/categories?post=11579"},{"taxonomy":"post_tag","embeddable":true,"href":"https:\/\/childrenfirstcanada.org\/fr\/wp-json\/wp\/v2\/tags?post=11579"}],"curies":[{"name":"wp","href":"https:\/\/api.w.org\/{rel}","templated":true}]}}