{"id":11595,"date":"2018-06-29T15:45:24","date_gmt":"2018-06-29T15:45:24","guid":{"rendered":"http:\/\/nostalgic-camera.flywheelsites.com\/toronto-star-teens-across-the-country-gather-in-ottawa-to-finalize-new-childrens-charter\/"},"modified":"2021-03-15T04:10:45","modified_gmt":"2021-03-15T04:10:45","slug":"toronto-star-teens-across-the-country-gather-in-ottawa-to-finalize-new-childrens-charter","status":"publish","type":"post","link":"https:\/\/childrenfirstcanada.org\/fr\/in-the-media\/toronto-star-teens-across-the-country-gather-in-ottawa-to-finalize-new-childrens-charter\/","title":{"rendered":"Toronto Star: Des adolescents de partout au pays se r\u00e9unissent \u00e0 Ottawa pour finaliser la nouvelle charte des enfants"},"content":{"rendered":"<h3 style=\"white-space:pre-wrap;\"><a href=\"https:\/\/www.thestar.com\/calgary\/2018\/06\/06\/teens-across-the-country-gather-in-ottawa-to-finalize-new-childrens-charter.html\" target=\"_blank\" rel=\"noopener\"><strong>Toronto Star: Des adolescents de partout au pays se r\u00e9unissent \u00e0 Ottawa pour finaliser la nouvelle charte des enfants <\/strong><\/a><\/h3>\n<p class=\"\" style=\"white-space:pre-wrap;\">Par <a href=\"https:\/\/www.thestar.com\/authors.getaneh_mary.html\"><strong>Mary Getaneh<\/strong><\/a> StarMetro Calgary<\/p>\n<p class=\"\" style=\"white-space:pre-wrap;\">Mer.6 juin 2018<\/p>\n<p class=\"\" style=\"white-space:pre-wrap;\">CALGARY - Des jeunes de partout au pays se sont r\u00e9unis \u00e0 Ottawa mercredi pour finaliser la nouvelle Charte canadienne des enfants.<\/p>\n<p class=\"\" style=\"white-space:pre-wrap;\">Toney Bedell, le lyc\u00e9en de Crescent Heights, \u00e9tait l&#039;un des 15 jeunes d\u00e9l\u00e9gu\u00e9s participant \u00e0 l&#039;\u00e9v\u00e9nement dans la capitale nationale.<\/p>\n<p class=\"\" style=\"white-space:pre-wrap;\">Bedell, 18 ans, est un ancien membre du Conseil des jeunes du maire et a \u00e9t\u00e9 actif dans la politique \u00e9tudiante depuis qu&#039;il \u00e9tait au coll\u00e8ge.<\/p>\n<p class=\"\" style=\"white-space:pre-wrap;\">Il a dit qu&#039;il \u00e9tait int\u00e9ress\u00e9 \u00e0 participer au projet parce que les probl\u00e8mes auxquels les jeunes sont confront\u00e9s doivent \u00eatre abord\u00e9s.<\/p>\n<p class=\"\" style=\"white-space:pre-wrap;\">\u00abBien que nous ayons une Charte des droits et libert\u00e9s, souvent dans notre discours politique, nous avons tendance \u00e0 nous concentrer uniquement sur les probl\u00e8mes auxquels les adultes sont confront\u00e9s\u00bb, a d\u00e9clar\u00e9 Bedell. \u00abNous examinons sous le tapis comment ces probl\u00e8mes affectent les enfants.\u00bb<\/p>\n<p class=\"\" style=\"white-space:pre-wrap;\">L&#039;\u00e9laboration de la charte des enfants a commenc\u00e9 en 2017 lorsque <a href=\"https:\/\/www.childrenfirstcanada.com\/canadian-childrens-charter\/\">Les Enfants d'abord Canada<\/a>, un organisme national \u00e0 but non lucratif, a organis\u00e9 des forums en ligne et des groupes de discussion pour voir quels probl\u00e8mes pr\u00e9occupaient les jeunes Canadiens.<\/p>\n<p class=\"\" style=\"white-space:pre-wrap;\">Sara Austin, fondatrice d&#039;Enfants d&#039;abord Canada, a d\u00e9clar\u00e9 que la cr\u00e9ation de cette charte donne aux enfants la possibilit\u00e9 d&#039;exprimer leurs opinions sur les probl\u00e8mes qui les concernent - comme la pauvret\u00e9, un meilleur acc\u00e8s aux services de sant\u00e9 mentale et la lutte contre la violence et la maltraitance des enfants.<\/p>\n<p class=\"\" style=\"white-space:pre-wrap;\">\u00abEn tant qu&#039;organisation, nous pouvons partager des recherches, partager des statistiques et nous pouvons parler au nom des enfants\u00bb, a d\u00e9clar\u00e9 Austin. \u00abMais il est important pour notre gouvernement d&#039;entendre directement les jeunes sur leurs propres exp\u00e9riences.\u00bb<\/p>\n<p class=\"\" style=\"white-space:pre-wrap;\">La premi\u00e8re \u00e9bauche de la charte a \u00e9t\u00e9 r\u00e9dig\u00e9e en novembre 2017 \u00e0 Ottawa \u00e0 l&#039;occasion de la Journ\u00e9e nationale de l&#039;enfant. Maintenant qu&#039;il a \u00e9t\u00e9 finalis\u00e9, le groupe esp\u00e8re le porter \u00e0 l&#039;attention du gouvernement avec un plan d&#039;action sur la fa\u00e7on d&#039;aborder les probl\u00e8mes mis en \u00e9vidence par la jeunesse canadienne.<\/p>\n<p class=\"\" style=\"white-space:pre-wrap;\">Bedell a d\u00e9clar\u00e9 qu&#039;il \u00e9tait particuli\u00e8rement pr\u00e9occup\u00e9 par la toxicomanie et les probl\u00e8mes de sant\u00e9 mentale.<\/p>\n<p class=\"\" style=\"white-space:pre-wrap;\">\u00abCes probl\u00e8mes non seulement blessent et endommagent les jeunes, mais ils entra\u00eenent des blessures et des dommages chez les adultes, et cela perp\u00e9tue un cycle de dommages pour la prochaine g\u00e9n\u00e9ration\u00bb, a d\u00e9clar\u00e9 Bedell.<\/p>\n<p class=\"\" style=\"white-space:pre-wrap;\">Il est important que les jeunes voix soient repr\u00e9sent\u00e9es en politique, a d\u00e9clar\u00e9 Roman Wolfli, 11 ans, qui a particip\u00e9 \u00e0 l&#039;\u00e9v\u00e9nement en ligne avec sa classe \u00e0 River Valley School, dans le nord-est de la ville.<\/p>\n<p class=\"\" style=\"white-space:pre-wrap;\">\u00abDix-huit n&#039;est pas le nombre le plus important, c&#039;est vraiment la fin du lyc\u00e9e, mais le cerveau n&#039;arr\u00eate pas de s&#039;y d\u00e9velopper\u00bb, a d\u00e9clar\u00e9 Wolfli.<\/p>\n<p class=\"\" style=\"white-space:pre-wrap;\">\u00abLes gens doivent voir que certains jeunes ont des voix tr\u00e8s raisonnables et devraient \u00eatre inclus dans la discussion politique. Nous constituons une grande partie de la population et pourtant nous ne sommes pas repr\u00e9sent\u00e9s. \u00bb<\/p>\n<p class=\"\" style=\"white-space:pre-wrap;\">L&#039;\u00e9l\u00e8ve de cinqui\u00e8me esp\u00e8re que la Charte canadienne des enfants am\u00e9liorera la vie de plusieurs.<\/p>\n<p class=\"\" style=\"white-space:pre-wrap;\">\u00abNous voulons int\u00e9grer ces th\u00e8mes dans la charte, leur donner vie et apporter de v\u00e9ritables changements aux enfants du Canada qui ont moins de chance\u00bb, a d\u00e9clar\u00e9 Wolfli.<\/p>\n<p class=\"\" style=\"white-space:pre-wrap;\">Mary Getaneh est une journaliste bas\u00e9e \u00e0 Calgary qui couvre les arts, la culture et la diversit\u00e9. Suivez-la sur Twitter: <a href=\"https:\/\/twitter.com\/marygetaneh\">@marygetaneh<\/a><\/p>\n<p class=\"\" style=\"white-space:pre-wrap;\">&nbsp;<\/p>","protected":false},"excerpt":{"rendered":"<p style=\"white-space: pre-wrap;\">Toronto Star: Des adolescents de partout au pays se r\u00e9unissent \u00e0 Ottawa pour finaliser la Charte canadienne des enfants<\/p>","protected":false},"author":1,"featured_media":0,"comment_status":"open","ping_status":"open","sticky":false,"template":"","format":"standard","meta":{"_acf_changed":false,"footnotes":""},"categories":[65],"tags":[],"class_list":["post-11595","post","type-post","status-publish","format-standard","hentry","category-in-the-media"],"acf":[],"yoast_head":"<!-- This site is optimized with the Yoast SEO plugin v27.4 - https:\/\/yoast.com\/product\/yoast-seo-wordpress\/ -->\n<title>Toronto Star: Teens across the country gather in Ottawa to finalize new children\u2019s charter - Children First Canada<\/title>\n<meta name=\"robots\" content=\"index, follow, max-snippet:-1, max-image-preview:large, max-video-preview:-1\" \/>\n<link rel=\"canonical\" href=\"https:\/\/childrenfirstcanada.org\/fr\/in-the-media\/toronto-star-teens-across-the-country-gather-in-ottawa-to-finalize-new-childrens-charter\/\" \/>\n<meta property=\"og:locale\" content=\"fr_CA\" \/>\n<meta property=\"og:type\" content=\"article\" \/>\n<meta property=\"og:title\" content=\"Toronto Star: Teens across the country gather in Ottawa to finalize new children\u2019s charter - Children First Canada\" \/>\n<meta property=\"og:description\" content=\"Toronto Star: Teens across the country gather in Ottawa to finalize Canadian Children\u2019s Charter\" \/>\n<meta property=\"og:url\" content=\"https:\/\/childrenfirstcanada.org\/fr\/in-the-media\/toronto-star-teens-across-the-country-gather-in-ottawa-to-finalize-new-childrens-charter\/\" \/>\n<meta property=\"og:site_name\" content=\"Children First Canada\" \/>\n<meta property=\"article:published_time\" content=\"2018-06-29T15:45:24+00:00\" \/>\n<meta property=\"article:modified_time\" content=\"2021-03-15T04:10:45+00:00\" \/>\n<meta name=\"author\" content=\"wsteam\" \/>\n<meta name=\"twitter:card\" content=\"summary_large_image\" \/>\n<meta name=\"twitter:label1\" content=\"\u00c9crit par\" \/>\n\t<meta name=\"twitter:data1\" content=\"wsteam\" \/>\n\t<meta name=\"twitter:label2\" content=\"Estimation du temps de lecture\" \/>\n\t<meta name=\"twitter:data2\" content=\"2 minutes\" \/>\n<script type=\"application\/ld+json\" class=\"yoast-schema-graph\">{\"@context\":\"https:\\\/\\\/schema.org\",\"@graph\":[{\"@type\":\"Article\",\"@id\":\"https:\\\/\\\/childrenfirstcanada.org\\\/in-the-media\\\/toronto-star-teens-across-the-country-gather-in-ottawa-to-finalize-new-childrens-charter\\\/#article\",\"isPartOf\":{\"@id\":\"https:\\\/\\\/childrenfirstcanada.org\\\/in-the-media\\\/toronto-star-teens-across-the-country-gather-in-ottawa-to-finalize-new-childrens-charter\\\/\"},\"author\":{\"name\":\"wsteam\",\"@id\":\"https:\\\/\\\/childrenfirstcanada.org\\\/#\\\/schema\\\/person\\\/5ee51888c0ce671580455de0e48570be\"},\"headline\":\"Toronto Star: Teens across the country gather in Ottawa to finalize new children\u2019s charter\",\"datePublished\":\"2018-06-29T15:45:24+00:00\",\"dateModified\":\"2021-03-15T04:10:45+00:00\",\"mainEntityOfPage\":{\"@id\":\"https:\\\/\\\/childrenfirstcanada.org\\\/in-the-media\\\/toronto-star-teens-across-the-country-gather-in-ottawa-to-finalize-new-childrens-charter\\\/\"},\"wordCount\":511,\"commentCount\":0,\"publisher\":{\"@id\":\"https:\\\/\\\/childrenfirstcanada.org\\\/#organization\"},\"articleSection\":[\"In The Media\"],\"inLanguage\":\"fr-CA\",\"potentialAction\":[{\"@type\":\"CommentAction\",\"name\":\"Comment\",\"target\":[\"https:\\\/\\\/childrenfirstcanada.org\\\/in-the-media\\\/toronto-star-teens-across-the-country-gather-in-ottawa-to-finalize-new-childrens-charter\\\/#respond\"]}]},{\"@type\":\"WebPage\",\"@id\":\"https:\\\/\\\/childrenfirstcanada.org\\\/in-the-media\\\/toronto-star-teens-across-the-country-gather-in-ottawa-to-finalize-new-childrens-charter\\\/\",\"url\":\"https:\\\/\\\/childrenfirstcanada.org\\\/in-the-media\\\/toronto-star-teens-across-the-country-gather-in-ottawa-to-finalize-new-childrens-charter\\\/\",\"name\":\"Toronto Star: Teens across the country gather in Ottawa to finalize new children\u2019s charter - Children First Canada\",\"isPartOf\":{\"@id\":\"https:\\\/\\\/childrenfirstcanada.org\\\/#website\"},\"datePublished\":\"2018-06-29T15:45:24+00:00\",\"dateModified\":\"2021-03-15T04:10:45+00:00\",\"breadcrumb\":{\"@id\":\"https:\\\/\\\/childrenfirstcanada.org\\\/in-the-media\\\/toronto-star-teens-across-the-country-gather-in-ottawa-to-finalize-new-childrens-charter\\\/#breadcrumb\"},\"inLanguage\":\"fr-CA\",\"potentialAction\":[{\"@type\":\"ReadAction\",\"target\":[\"https:\\\/\\\/childrenfirstcanada.org\\\/in-the-media\\\/toronto-star-teens-across-the-country-gather-in-ottawa-to-finalize-new-childrens-charter\\\/\"]}]},{\"@type\":\"BreadcrumbList\",\"@id\":\"https:\\\/\\\/childrenfirstcanada.org\\\/in-the-media\\\/toronto-star-teens-across-the-country-gather-in-ottawa-to-finalize-new-childrens-charter\\\/#breadcrumb\",\"itemListElement\":[{\"@type\":\"ListItem\",\"position\":1,\"name\":\"Home\",\"item\":\"https:\\\/\\\/childrenfirstcanada.org\\\/\"},{\"@type\":\"ListItem\",\"position\":2,\"name\":\"Toronto Star: Teens across the country gather in Ottawa to finalize new children\u2019s charter\"}]},{\"@type\":\"WebSite\",\"@id\":\"https:\\\/\\\/childrenfirstcanada.org\\\/#website\",\"url\":\"https:\\\/\\\/childrenfirstcanada.org\\\/\",\"name\":\"Children First Canada\",\"description\":\"CFC\",\"publisher\":{\"@id\":\"https:\\\/\\\/childrenfirstcanada.org\\\/#organization\"},\"potentialAction\":[{\"@type\":\"SearchAction\",\"target\":{\"@type\":\"EntryPoint\",\"urlTemplate\":\"https:\\\/\\\/childrenfirstcanada.org\\\/?s={search_term_string}\"},\"query-input\":{\"@type\":\"PropertyValueSpecification\",\"valueRequired\":true,\"valueName\":\"search_term_string\"}}],\"inLanguage\":\"fr-CA\"},{\"@type\":\"Organization\",\"@id\":\"https:\\\/\\\/childrenfirstcanada.org\\\/#organization\",\"name\":\"Children First Canada\",\"url\":\"https:\\\/\\\/childrenfirstcanada.org\\\/\",\"logo\":{\"@type\":\"ImageObject\",\"inLanguage\":\"fr-CA\",\"@id\":\"https:\\\/\\\/childrenfirstcanada.org\\\/#\\\/schema\\\/logo\\\/image\\\/\",\"url\":\"https:\\\/\\\/childrenfirstcanada.org\\\/wp-content\\\/uploads\\\/2021\\\/01\\\/CFC_Logo_white.png\",\"contentUrl\":\"https:\\\/\\\/childrenfirstcanada.org\\\/wp-content\\\/uploads\\\/2021\\\/01\\\/CFC_Logo_white.png\",\"width\":1435,\"height\":514,\"caption\":\"Children First Canada\"},\"image\":{\"@id\":\"https:\\\/\\\/childrenfirstcanada.org\\\/#\\\/schema\\\/logo\\\/image\\\/\"}},{\"@type\":\"Person\",\"@id\":\"https:\\\/\\\/childrenfirstcanada.org\\\/#\\\/schema\\\/person\\\/5ee51888c0ce671580455de0e48570be\",\"name\":\"wsteam\",\"image\":{\"@type\":\"ImageObject\",\"inLanguage\":\"fr-CA\",\"@id\":\"https:\\\/\\\/secure.gravatar.com\\\/avatar\\\/f480f3cf388144ec6432bfd6fe1f4beec77943abddae03e9c13c14b8aac26159?s=96&d=mm&r=g\",\"url\":\"https:\\\/\\\/secure.gravatar.com\\\/avatar\\\/f480f3cf388144ec6432bfd6fe1f4beec77943abddae03e9c13c14b8aac26159?s=96&d=mm&r=g\",\"contentUrl\":\"https:\\\/\\\/secure.gravatar.com\\\/avatar\\\/f480f3cf388144ec6432bfd6fe1f4beec77943abddae03e9c13c14b8aac26159?s=96&d=mm&r=g\",\"caption\":\"wsteam\"},\"sameAs\":[\"http:\\\/\\\/nostalgic-camera.flywheelsites.com\"],\"url\":\"https:\\\/\\\/childrenfirstcanada.org\\\/fr\\\/author\\\/wsteam\\\/\"}]}<\/script>\n<!-- \/ Yoast SEO plugin. -->","yoast_head_json":{"title":"Toronto Star: Des adolescents de tout le pays se r\u00e9unissent \u00e0 Ottawa pour finaliser la nouvelle charte des enfants - Children First Canada","robots":{"index":"index","follow":"follow","max-snippet":"max-snippet:-1","max-image-preview":"max-image-preview:large","max-video-preview":"max-video-preview:-1"},"canonical":"https:\/\/childrenfirstcanada.org\/fr\/in-the-media\/toronto-star-teens-across-the-country-gather-in-ottawa-to-finalize-new-childrens-charter\/","og_locale":"fr_CA","og_type":"article","og_title":"Toronto Star: Teens across the country gather in Ottawa to finalize new children\u2019s charter - Children First Canada","og_description":"Toronto Star: Teens across the country gather in Ottawa to finalize Canadian Children\u2019s Charter","og_url":"https:\/\/childrenfirstcanada.org\/fr\/in-the-media\/toronto-star-teens-across-the-country-gather-in-ottawa-to-finalize-new-childrens-charter\/","og_site_name":"Children First Canada","article_published_time":"2018-06-29T15:45:24+00:00","article_modified_time":"2021-03-15T04:10:45+00:00","author":"wsteam","twitter_card":"summary_large_image","twitter_misc":{"\u00c9crit par":"wsteam","Estimation du temps de lecture":"2 minutes"},"schema":{"@context":"https:\/\/schema.org","@graph":[{"@type":"Article","@id":"https:\/\/childrenfirstcanada.org\/in-the-media\/toronto-star-teens-across-the-country-gather-in-ottawa-to-finalize-new-childrens-charter\/#article","isPartOf":{"@id":"https:\/\/childrenfirstcanada.org\/in-the-media\/toronto-star-teens-across-the-country-gather-in-ottawa-to-finalize-new-childrens-charter\/"},"author":{"name":"wsteam","@id":"https:\/\/childrenfirstcanada.org\/#\/schema\/person\/5ee51888c0ce671580455de0e48570be"},"headline":"Toronto Star: Teens across the country gather in Ottawa to finalize new children\u2019s charter","datePublished":"2018-06-29T15:45:24+00:00","dateModified":"2021-03-15T04:10:45+00:00","mainEntityOfPage":{"@id":"https:\/\/childrenfirstcanada.org\/in-the-media\/toronto-star-teens-across-the-country-gather-in-ottawa-to-finalize-new-childrens-charter\/"},"wordCount":511,"commentCount":0,"publisher":{"@id":"https:\/\/childrenfirstcanada.org\/#organization"},"articleSection":["In The Media"],"inLanguage":"fr-CA","potentialAction":[{"@type":"CommentAction","name":"Comment","target":["https:\/\/childrenfirstcanada.org\/in-the-media\/toronto-star-teens-across-the-country-gather-in-ottawa-to-finalize-new-childrens-charter\/#respond"]}]},{"@type":"WebPage","@id":"https:\/\/childrenfirstcanada.org\/in-the-media\/toronto-star-teens-across-the-country-gather-in-ottawa-to-finalize-new-childrens-charter\/","url":"https:\/\/childrenfirstcanada.org\/in-the-media\/toronto-star-teens-across-the-country-gather-in-ottawa-to-finalize-new-childrens-charter\/","name":"Toronto Star: Des adolescents de tout le pays se r\u00e9unissent \u00e0 Ottawa pour finaliser la nouvelle charte des enfants - Children First Canada","isPartOf":{"@id":"https:\/\/childrenfirstcanada.org\/#website"},"datePublished":"2018-06-29T15:45:24+00:00","dateModified":"2021-03-15T04:10:45+00:00","breadcrumb":{"@id":"https:\/\/childrenfirstcanada.org\/in-the-media\/toronto-star-teens-across-the-country-gather-in-ottawa-to-finalize-new-childrens-charter\/#breadcrumb"},"inLanguage":"fr-CA","potentialAction":[{"@type":"ReadAction","target":["https:\/\/childrenfirstcanada.org\/in-the-media\/toronto-star-teens-across-the-country-gather-in-ottawa-to-finalize-new-childrens-charter\/"]}]},{"@type":"BreadcrumbList","@id":"https:\/\/childrenfirstcanada.org\/in-the-media\/toronto-star-teens-across-the-country-gather-in-ottawa-to-finalize-new-childrens-charter\/#breadcrumb","itemListElement":[{"@type":"ListItem","position":1,"name":"Home","item":"https:\/\/childrenfirstcanada.org\/"},{"@type":"ListItem","position":2,"name":"Toronto Star: Teens across the country gather in Ottawa to finalize new children\u2019s charter"}]},{"@type":"WebSite","@id":"https:\/\/childrenfirstcanada.org\/#website","url":"https:\/\/childrenfirstcanada.org\/","name":"Les Enfants d'abord Canada","description":"CFC","publisher":{"@id":"https:\/\/childrenfirstcanada.org\/#organization"},"potentialAction":[{"@type":"SearchAction","target":{"@type":"EntryPoint","urlTemplate":"https:\/\/childrenfirstcanada.org\/?s={search_term_string}"},"query-input":{"@type":"PropertyValueSpecification","valueRequired":true,"valueName":"search_term_string"}}],"inLanguage":"fr-CA"},{"@type":"Organization","@id":"https:\/\/childrenfirstcanada.org\/#organization","name":"Les Enfants d'abord Canada","url":"https:\/\/childrenfirstcanada.org\/","logo":{"@type":"ImageObject","inLanguage":"fr-CA","@id":"https:\/\/childrenfirstcanada.org\/#\/schema\/logo\/image\/","url":"https:\/\/childrenfirstcanada.org\/wp-content\/uploads\/2021\/01\/CFC_Logo_white.png","contentUrl":"https:\/\/childrenfirstcanada.org\/wp-content\/uploads\/2021\/01\/CFC_Logo_white.png","width":1435,"height":514,"caption":"Children First Canada"},"image":{"@id":"https:\/\/childrenfirstcanada.org\/#\/schema\/logo\/image\/"}},{"@type":"Person","@id":"https:\/\/childrenfirstcanada.org\/#\/schema\/person\/5ee51888c0ce671580455de0e48570be","name":"wsteam","image":{"@type":"ImageObject","inLanguage":"fr-CA","@id":"https:\/\/secure.gravatar.com\/avatar\/f480f3cf388144ec6432bfd6fe1f4beec77943abddae03e9c13c14b8aac26159?s=96&d=mm&r=g","url":"https:\/\/secure.gravatar.com\/avatar\/f480f3cf388144ec6432bfd6fe1f4beec77943abddae03e9c13c14b8aac26159?s=96&d=mm&r=g","contentUrl":"https:\/\/secure.gravatar.com\/avatar\/f480f3cf388144ec6432bfd6fe1f4beec77943abddae03e9c13c14b8aac26159?s=96&d=mm&r=g","caption":"wsteam"},"sameAs":["http:\/\/nostalgic-camera.flywheelsites.com"],"url":"https:\/\/childrenfirstcanada.org\/fr\/author\/wsteam\/"}]}},"_links":{"self":[{"href":"https:\/\/childrenfirstcanada.org\/fr\/wp-json\/wp\/v2\/posts\/11595","targetHints":{"allow":["GET"]}}],"collection":[{"href":"https:\/\/childrenfirstcanada.org\/fr\/wp-json\/wp\/v2\/posts"}],"about":[{"href":"https:\/\/childrenfirstcanada.org\/fr\/wp-json\/wp\/v2\/types\/post"}],"author":[{"embeddable":true,"href":"https:\/\/childrenfirstcanada.org\/fr\/wp-json\/wp\/v2\/users\/1"}],"replies":[{"embeddable":true,"href":"https:\/\/childrenfirstcanada.org\/fr\/wp-json\/wp\/v2\/comments?post=11595"}],"version-history":[{"count":0,"href":"https:\/\/childrenfirstcanada.org\/fr\/wp-json\/wp\/v2\/posts\/11595\/revisions"}],"wp:attachment":[{"href":"https:\/\/childrenfirstcanada.org\/fr\/wp-json\/wp\/v2\/media?parent=11595"}],"wp:term":[{"taxonomy":"category","embeddable":true,"href":"https:\/\/childrenfirstcanada.org\/fr\/wp-json\/wp\/v2\/categories?post=11595"},{"taxonomy":"post_tag","embeddable":true,"href":"https:\/\/childrenfirstcanada.org\/fr\/wp-json\/wp\/v2\/tags?post=11595"}],"curies":[{"name":"wp","href":"https:\/\/api.w.org\/{rel}","templated":true}]}}