{"id":11597,"date":"2017-12-14T14:44:47","date_gmt":"2017-12-14T14:44:47","guid":{"rendered":"http:\/\/nostalgic-camera.flywheelsites.com\/canadian-children-need-protection-from-our-government\/"},"modified":"2021-03-04T01:30:24","modified_gmt":"2021-03-04T01:30:24","slug":"canadian-children-need-protection-from-our-government","status":"publish","type":"post","link":"https:\/\/childrenfirstcanada.org\/fr\/news-happenings\/canadian-children-need-protection-from-our-government\/","title":{"rendered":"Les enfants canadiens ont besoin de la protection de notre gouvernement"},"content":{"rendered":"<p class=\"\" style=\"white-space:pre-wrap;\">Huffington Post<\/p>\n<p class=\"\" style=\"white-space:pre-wrap;\">12 d\u00e9cembre 2017<\/p>\n<p class=\"\" style=\"white-space:pre-wrap;\">Par Hannah Ruuth et Pamela Lovelace<\/p>\n<p class=\"\" style=\"white-space:pre-wrap;\">Oh Canada, nous m\u00e9ritons un avenir meilleur et plus fort. \u00c9coutez notre appel \u00e0 l&#039;action et entendez nos voix en lisant et en appliquant les recommandations du <a href=\"http:\/\/www.childrenfirstcanada.com\/canadian-childrens-charter\/\">Charte canadienne des enfants<\/a>. Bien que nous soyons reconnaissants, le Canada a sign\u00e9 le <a href=\"https:\/\/www.unicef.ca\/en\/policy-advocacy-for-children\/about-the-convention-on-the-rights-of-the-child\">Convention des Nations Unies relative aux droits de l&#039;enfant<\/a> en 1991, l&#039;inaction du Canada depuis un quart de si\u00e8cle est d\u00e9moralisante. Le Canada est loin derri\u00e8re les pays les plus riches en ce qui concerne le bien-\u00eatre des enfants, en raison des promesses du Canada faites aux plus vuln\u00e9rables de notre soci\u00e9t\u00e9, mais jamais tenues.<\/p>\n<p class=\"\" style=\"white-space:pre-wrap;\"><a href=\"http:\/\/www.huffingtonpost.ca\/sara-austin2\/canadian-children-need-protection-from-our-government_a_23287598\/\" target=\"_blank\" rel=\"noopener\">Lisez l&#039;article complet ici\u2026<\/a><\/p>\n<p class=\"\" style=\"white-space:pre-wrap;\">&nbsp;<\/p>","protected":false},"excerpt":{"rendered":"<p>Huffington Post December 12, 2017 By Hannah Ruuth and Pamela Lovelace Oh Canada, we deserve a better and stronger future. Listen to our call to action and hear our voices by reading and acting on the recommendations in the Canadian Children&#8217;s Charter. While we are thankful Canada signed the United Nations Convention on the Rights [&hellip;]<\/p>\n","protected":false},"author":1,"featured_media":0,"comment_status":"open","ping_status":"open","sticky":false,"template":"","format":"standard","meta":{"_acf_changed":false,"footnotes":""},"categories":[8],"tags":[],"class_list":["post-11597","post","type-post","status-publish","format-standard","hentry","category-news-happenings"],"acf":[],"yoast_head":"<!-- This site is optimized with the Yoast SEO plugin v27.4 - https:\/\/yoast.com\/product\/yoast-seo-wordpress\/ -->\n<title>Canadian Children Need Protection from Our Government - Children First Canada<\/title>\n<meta name=\"robots\" content=\"index, follow, max-snippet:-1, max-image-preview:large, max-video-preview:-1\" \/>\n<link rel=\"canonical\" href=\"https:\/\/childrenfirstcanada.org\/fr\/news-happenings\/canadian-children-need-protection-from-our-government\/\" \/>\n<meta property=\"og:locale\" content=\"fr_CA\" \/>\n<meta property=\"og:type\" content=\"article\" \/>\n<meta property=\"og:title\" content=\"Canadian Children Need Protection from Our Government - Children First Canada\" \/>\n<meta property=\"og:description\" content=\"Huffington Post December 12, 2017 By Hannah Ruuth and Pamela Lovelace Oh Canada, we deserve a better and stronger future. Listen to our call to action and hear our voices by reading and acting on the recommendations in the Canadian Children&#8217;s Charter. While we are thankful Canada signed the United Nations Convention on the Rights [&hellip;]\" \/>\n<meta property=\"og:url\" content=\"https:\/\/childrenfirstcanada.org\/fr\/news-happenings\/canadian-children-need-protection-from-our-government\/\" \/>\n<meta property=\"og:site_name\" content=\"Children First Canada\" \/>\n<meta property=\"article:published_time\" content=\"2017-12-14T14:44:47+00:00\" \/>\n<meta property=\"article:modified_time\" content=\"2021-03-04T01:30:24+00:00\" \/>\n<meta name=\"author\" content=\"wsteam\" \/>\n<meta name=\"twitter:card\" content=\"summary_large_image\" \/>\n<meta name=\"twitter:label1\" content=\"\u00c9crit par\" \/>\n\t<meta name=\"twitter:data1\" content=\"wsteam\" \/>\n\t<meta name=\"twitter:label2\" content=\"Estimation du temps de lecture\" \/>\n\t<meta name=\"twitter:data2\" content=\"1 minute\" \/>\n<script type=\"application\/ld+json\" class=\"yoast-schema-graph\">{\"@context\":\"https:\\\/\\\/schema.org\",\"@graph\":[{\"@type\":\"Article\",\"@id\":\"https:\\\/\\\/childrenfirstcanada.org\\\/news-happenings\\\/canadian-children-need-protection-from-our-government\\\/#article\",\"isPartOf\":{\"@id\":\"https:\\\/\\\/childrenfirstcanada.org\\\/news-happenings\\\/canadian-children-need-protection-from-our-government\\\/\"},\"author\":{\"name\":\"wsteam\",\"@id\":\"https:\\\/\\\/childrenfirstcanada.org\\\/#\\\/schema\\\/person\\\/5ee51888c0ce671580455de0e48570be\"},\"headline\":\"Canadian Children Need Protection from Our Government\",\"datePublished\":\"2017-12-14T14:44:47+00:00\",\"dateModified\":\"2021-03-04T01:30:24+00:00\",\"mainEntityOfPage\":{\"@id\":\"https:\\\/\\\/childrenfirstcanada.org\\\/news-happenings\\\/canadian-children-need-protection-from-our-government\\\/\"},\"wordCount\":113,\"commentCount\":0,\"publisher\":{\"@id\":\"https:\\\/\\\/childrenfirstcanada.org\\\/#organization\"},\"articleSection\":[\"News &amp; Happenings\"],\"inLanguage\":\"fr-CA\",\"potentialAction\":[{\"@type\":\"CommentAction\",\"name\":\"Comment\",\"target\":[\"https:\\\/\\\/childrenfirstcanada.org\\\/news-happenings\\\/canadian-children-need-protection-from-our-government\\\/#respond\"]}]},{\"@type\":\"WebPage\",\"@id\":\"https:\\\/\\\/childrenfirstcanada.org\\\/news-happenings\\\/canadian-children-need-protection-from-our-government\\\/\",\"url\":\"https:\\\/\\\/childrenfirstcanada.org\\\/news-happenings\\\/canadian-children-need-protection-from-our-government\\\/\",\"name\":\"Canadian Children Need Protection from Our Government - Children First Canada\",\"isPartOf\":{\"@id\":\"https:\\\/\\\/childrenfirstcanada.org\\\/#website\"},\"datePublished\":\"2017-12-14T14:44:47+00:00\",\"dateModified\":\"2021-03-04T01:30:24+00:00\",\"breadcrumb\":{\"@id\":\"https:\\\/\\\/childrenfirstcanada.org\\\/news-happenings\\\/canadian-children-need-protection-from-our-government\\\/#breadcrumb\"},\"inLanguage\":\"fr-CA\",\"potentialAction\":[{\"@type\":\"ReadAction\",\"target\":[\"https:\\\/\\\/childrenfirstcanada.org\\\/news-happenings\\\/canadian-children-need-protection-from-our-government\\\/\"]}]},{\"@type\":\"BreadcrumbList\",\"@id\":\"https:\\\/\\\/childrenfirstcanada.org\\\/news-happenings\\\/canadian-children-need-protection-from-our-government\\\/#breadcrumb\",\"itemListElement\":[{\"@type\":\"ListItem\",\"position\":1,\"name\":\"Home\",\"item\":\"https:\\\/\\\/childrenfirstcanada.org\\\/\"},{\"@type\":\"ListItem\",\"position\":2,\"name\":\"Canadian Children Need Protection from Our Government\"}]},{\"@type\":\"WebSite\",\"@id\":\"https:\\\/\\\/childrenfirstcanada.org\\\/#website\",\"url\":\"https:\\\/\\\/childrenfirstcanada.org\\\/\",\"name\":\"Children First Canada\",\"description\":\"CFC\",\"publisher\":{\"@id\":\"https:\\\/\\\/childrenfirstcanada.org\\\/#organization\"},\"potentialAction\":[{\"@type\":\"SearchAction\",\"target\":{\"@type\":\"EntryPoint\",\"urlTemplate\":\"https:\\\/\\\/childrenfirstcanada.org\\\/?s={search_term_string}\"},\"query-input\":{\"@type\":\"PropertyValueSpecification\",\"valueRequired\":true,\"valueName\":\"search_term_string\"}}],\"inLanguage\":\"fr-CA\"},{\"@type\":\"Organization\",\"@id\":\"https:\\\/\\\/childrenfirstcanada.org\\\/#organization\",\"name\":\"Children First Canada\",\"url\":\"https:\\\/\\\/childrenfirstcanada.org\\\/\",\"logo\":{\"@type\":\"ImageObject\",\"inLanguage\":\"fr-CA\",\"@id\":\"https:\\\/\\\/childrenfirstcanada.org\\\/#\\\/schema\\\/logo\\\/image\\\/\",\"url\":\"https:\\\/\\\/childrenfirstcanada.org\\\/wp-content\\\/uploads\\\/2021\\\/01\\\/CFC_Logo_white.png\",\"contentUrl\":\"https:\\\/\\\/childrenfirstcanada.org\\\/wp-content\\\/uploads\\\/2021\\\/01\\\/CFC_Logo_white.png\",\"width\":1435,\"height\":514,\"caption\":\"Children First Canada\"},\"image\":{\"@id\":\"https:\\\/\\\/childrenfirstcanada.org\\\/#\\\/schema\\\/logo\\\/image\\\/\"}},{\"@type\":\"Person\",\"@id\":\"https:\\\/\\\/childrenfirstcanada.org\\\/#\\\/schema\\\/person\\\/5ee51888c0ce671580455de0e48570be\",\"name\":\"wsteam\",\"image\":{\"@type\":\"ImageObject\",\"inLanguage\":\"fr-CA\",\"@id\":\"https:\\\/\\\/secure.gravatar.com\\\/avatar\\\/f480f3cf388144ec6432bfd6fe1f4beec77943abddae03e9c13c14b8aac26159?s=96&d=mm&r=g\",\"url\":\"https:\\\/\\\/secure.gravatar.com\\\/avatar\\\/f480f3cf388144ec6432bfd6fe1f4beec77943abddae03e9c13c14b8aac26159?s=96&d=mm&r=g\",\"contentUrl\":\"https:\\\/\\\/secure.gravatar.com\\\/avatar\\\/f480f3cf388144ec6432bfd6fe1f4beec77943abddae03e9c13c14b8aac26159?s=96&d=mm&r=g\",\"caption\":\"wsteam\"},\"sameAs\":[\"http:\\\/\\\/nostalgic-camera.flywheelsites.com\"],\"url\":\"https:\\\/\\\/childrenfirstcanada.org\\\/fr\\\/author\\\/wsteam\\\/\"}]}<\/script>\n<!-- \/ Yoast SEO plugin. -->","yoast_head_json":{"title":"Les enfants canadiens ont besoin de la protection de notre gouvernement - Children First Canada","robots":{"index":"index","follow":"follow","max-snippet":"max-snippet:-1","max-image-preview":"max-image-preview:large","max-video-preview":"max-video-preview:-1"},"canonical":"https:\/\/childrenfirstcanada.org\/fr\/news-happenings\/canadian-children-need-protection-from-our-government\/","og_locale":"fr_CA","og_type":"article","og_title":"Canadian Children Need Protection from Our Government - Children First Canada","og_description":"Huffington Post December 12, 2017 By Hannah Ruuth and Pamela Lovelace Oh Canada, we deserve a better and stronger future. Listen to our call to action and hear our voices by reading and acting on the recommendations in the Canadian Children&#8217;s Charter. While we are thankful Canada signed the United Nations Convention on the Rights [&hellip;]","og_url":"https:\/\/childrenfirstcanada.org\/fr\/news-happenings\/canadian-children-need-protection-from-our-government\/","og_site_name":"Children First Canada","article_published_time":"2017-12-14T14:44:47+00:00","article_modified_time":"2021-03-04T01:30:24+00:00","author":"wsteam","twitter_card":"summary_large_image","twitter_misc":{"\u00c9crit par":"wsteam","Estimation du temps de lecture":"1 minute"},"schema":{"@context":"https:\/\/schema.org","@graph":[{"@type":"Article","@id":"https:\/\/childrenfirstcanada.org\/news-happenings\/canadian-children-need-protection-from-our-government\/#article","isPartOf":{"@id":"https:\/\/childrenfirstcanada.org\/news-happenings\/canadian-children-need-protection-from-our-government\/"},"author":{"name":"wsteam","@id":"https:\/\/childrenfirstcanada.org\/#\/schema\/person\/5ee51888c0ce671580455de0e48570be"},"headline":"Canadian Children Need Protection from Our Government","datePublished":"2017-12-14T14:44:47+00:00","dateModified":"2021-03-04T01:30:24+00:00","mainEntityOfPage":{"@id":"https:\/\/childrenfirstcanada.org\/news-happenings\/canadian-children-need-protection-from-our-government\/"},"wordCount":113,"commentCount":0,"publisher":{"@id":"https:\/\/childrenfirstcanada.org\/#organization"},"articleSection":["News &amp; Happenings"],"inLanguage":"fr-CA","potentialAction":[{"@type":"CommentAction","name":"Comment","target":["https:\/\/childrenfirstcanada.org\/news-happenings\/canadian-children-need-protection-from-our-government\/#respond"]}]},{"@type":"WebPage","@id":"https:\/\/childrenfirstcanada.org\/news-happenings\/canadian-children-need-protection-from-our-government\/","url":"https:\/\/childrenfirstcanada.org\/news-happenings\/canadian-children-need-protection-from-our-government\/","name":"Les enfants canadiens ont besoin de la protection de notre gouvernement - Children First Canada","isPartOf":{"@id":"https:\/\/childrenfirstcanada.org\/#website"},"datePublished":"2017-12-14T14:44:47+00:00","dateModified":"2021-03-04T01:30:24+00:00","breadcrumb":{"@id":"https:\/\/childrenfirstcanada.org\/news-happenings\/canadian-children-need-protection-from-our-government\/#breadcrumb"},"inLanguage":"fr-CA","potentialAction":[{"@type":"ReadAction","target":["https:\/\/childrenfirstcanada.org\/news-happenings\/canadian-children-need-protection-from-our-government\/"]}]},{"@type":"BreadcrumbList","@id":"https:\/\/childrenfirstcanada.org\/news-happenings\/canadian-children-need-protection-from-our-government\/#breadcrumb","itemListElement":[{"@type":"ListItem","position":1,"name":"Home","item":"https:\/\/childrenfirstcanada.org\/"},{"@type":"ListItem","position":2,"name":"Canadian Children Need Protection from Our Government"}]},{"@type":"WebSite","@id":"https:\/\/childrenfirstcanada.org\/#website","url":"https:\/\/childrenfirstcanada.org\/","name":"Les Enfants d'abord Canada","description":"CFC","publisher":{"@id":"https:\/\/childrenfirstcanada.org\/#organization"},"potentialAction":[{"@type":"SearchAction","target":{"@type":"EntryPoint","urlTemplate":"https:\/\/childrenfirstcanada.org\/?s={search_term_string}"},"query-input":{"@type":"PropertyValueSpecification","valueRequired":true,"valueName":"search_term_string"}}],"inLanguage":"fr-CA"},{"@type":"Organization","@id":"https:\/\/childrenfirstcanada.org\/#organization","name":"Les Enfants d'abord Canada","url":"https:\/\/childrenfirstcanada.org\/","logo":{"@type":"ImageObject","inLanguage":"fr-CA","@id":"https:\/\/childrenfirstcanada.org\/#\/schema\/logo\/image\/","url":"https:\/\/childrenfirstcanada.org\/wp-content\/uploads\/2021\/01\/CFC_Logo_white.png","contentUrl":"https:\/\/childrenfirstcanada.org\/wp-content\/uploads\/2021\/01\/CFC_Logo_white.png","width":1435,"height":514,"caption":"Children First Canada"},"image":{"@id":"https:\/\/childrenfirstcanada.org\/#\/schema\/logo\/image\/"}},{"@type":"Person","@id":"https:\/\/childrenfirstcanada.org\/#\/schema\/person\/5ee51888c0ce671580455de0e48570be","name":"wsteam","image":{"@type":"ImageObject","inLanguage":"fr-CA","@id":"https:\/\/secure.gravatar.com\/avatar\/f480f3cf388144ec6432bfd6fe1f4beec77943abddae03e9c13c14b8aac26159?s=96&d=mm&r=g","url":"https:\/\/secure.gravatar.com\/avatar\/f480f3cf388144ec6432bfd6fe1f4beec77943abddae03e9c13c14b8aac26159?s=96&d=mm&r=g","contentUrl":"https:\/\/secure.gravatar.com\/avatar\/f480f3cf388144ec6432bfd6fe1f4beec77943abddae03e9c13c14b8aac26159?s=96&d=mm&r=g","caption":"wsteam"},"sameAs":["http:\/\/nostalgic-camera.flywheelsites.com"],"url":"https:\/\/childrenfirstcanada.org\/fr\/author\/wsteam\/"}]}},"_links":{"self":[{"href":"https:\/\/childrenfirstcanada.org\/fr\/wp-json\/wp\/v2\/posts\/11597","targetHints":{"allow":["GET"]}}],"collection":[{"href":"https:\/\/childrenfirstcanada.org\/fr\/wp-json\/wp\/v2\/posts"}],"about":[{"href":"https:\/\/childrenfirstcanada.org\/fr\/wp-json\/wp\/v2\/types\/post"}],"author":[{"embeddable":true,"href":"https:\/\/childrenfirstcanada.org\/fr\/wp-json\/wp\/v2\/users\/1"}],"replies":[{"embeddable":true,"href":"https:\/\/childrenfirstcanada.org\/fr\/wp-json\/wp\/v2\/comments?post=11597"}],"version-history":[{"count":0,"href":"https:\/\/childrenfirstcanada.org\/fr\/wp-json\/wp\/v2\/posts\/11597\/revisions"}],"wp:attachment":[{"href":"https:\/\/childrenfirstcanada.org\/fr\/wp-json\/wp\/v2\/media?parent=11597"}],"wp:term":[{"taxonomy":"category","embeddable":true,"href":"https:\/\/childrenfirstcanada.org\/fr\/wp-json\/wp\/v2\/categories?post=11597"},{"taxonomy":"post_tag","embeddable":true,"href":"https:\/\/childrenfirstcanada.org\/fr\/wp-json\/wp\/v2\/tags?post=11597"}],"curies":[{"name":"wp","href":"https:\/\/api.w.org\/{rel}","templated":true}]}}