{"id":11623,"date":"2016-11-15T23:24:00","date_gmt":"2016-11-15T23:24:00","guid":{"rendered":"http:\/\/nostalgic-camera.flywheelsites.com\/media-advisory-event-invitation-and-photo-opportunity\/"},"modified":"2021-03-04T01:30:41","modified_gmt":"2021-03-04T01:30:41","slug":"media-advisory-event-invitation-and-photo-opportunity","status":"publish","type":"post","link":"https:\/\/childrenfirstcanada.org\/fr\/news-happenings\/media-advisory-event-invitation-and-photo-opportunity\/","title":{"rendered":"Avis aux m\u00e9dias: invitation \u00e0 un \u00e9v\u00e9nement et possibilit\u00e9 de prendre des photos"},"content":{"rendered":"<p class=\"\" style=\"white-space:pre-wrap;\"><strong>Nouvelle \u00e9tude nationale:<\/strong> <strong><em>Les enfants ne vont pas bien<\/em><\/strong><br \/><strong>Un groupe \u00e9minent de Canadiens s&#039;associe \u00e0 un nouvel organisme sans but lucratif, Children First Canada, pour inciter le gouvernement \u00e0 favoriser un changement positif pour nos enfants<\/strong><\/p>\n<p class=\"\" style=\"white-space:pre-wrap;\">TORONTO, le 9 novembre 2016 - Les Canadiens vivent sous une id\u00e9e fausse: que les enfants vont bien. Le 16 novembre, un nouveau rapport historique de l&#039;Institut Angus Reid et <a href=\"http:\/\/www.childrenfirstcanada.com\/\">Les Enfants d'abord Canada<\/a>, \u00e9tudie l&#039;\u00e9tat de bien-\u00eatre de nos enfants et les r\u00e9sultats ne sont pas bons.&nbsp;<\/p>\n<p class=\"\" style=\"white-space:pre-wrap;\"><strong>Le saviez-vous: <\/strong>Bien que le Canada soit le cinqui\u00e8me pays le plus prosp\u00e8re au monde, nous ne sommes que 17e sur 29 pays riches pour le bien-\u00eatre des enfants selon un indice mondial de l&#039;UNICEF et tombons aux derniers rangs pour la sant\u00e9 et la s\u00e9curit\u00e9 des enfants.<\/p>\n<p class=\"\" style=\"white-space:pre-wrap;\">Les r\u00e9sultats de l&#039;\u00e9tude men\u00e9e par l&#039;Institut Angus Reid et Children First Canada seront publi\u00e9s et r\u00e9v\u00e9leront un tableau alarmant des enfants du Canada en ce qui concerne la pauvret\u00e9, la sant\u00e9 mentale et le suicide, ainsi que la sant\u00e9 et la s\u00e9curit\u00e9 en g\u00e9n\u00e9ral, y compris l&#039;ob\u00e9sit\u00e9 et les taux de blessures.<\/p>\n<p class=\"\" style=\"white-space:pre-wrap;\">Le 16 novembre, vous \u00eates invit\u00e9s \u00e0 vous joindre au lancement officiel d&#039;Enfants d&#039;abord Canada, un nouvel organisme sans but lucratif avec une vision audacieuse et ambitieuse de faire du Canada un pays de premier plan o\u00f9 tous nos enfants s&#039;\u00e9panouissent. Children First Canada exploite la force de nombreuses personnes et organisations qui partagent le d\u00e9vouement \u00e0 am\u00e9liorer la vie des enfants de notre pays - des partenaires engag\u00e9s, notamment des organismes de bienfaisance et des h\u00f4pitaux pour enfants, des centres de recherche, des entreprises, des dirigeants communautaires et les enfants eux-m\u00eames.<\/p>\n<p class=\"\" style=\"white-space:pre-wrap;\"><strong>QUELLE:<\/strong> Une \u00e9conomie du Canada <em>S\u00e9rie nationale de conf\u00e9renciers <\/em>pour lancer officiellement Children First Canada<\/p>\n<p class=\"\" style=\"white-space:pre-wrap;\"><strong>O\u00d9:<\/strong> Le Marriott Eaton Center<br \/>&nbsp; &nbsp; &nbsp; &nbsp; &nbsp; &nbsp; &nbsp; &nbsp;Grande salle de bal (niveau inf\u00e9rieur)<br \/>&nbsp; &nbsp; &nbsp; &nbsp; &nbsp; &nbsp; &nbsp; &nbsp;525, rue Bay, Toronto<\/p>\n<p class=\"\" style=\"white-space:pre-wrap;\"><strong>LORSQUE:<\/strong> Mercredi 16 novembre 2016<\/p>\n<ul data-rte-list=\"default\">\n<li>\n<p class=\"\" style=\"white-space:pre-wrap;\">11h30 - Inscription des m\u00e9dias<\/p>\n<\/li>\n<li>\n<p class=\"\" style=\"white-space:pre-wrap;\">11 h 50 - D\u00e9but du d\u00e9jeuner<\/p>\n<\/li>\n<li>\n<p class=\"\" style=\"white-space:pre-wrap;\">12h10 - D\u00e9but de l&#039;\u00e9v\u00e9nement<\/p>\n<\/li>\n<\/ul>\n<p class=\"\" style=\"white-space:pre-wrap;\"><strong>QUI:<\/strong> <em>Il est temps de se mesurer <\/em>Haut-parleurs<\/p>\n<ul data-rte-list=\"default\">\n<li>\n<p class=\"\" style=\"white-space:pre-wrap;\">Sara L. Austin, fondatrice et pr\u00e9sidente-directrice g\u00e9n\u00e9rale de Children First Canada<\/p>\n<\/li>\n<li>\n<p class=\"\" style=\"white-space:pre-wrap;\">Lisa LaFlamme, pr\u00e9sentatrice en chef et r\u00e9dactrice principale, CTV National News<\/p>\n<\/li>\n<li>\n<p class=\"\" style=\"white-space:pre-wrap;\">Kathleen (Katie) Taylor, pr\u00e9sidente du conseil, RBC; Pr\u00e9sident du conseil, Fondation SickKids<\/p>\n<\/li>\n<li>\n<p class=\"\" style=\"white-space:pre-wrap;\">Rhiannon Traill, pr\u00e9sidente-directrice g\u00e9n\u00e9rale de l&#039;Economic Club of Canada<\/p>\n<\/li>\n<li>\n<p class=\"\" style=\"white-space:pre-wrap;\">Hannah Alper, conf\u00e9renci\u00e8re motivatrice ME to WE et ambassadrice WE<\/p>\n<\/li>\n<li>\n<p class=\"\" style=\"white-space:pre-wrap;\">Jeunes ambassadeurs pour Enfants d&#039;abord Canada<\/p>\n<\/li>\n<\/ul>\n<p class=\"\" style=\"white-space:pre-wrap;\">Pour RSVP pour l&#039;\u00e9v\u00e9nement et \/ ou demander une entrevue, veuillez contacter:<\/p>\n<p class=\"\" style=\"white-space:pre-wrap;\">Andrea Chrysanthou,<br \/>Affaires publiques mondiales<br \/>416-597-3486<\/p>\n<p class=\"\" style=\"white-space:pre-wrap;\"><a href=\"mailto:achrysanthou@globalpublic.com\">achrysanthou@globalpublic.com<\/a><\/p>\n<p class=\"\" data-rte-preserve-empty=\"true\" style=\"white-space:pre-wrap;\">\n<p class=\"\" style=\"white-space:pre-wrap;\">&nbsp;<\/p>","protected":false},"excerpt":{"rendered":"<p>Nouvelle \u00e9tude nationale:<span style=\"font-size:15px\">&nbsp;<\/span><em>Les enfants ne vont pas bien<\/em><br \/>Un groupe \u00e9minent de Canadiens s&#039;associe \u00e0 un nouvel organisme sans but lucratif, Children First Canada, pour inciter le gouvernement \u00e0 favoriser un changement positif pour nos enfants<\/p>","protected":false},"author":1,"featured_media":0,"comment_status":"open","ping_status":"open","sticky":false,"template":"","format":"standard","meta":{"_acf_changed":false,"footnotes":""},"categories":[8],"tags":[],"class_list":["post-11623","post","type-post","status-publish","format-standard","hentry","category-news-happenings"],"acf":[],"yoast_head":"<!-- This site is optimized with the Yoast SEO plugin v27.5 - https:\/\/yoast.com\/product\/yoast-seo-wordpress\/ -->\n<title>Media Advisory: Event Invitation and Photo Opportunity - Children First Canada<\/title>\n<meta name=\"robots\" content=\"index, follow, max-snippet:-1, max-image-preview:large, max-video-preview:-1\" \/>\n<link rel=\"canonical\" href=\"https:\/\/childrenfirstcanada.org\/fr\/news-happenings\/media-advisory-event-invitation-and-photo-opportunity\/\" \/>\n<meta property=\"og:locale\" content=\"fr_CA\" \/>\n<meta property=\"og:type\" content=\"article\" \/>\n<meta property=\"og:title\" content=\"Media Advisory: Event Invitation and Photo Opportunity - Children First Canada\" \/>\n<meta property=\"og:description\" content=\"New national study:&nbsp;The kids are not alrightProminent group of Canadians team up with a new non-profit, Children First Canada, to influence the government to drive positive change for our children\" \/>\n<meta property=\"og:url\" content=\"https:\/\/childrenfirstcanada.org\/fr\/news-happenings\/media-advisory-event-invitation-and-photo-opportunity\/\" \/>\n<meta property=\"og:site_name\" content=\"Children First Canada\" \/>\n<meta property=\"article:published_time\" content=\"2016-11-15T23:24:00+00:00\" \/>\n<meta property=\"article:modified_time\" content=\"2021-03-04T01:30:41+00:00\" \/>\n<meta name=\"author\" content=\"wsteam\" \/>\n<meta name=\"twitter:card\" content=\"summary_large_image\" \/>\n<meta name=\"twitter:label1\" content=\"\u00c9crit par\" \/>\n\t<meta name=\"twitter:data1\" content=\"wsteam\" \/>\n\t<meta name=\"twitter:label2\" content=\"Estimation du temps de lecture\" \/>\n\t<meta name=\"twitter:data2\" content=\"2 minutes\" \/>\n<script type=\"application\/ld+json\" class=\"yoast-schema-graph\">{\"@context\":\"https:\\\/\\\/schema.org\",\"@graph\":[{\"@type\":\"Article\",\"@id\":\"https:\\\/\\\/childrenfirstcanada.org\\\/news-happenings\\\/media-advisory-event-invitation-and-photo-opportunity\\\/#article\",\"isPartOf\":{\"@id\":\"https:\\\/\\\/childrenfirstcanada.org\\\/news-happenings\\\/media-advisory-event-invitation-and-photo-opportunity\\\/\"},\"author\":{\"name\":\"wsteam\",\"@id\":\"https:\\\/\\\/childrenfirstcanada.org\\\/#\\\/schema\\\/person\\\/5ee51888c0ce671580455de0e48570be\"},\"headline\":\"Media Advisory: Event Invitation and Photo Opportunity\",\"datePublished\":\"2016-11-15T23:24:00+00:00\",\"dateModified\":\"2021-03-04T01:30:41+00:00\",\"mainEntityOfPage\":{\"@id\":\"https:\\\/\\\/childrenfirstcanada.org\\\/news-happenings\\\/media-advisory-event-invitation-and-photo-opportunity\\\/\"},\"wordCount\":397,\"commentCount\":0,\"publisher\":{\"@id\":\"https:\\\/\\\/childrenfirstcanada.org\\\/#organization\"},\"articleSection\":[\"News &amp; Happenings\"],\"inLanguage\":\"fr-CA\",\"potentialAction\":[{\"@type\":\"CommentAction\",\"name\":\"Comment\",\"target\":[\"https:\\\/\\\/childrenfirstcanada.org\\\/news-happenings\\\/media-advisory-event-invitation-and-photo-opportunity\\\/#respond\"]}]},{\"@type\":\"WebPage\",\"@id\":\"https:\\\/\\\/childrenfirstcanada.org\\\/news-happenings\\\/media-advisory-event-invitation-and-photo-opportunity\\\/\",\"url\":\"https:\\\/\\\/childrenfirstcanada.org\\\/news-happenings\\\/media-advisory-event-invitation-and-photo-opportunity\\\/\",\"name\":\"Media Advisory: Event Invitation and Photo Opportunity - Children First Canada\",\"isPartOf\":{\"@id\":\"https:\\\/\\\/childrenfirstcanada.org\\\/#website\"},\"datePublished\":\"2016-11-15T23:24:00+00:00\",\"dateModified\":\"2021-03-04T01:30:41+00:00\",\"breadcrumb\":{\"@id\":\"https:\\\/\\\/childrenfirstcanada.org\\\/news-happenings\\\/media-advisory-event-invitation-and-photo-opportunity\\\/#breadcrumb\"},\"inLanguage\":\"fr-CA\",\"potentialAction\":[{\"@type\":\"ReadAction\",\"target\":[\"https:\\\/\\\/childrenfirstcanada.org\\\/news-happenings\\\/media-advisory-event-invitation-and-photo-opportunity\\\/\"]}]},{\"@type\":\"BreadcrumbList\",\"@id\":\"https:\\\/\\\/childrenfirstcanada.org\\\/news-happenings\\\/media-advisory-event-invitation-and-photo-opportunity\\\/#breadcrumb\",\"itemListElement\":[{\"@type\":\"ListItem\",\"position\":1,\"name\":\"Home\",\"item\":\"https:\\\/\\\/childrenfirstcanada.org\\\/\"},{\"@type\":\"ListItem\",\"position\":2,\"name\":\"Media Advisory: Event Invitation and Photo Opportunity\"}]},{\"@type\":\"WebSite\",\"@id\":\"https:\\\/\\\/childrenfirstcanada.org\\\/#website\",\"url\":\"https:\\\/\\\/childrenfirstcanada.org\\\/\",\"name\":\"Children First Canada\",\"description\":\"CFC\",\"publisher\":{\"@id\":\"https:\\\/\\\/childrenfirstcanada.org\\\/#organization\"},\"potentialAction\":[{\"@type\":\"SearchAction\",\"target\":{\"@type\":\"EntryPoint\",\"urlTemplate\":\"https:\\\/\\\/childrenfirstcanada.org\\\/?s={search_term_string}\"},\"query-input\":{\"@type\":\"PropertyValueSpecification\",\"valueRequired\":true,\"valueName\":\"search_term_string\"}}],\"inLanguage\":\"fr-CA\"},{\"@type\":\"Organization\",\"@id\":\"https:\\\/\\\/childrenfirstcanada.org\\\/#organization\",\"name\":\"Children First Canada\",\"url\":\"https:\\\/\\\/childrenfirstcanada.org\\\/\",\"logo\":{\"@type\":\"ImageObject\",\"inLanguage\":\"fr-CA\",\"@id\":\"https:\\\/\\\/childrenfirstcanada.org\\\/#\\\/schema\\\/logo\\\/image\\\/\",\"url\":\"https:\\\/\\\/childrenfirstcanada.org\\\/wp-content\\\/uploads\\\/2021\\\/01\\\/CFC_Logo_white.png\",\"contentUrl\":\"https:\\\/\\\/childrenfirstcanada.org\\\/wp-content\\\/uploads\\\/2021\\\/01\\\/CFC_Logo_white.png\",\"width\":1435,\"height\":514,\"caption\":\"Children First Canada\"},\"image\":{\"@id\":\"https:\\\/\\\/childrenfirstcanada.org\\\/#\\\/schema\\\/logo\\\/image\\\/\"}},{\"@type\":\"Person\",\"@id\":\"https:\\\/\\\/childrenfirstcanada.org\\\/#\\\/schema\\\/person\\\/5ee51888c0ce671580455de0e48570be\",\"name\":\"wsteam\",\"image\":{\"@type\":\"ImageObject\",\"inLanguage\":\"fr-CA\",\"@id\":\"https:\\\/\\\/secure.gravatar.com\\\/avatar\\\/f480f3cf388144ec6432bfd6fe1f4beec77943abddae03e9c13c14b8aac26159?s=96&d=mm&r=g\",\"url\":\"https:\\\/\\\/secure.gravatar.com\\\/avatar\\\/f480f3cf388144ec6432bfd6fe1f4beec77943abddae03e9c13c14b8aac26159?s=96&d=mm&r=g\",\"contentUrl\":\"https:\\\/\\\/secure.gravatar.com\\\/avatar\\\/f480f3cf388144ec6432bfd6fe1f4beec77943abddae03e9c13c14b8aac26159?s=96&d=mm&r=g\",\"caption\":\"wsteam\"},\"sameAs\":[\"http:\\\/\\\/nostalgic-camera.flywheelsites.com\"],\"url\":\"https:\\\/\\\/childrenfirstcanada.org\\\/fr\\\/author\\\/wsteam\\\/\"}]}<\/script>\n<!-- \/ Yoast SEO plugin. -->","yoast_head_json":{"title":"Avis aux m\u00e9dias: Invitation \u00e0 un \u00e9v\u00e9nement et possibilit\u00e9 de prendre des photos - Les enfants d&#039;abord Canada","robots":{"index":"index","follow":"follow","max-snippet":"max-snippet:-1","max-image-preview":"max-image-preview:large","max-video-preview":"max-video-preview:-1"},"canonical":"https:\/\/childrenfirstcanada.org\/fr\/news-happenings\/media-advisory-event-invitation-and-photo-opportunity\/","og_locale":"fr_CA","og_type":"article","og_title":"Media Advisory: Event Invitation and Photo Opportunity - Children First Canada","og_description":"New national study:&nbsp;The kids are not alrightProminent group of Canadians team up with a new non-profit, Children First Canada, to influence the government to drive positive change for our children","og_url":"https:\/\/childrenfirstcanada.org\/fr\/news-happenings\/media-advisory-event-invitation-and-photo-opportunity\/","og_site_name":"Children First Canada","article_published_time":"2016-11-15T23:24:00+00:00","article_modified_time":"2021-03-04T01:30:41+00:00","author":"wsteam","twitter_card":"summary_large_image","twitter_misc":{"\u00c9crit par":"wsteam","Estimation du temps de lecture":"2 minutes"},"schema":{"@context":"https:\/\/schema.org","@graph":[{"@type":"Article","@id":"https:\/\/childrenfirstcanada.org\/news-happenings\/media-advisory-event-invitation-and-photo-opportunity\/#article","isPartOf":{"@id":"https:\/\/childrenfirstcanada.org\/news-happenings\/media-advisory-event-invitation-and-photo-opportunity\/"},"author":{"name":"wsteam","@id":"https:\/\/childrenfirstcanada.org\/#\/schema\/person\/5ee51888c0ce671580455de0e48570be"},"headline":"Media Advisory: Event Invitation and Photo Opportunity","datePublished":"2016-11-15T23:24:00+00:00","dateModified":"2021-03-04T01:30:41+00:00","mainEntityOfPage":{"@id":"https:\/\/childrenfirstcanada.org\/news-happenings\/media-advisory-event-invitation-and-photo-opportunity\/"},"wordCount":397,"commentCount":0,"publisher":{"@id":"https:\/\/childrenfirstcanada.org\/#organization"},"articleSection":["News &amp; Happenings"],"inLanguage":"fr-CA","potentialAction":[{"@type":"CommentAction","name":"Comment","target":["https:\/\/childrenfirstcanada.org\/news-happenings\/media-advisory-event-invitation-and-photo-opportunity\/#respond"]}]},{"@type":"WebPage","@id":"https:\/\/childrenfirstcanada.org\/news-happenings\/media-advisory-event-invitation-and-photo-opportunity\/","url":"https:\/\/childrenfirstcanada.org\/news-happenings\/media-advisory-event-invitation-and-photo-opportunity\/","name":"Avis aux m\u00e9dias: Invitation \u00e0 un \u00e9v\u00e9nement et possibilit\u00e9 de prendre des photos - Les enfants d&#039;abord Canada","isPartOf":{"@id":"https:\/\/childrenfirstcanada.org\/#website"},"datePublished":"2016-11-15T23:24:00+00:00","dateModified":"2021-03-04T01:30:41+00:00","breadcrumb":{"@id":"https:\/\/childrenfirstcanada.org\/news-happenings\/media-advisory-event-invitation-and-photo-opportunity\/#breadcrumb"},"inLanguage":"fr-CA","potentialAction":[{"@type":"ReadAction","target":["https:\/\/childrenfirstcanada.org\/news-happenings\/media-advisory-event-invitation-and-photo-opportunity\/"]}]},{"@type":"BreadcrumbList","@id":"https:\/\/childrenfirstcanada.org\/news-happenings\/media-advisory-event-invitation-and-photo-opportunity\/#breadcrumb","itemListElement":[{"@type":"ListItem","position":1,"name":"Home","item":"https:\/\/childrenfirstcanada.org\/"},{"@type":"ListItem","position":2,"name":"Media Advisory: Event Invitation and Photo Opportunity"}]},{"@type":"WebSite","@id":"https:\/\/childrenfirstcanada.org\/#website","url":"https:\/\/childrenfirstcanada.org\/","name":"Les Enfants d'abord Canada","description":"CFC","publisher":{"@id":"https:\/\/childrenfirstcanada.org\/#organization"},"potentialAction":[{"@type":"SearchAction","target":{"@type":"EntryPoint","urlTemplate":"https:\/\/childrenfirstcanada.org\/?s={search_term_string}"},"query-input":{"@type":"PropertyValueSpecification","valueRequired":true,"valueName":"search_term_string"}}],"inLanguage":"fr-CA"},{"@type":"Organization","@id":"https:\/\/childrenfirstcanada.org\/#organization","name":"Les Enfants d'abord Canada","url":"https:\/\/childrenfirstcanada.org\/","logo":{"@type":"ImageObject","inLanguage":"fr-CA","@id":"https:\/\/childrenfirstcanada.org\/#\/schema\/logo\/image\/","url":"https:\/\/childrenfirstcanada.org\/wp-content\/uploads\/2021\/01\/CFC_Logo_white.png","contentUrl":"https:\/\/childrenfirstcanada.org\/wp-content\/uploads\/2021\/01\/CFC_Logo_white.png","width":1435,"height":514,"caption":"Children First Canada"},"image":{"@id":"https:\/\/childrenfirstcanada.org\/#\/schema\/logo\/image\/"}},{"@type":"Person","@id":"https:\/\/childrenfirstcanada.org\/#\/schema\/person\/5ee51888c0ce671580455de0e48570be","name":"wsteam","image":{"@type":"ImageObject","inLanguage":"fr-CA","@id":"https:\/\/secure.gravatar.com\/avatar\/f480f3cf388144ec6432bfd6fe1f4beec77943abddae03e9c13c14b8aac26159?s=96&d=mm&r=g","url":"https:\/\/secure.gravatar.com\/avatar\/f480f3cf388144ec6432bfd6fe1f4beec77943abddae03e9c13c14b8aac26159?s=96&d=mm&r=g","contentUrl":"https:\/\/secure.gravatar.com\/avatar\/f480f3cf388144ec6432bfd6fe1f4beec77943abddae03e9c13c14b8aac26159?s=96&d=mm&r=g","caption":"wsteam"},"sameAs":["http:\/\/nostalgic-camera.flywheelsites.com"],"url":"https:\/\/childrenfirstcanada.org\/fr\/author\/wsteam\/"}]}},"_links":{"self":[{"href":"https:\/\/childrenfirstcanada.org\/fr\/wp-json\/wp\/v2\/posts\/11623","targetHints":{"allow":["GET"]}}],"collection":[{"href":"https:\/\/childrenfirstcanada.org\/fr\/wp-json\/wp\/v2\/posts"}],"about":[{"href":"https:\/\/childrenfirstcanada.org\/fr\/wp-json\/wp\/v2\/types\/post"}],"author":[{"embeddable":true,"href":"https:\/\/childrenfirstcanada.org\/fr\/wp-json\/wp\/v2\/users\/1"}],"replies":[{"embeddable":true,"href":"https:\/\/childrenfirstcanada.org\/fr\/wp-json\/wp\/v2\/comments?post=11623"}],"version-history":[{"count":0,"href":"https:\/\/childrenfirstcanada.org\/fr\/wp-json\/wp\/v2\/posts\/11623\/revisions"}],"wp:attachment":[{"href":"https:\/\/childrenfirstcanada.org\/fr\/wp-json\/wp\/v2\/media?parent=11623"}],"wp:term":[{"taxonomy":"category","embeddable":true,"href":"https:\/\/childrenfirstcanada.org\/fr\/wp-json\/wp\/v2\/categories?post=11623"},{"taxonomy":"post_tag","embeddable":true,"href":"https:\/\/childrenfirstcanada.org\/fr\/wp-json\/wp\/v2\/tags?post=11623"}],"curies":[{"name":"wp","href":"https:\/\/api.w.org\/{rel}","templated":true}]}}