{"id":138392,"date":"2022-10-18T16:53:46","date_gmt":"2022-10-18T20:53:46","guid":{"rendered":"https:\/\/cfcprod.wpengine.com\/?p=138392"},"modified":"2022-10-18T18:32:42","modified_gmt":"2022-10-18T22:32:42","slug":"join-our-national-child-day-celebrations","status":"publish","type":"post","link":"https:\/\/childrenfirstcanada.org\/fr\/national-child-day\/join-our-national-child-day-celebrations\/","title":{"rendered":"Joignez-vous \u00e0 nos c\u00e9l\u00e9brations de la Journ\u00e9e nationale de l&#039;enfant!"},"content":{"rendered":"<p>Le 20 novembre est c\u00e9l\u00e9br\u00e9 comme la Journ\u00e9e nationale de l&#039;enfant au Canada. Cette journ\u00e9e sp\u00e9ciale reconna\u00eet l&#039;engagement de notre pays \u00e0 d\u00e9fendre les droits des enfants et deux \u00e9v\u00e9nements historiques : la signature en 1959 de la D\u00e9claration des droits de l&#039;enfant des Nations Unies et l&#039;adoption de la Convention des Nations Unies relative aux droits de l&#039;enfant en 1989. journ\u00e9e est connue sous le nom de Journ\u00e9e mondiale de l&#039;enfance.<\/p>\n\n\n\n<p>Nous vous invitons \u00e0 vous joindre \u00e0 notre c\u00e9l\u00e9bration annuelle ! Cliquez ici pour obtenir des informations sur les \u00e9v\u00e9nements, des mises \u00e0 jour et des ressources.<\/p>\n\n\n\n<div class=\"wp-block-buttons is-layout-flex wp-block-buttons-is-layout-flex\">\n<div class=\"wp-block-button\"><a class=\"wp-block-button__link\" href=\"https:\/\/nationalchildday.org\/\" target=\"_blank\" rel=\"noreferrer noopener\">Apprendre encore plus<\/a><\/div>\n<\/div>","protected":false},"excerpt":{"rendered":"<p>November 20 is celebrated as National Child Day in Canada. This special day recognizes our country\u2019s commitment to upholding the rights of children and two historic events: the 1959 signing of the UN Declaration of the Rights of the Child and the adoption of the UN Convention&nbsp;on the Rights of the Child in 1989. Globally, [&hellip;]<\/p>\n","protected":false},"author":9,"featured_media":138393,"comment_status":"open","ping_status":"open","sticky":false,"template":"","format":"standard","meta":{"_acf_changed":false,"footnotes":""},"categories":[72,105,8],"tags":[],"class_list":["post-138392","post","type-post","status-publish","format-standard","has-post-thumbnail","hentry","category-featured","category-national-child-day","category-news-happenings"],"acf":[],"yoast_head":"<!-- This site is optimized with the Yoast SEO plugin v27.4 - https:\/\/yoast.com\/product\/yoast-seo-wordpress\/ -->\n<title>Join our National Child Day celebrations! - Children First Canada<\/title>\n<meta name=\"robots\" content=\"index, follow, max-snippet:-1, max-image-preview:large, max-video-preview:-1\" \/>\n<link rel=\"canonical\" href=\"https:\/\/childrenfirstcanada.org\/fr\/national-child-day\/join-our-national-child-day-celebrations\/\" \/>\n<meta property=\"og:locale\" content=\"fr_CA\" \/>\n<meta property=\"og:type\" content=\"article\" \/>\n<meta property=\"og:title\" content=\"Join our National Child Day celebrations! - Children First Canada\" \/>\n<meta property=\"og:description\" content=\"November 20 is celebrated as National Child Day in Canada. This special day recognizes our country\u2019s commitment to upholding the rights of children and two historic events: the 1959 signing of the UN Declaration of the Rights of the Child and the adoption of the UN Convention&nbsp;on the Rights of the Child in 1989. Globally, [&hellip;]\" \/>\n<meta property=\"og:url\" content=\"https:\/\/childrenfirstcanada.org\/fr\/national-child-day\/join-our-national-child-day-celebrations\/\" \/>\n<meta property=\"og:site_name\" content=\"Children First Canada\" \/>\n<meta property=\"article:published_time\" content=\"2022-10-18T20:53:46+00:00\" \/>\n<meta property=\"article:modified_time\" content=\"2022-10-18T22:32:42+00:00\" \/>\n<meta property=\"og:image\" content=\"https:\/\/childrenfirstcanada.org\/wp-content\/uploads\/2022\/10\/NCD-Post.png\" \/>\n\t<meta property=\"og:image:width\" content=\"861\" \/>\n\t<meta property=\"og:image:height\" content=\"501\" \/>\n\t<meta property=\"og:image:type\" content=\"image\/png\" \/>\n<meta name=\"author\" content=\"Aurelie\" \/>\n<meta name=\"twitter:card\" content=\"summary_large_image\" \/>\n<meta name=\"twitter:label1\" content=\"\u00c9crit par\" \/>\n\t<meta name=\"twitter:data1\" content=\"Aurelie\" \/>\n\t<meta name=\"twitter:label2\" content=\"Estimation du temps de lecture\" \/>\n\t<meta name=\"twitter:data2\" content=\"1 minute\" \/>\n<script type=\"application\/ld+json\" class=\"yoast-schema-graph\">{\"@context\":\"https:\\\/\\\/schema.org\",\"@graph\":[{\"@type\":\"Article\",\"@id\":\"https:\\\/\\\/childrenfirstcanada.org\\\/national-child-day\\\/join-our-national-child-day-celebrations\\\/#article\",\"isPartOf\":{\"@id\":\"https:\\\/\\\/childrenfirstcanada.org\\\/national-child-day\\\/join-our-national-child-day-celebrations\\\/\"},\"author\":{\"name\":\"Aurelie\",\"@id\":\"https:\\\/\\\/childrenfirstcanada.org\\\/#\\\/schema\\\/person\\\/a5cac7851b6167baa4f9e38dda6428d2\"},\"headline\":\"Join our National Child Day celebrations!\",\"datePublished\":\"2022-10-18T20:53:46+00:00\",\"dateModified\":\"2022-10-18T22:32:42+00:00\",\"mainEntityOfPage\":{\"@id\":\"https:\\\/\\\/childrenfirstcanada.org\\\/national-child-day\\\/join-our-national-child-day-celebrations\\\/\"},\"wordCount\":90,\"commentCount\":0,\"publisher\":{\"@id\":\"https:\\\/\\\/childrenfirstcanada.org\\\/#organization\"},\"image\":{\"@id\":\"https:\\\/\\\/childrenfirstcanada.org\\\/national-child-day\\\/join-our-national-child-day-celebrations\\\/#primaryimage\"},\"thumbnailUrl\":\"https:\\\/\\\/childrenfirstcanada.org\\\/wp-content\\\/uploads\\\/2022\\\/10\\\/NCD-Post.png\",\"articleSection\":[\"Featured\",\"National Child Day\",\"News &amp; Happenings\"],\"inLanguage\":\"fr-CA\",\"potentialAction\":[{\"@type\":\"CommentAction\",\"name\":\"Comment\",\"target\":[\"https:\\\/\\\/childrenfirstcanada.org\\\/national-child-day\\\/join-our-national-child-day-celebrations\\\/#respond\"]}]},{\"@type\":\"WebPage\",\"@id\":\"https:\\\/\\\/childrenfirstcanada.org\\\/national-child-day\\\/join-our-national-child-day-celebrations\\\/\",\"url\":\"https:\\\/\\\/childrenfirstcanada.org\\\/national-child-day\\\/join-our-national-child-day-celebrations\\\/\",\"name\":\"Join our National Child Day celebrations! - Children First Canada\",\"isPartOf\":{\"@id\":\"https:\\\/\\\/childrenfirstcanada.org\\\/#website\"},\"primaryImageOfPage\":{\"@id\":\"https:\\\/\\\/childrenfirstcanada.org\\\/national-child-day\\\/join-our-national-child-day-celebrations\\\/#primaryimage\"},\"image\":{\"@id\":\"https:\\\/\\\/childrenfirstcanada.org\\\/national-child-day\\\/join-our-national-child-day-celebrations\\\/#primaryimage\"},\"thumbnailUrl\":\"https:\\\/\\\/childrenfirstcanada.org\\\/wp-content\\\/uploads\\\/2022\\\/10\\\/NCD-Post.png\",\"datePublished\":\"2022-10-18T20:53:46+00:00\",\"dateModified\":\"2022-10-18T22:32:42+00:00\",\"breadcrumb\":{\"@id\":\"https:\\\/\\\/childrenfirstcanada.org\\\/national-child-day\\\/join-our-national-child-day-celebrations\\\/#breadcrumb\"},\"inLanguage\":\"fr-CA\",\"potentialAction\":[{\"@type\":\"ReadAction\",\"target\":[\"https:\\\/\\\/childrenfirstcanada.org\\\/national-child-day\\\/join-our-national-child-day-celebrations\\\/\"]}]},{\"@type\":\"ImageObject\",\"inLanguage\":\"fr-CA\",\"@id\":\"https:\\\/\\\/childrenfirstcanada.org\\\/national-child-day\\\/join-our-national-child-day-celebrations\\\/#primaryimage\",\"url\":\"https:\\\/\\\/childrenfirstcanada.org\\\/wp-content\\\/uploads\\\/2022\\\/10\\\/NCD-Post.png\",\"contentUrl\":\"https:\\\/\\\/childrenfirstcanada.org\\\/wp-content\\\/uploads\\\/2022\\\/10\\\/NCD-Post.png\",\"width\":861,\"height\":501},{\"@type\":\"BreadcrumbList\",\"@id\":\"https:\\\/\\\/childrenfirstcanada.org\\\/national-child-day\\\/join-our-national-child-day-celebrations\\\/#breadcrumb\",\"itemListElement\":[{\"@type\":\"ListItem\",\"position\":1,\"name\":\"Home\",\"item\":\"https:\\\/\\\/childrenfirstcanada.org\\\/\"},{\"@type\":\"ListItem\",\"position\":2,\"name\":\"Join our National Child Day celebrations!\"}]},{\"@type\":\"WebSite\",\"@id\":\"https:\\\/\\\/childrenfirstcanada.org\\\/#website\",\"url\":\"https:\\\/\\\/childrenfirstcanada.org\\\/\",\"name\":\"Children First Canada\",\"description\":\"CFC\",\"publisher\":{\"@id\":\"https:\\\/\\\/childrenfirstcanada.org\\\/#organization\"},\"potentialAction\":[{\"@type\":\"SearchAction\",\"target\":{\"@type\":\"EntryPoint\",\"urlTemplate\":\"https:\\\/\\\/childrenfirstcanada.org\\\/?s={search_term_string}\"},\"query-input\":{\"@type\":\"PropertyValueSpecification\",\"valueRequired\":true,\"valueName\":\"search_term_string\"}}],\"inLanguage\":\"fr-CA\"},{\"@type\":\"Organization\",\"@id\":\"https:\\\/\\\/childrenfirstcanada.org\\\/#organization\",\"name\":\"Children First Canada\",\"url\":\"https:\\\/\\\/childrenfirstcanada.org\\\/\",\"logo\":{\"@type\":\"ImageObject\",\"inLanguage\":\"fr-CA\",\"@id\":\"https:\\\/\\\/childrenfirstcanada.org\\\/#\\\/schema\\\/logo\\\/image\\\/\",\"url\":\"https:\\\/\\\/childrenfirstcanada.org\\\/wp-content\\\/uploads\\\/2021\\\/01\\\/CFC_Logo_white.png\",\"contentUrl\":\"https:\\\/\\\/childrenfirstcanada.org\\\/wp-content\\\/uploads\\\/2021\\\/01\\\/CFC_Logo_white.png\",\"width\":1435,\"height\":514,\"caption\":\"Children First Canada\"},\"image\":{\"@id\":\"https:\\\/\\\/childrenfirstcanada.org\\\/#\\\/schema\\\/logo\\\/image\\\/\"}},{\"@type\":\"Person\",\"@id\":\"https:\\\/\\\/childrenfirstcanada.org\\\/#\\\/schema\\\/person\\\/a5cac7851b6167baa4f9e38dda6428d2\",\"name\":\"Aurelie\",\"image\":{\"@type\":\"ImageObject\",\"inLanguage\":\"fr-CA\",\"@id\":\"https:\\\/\\\/secure.gravatar.com\\\/avatar\\\/49a3374f9d07fbb003c17aa60eca50f9fd2a82f9c1428d6fbb46b5c5696b44e2?s=96&d=mm&r=g\",\"url\":\"https:\\\/\\\/secure.gravatar.com\\\/avatar\\\/49a3374f9d07fbb003c17aa60eca50f9fd2a82f9c1428d6fbb46b5c5696b44e2?s=96&d=mm&r=g\",\"contentUrl\":\"https:\\\/\\\/secure.gravatar.com\\\/avatar\\\/49a3374f9d07fbb003c17aa60eca50f9fd2a82f9c1428d6fbb46b5c5696b44e2?s=96&d=mm&r=g\",\"caption\":\"Aurelie\"},\"url\":\"https:\\\/\\\/childrenfirstcanada.org\\\/fr\\\/author\\\/aurelie\\\/\"}]}<\/script>\n<!-- \/ Yoast SEO plugin. -->","yoast_head_json":{"title":"Joignez-vous \u00e0 nos c\u00e9l\u00e9brations de la Journ\u00e9e nationale de l&#039;enfant\u00a0! - Les enfants d&#039;abord Canada","robots":{"index":"index","follow":"follow","max-snippet":"max-snippet:-1","max-image-preview":"max-image-preview:large","max-video-preview":"max-video-preview:-1"},"canonical":"https:\/\/childrenfirstcanada.org\/fr\/national-child-day\/join-our-national-child-day-celebrations\/","og_locale":"fr_CA","og_type":"article","og_title":"Join our National Child Day celebrations! - Children First Canada","og_description":"November 20 is celebrated as National Child Day in Canada. This special day recognizes our country\u2019s commitment to upholding the rights of children and two historic events: the 1959 signing of the UN Declaration of the Rights of the Child and the adoption of the UN Convention&nbsp;on the Rights of the Child in 1989. Globally, [&hellip;]","og_url":"https:\/\/childrenfirstcanada.org\/fr\/national-child-day\/join-our-national-child-day-celebrations\/","og_site_name":"Children First Canada","article_published_time":"2022-10-18T20:53:46+00:00","article_modified_time":"2022-10-18T22:32:42+00:00","og_image":[{"width":861,"height":501,"url":"https:\/\/childrenfirstcanada.org\/wp-content\/uploads\/2022\/10\/NCD-Post.png","type":"image\/png"}],"author":"Aurelie","twitter_card":"summary_large_image","twitter_misc":{"\u00c9crit par":"Aurelie","Estimation du temps de lecture":"1 minute"},"schema":{"@context":"https:\/\/schema.org","@graph":[{"@type":"Article","@id":"https:\/\/childrenfirstcanada.org\/national-child-day\/join-our-national-child-day-celebrations\/#article","isPartOf":{"@id":"https:\/\/childrenfirstcanada.org\/national-child-day\/join-our-national-child-day-celebrations\/"},"author":{"name":"Aurelie","@id":"https:\/\/childrenfirstcanada.org\/#\/schema\/person\/a5cac7851b6167baa4f9e38dda6428d2"},"headline":"Join our National Child Day celebrations!","datePublished":"2022-10-18T20:53:46+00:00","dateModified":"2022-10-18T22:32:42+00:00","mainEntityOfPage":{"@id":"https:\/\/childrenfirstcanada.org\/national-child-day\/join-our-national-child-day-celebrations\/"},"wordCount":90,"commentCount":0,"publisher":{"@id":"https:\/\/childrenfirstcanada.org\/#organization"},"image":{"@id":"https:\/\/childrenfirstcanada.org\/national-child-day\/join-our-national-child-day-celebrations\/#primaryimage"},"thumbnailUrl":"https:\/\/childrenfirstcanada.org\/wp-content\/uploads\/2022\/10\/NCD-Post.png","articleSection":["Featured","National Child Day","News &amp; Happenings"],"inLanguage":"fr-CA","potentialAction":[{"@type":"CommentAction","name":"Comment","target":["https:\/\/childrenfirstcanada.org\/national-child-day\/join-our-national-child-day-celebrations\/#respond"]}]},{"@type":"WebPage","@id":"https:\/\/childrenfirstcanada.org\/national-child-day\/join-our-national-child-day-celebrations\/","url":"https:\/\/childrenfirstcanada.org\/national-child-day\/join-our-national-child-day-celebrations\/","name":"Joignez-vous \u00e0 nos c\u00e9l\u00e9brations de la Journ\u00e9e nationale de l&#039;enfant\u00a0! - Les enfants d&#039;abord Canada","isPartOf":{"@id":"https:\/\/childrenfirstcanada.org\/#website"},"primaryImageOfPage":{"@id":"https:\/\/childrenfirstcanada.org\/national-child-day\/join-our-national-child-day-celebrations\/#primaryimage"},"image":{"@id":"https:\/\/childrenfirstcanada.org\/national-child-day\/join-our-national-child-day-celebrations\/#primaryimage"},"thumbnailUrl":"https:\/\/childrenfirstcanada.org\/wp-content\/uploads\/2022\/10\/NCD-Post.png","datePublished":"2022-10-18T20:53:46+00:00","dateModified":"2022-10-18T22:32:42+00:00","breadcrumb":{"@id":"https:\/\/childrenfirstcanada.org\/national-child-day\/join-our-national-child-day-celebrations\/#breadcrumb"},"inLanguage":"fr-CA","potentialAction":[{"@type":"ReadAction","target":["https:\/\/childrenfirstcanada.org\/national-child-day\/join-our-national-child-day-celebrations\/"]}]},{"@type":"ImageObject","inLanguage":"fr-CA","@id":"https:\/\/childrenfirstcanada.org\/national-child-day\/join-our-national-child-day-celebrations\/#primaryimage","url":"https:\/\/childrenfirstcanada.org\/wp-content\/uploads\/2022\/10\/NCD-Post.png","contentUrl":"https:\/\/childrenfirstcanada.org\/wp-content\/uploads\/2022\/10\/NCD-Post.png","width":861,"height":501},{"@type":"BreadcrumbList","@id":"https:\/\/childrenfirstcanada.org\/national-child-day\/join-our-national-child-day-celebrations\/#breadcrumb","itemListElement":[{"@type":"ListItem","position":1,"name":"Home","item":"https:\/\/childrenfirstcanada.org\/"},{"@type":"ListItem","position":2,"name":"Join our National Child Day celebrations!"}]},{"@type":"WebSite","@id":"https:\/\/childrenfirstcanada.org\/#website","url":"https:\/\/childrenfirstcanada.org\/","name":"Les Enfants d'abord Canada","description":"CFC","publisher":{"@id":"https:\/\/childrenfirstcanada.org\/#organization"},"potentialAction":[{"@type":"SearchAction","target":{"@type":"EntryPoint","urlTemplate":"https:\/\/childrenfirstcanada.org\/?s={search_term_string}"},"query-input":{"@type":"PropertyValueSpecification","valueRequired":true,"valueName":"search_term_string"}}],"inLanguage":"fr-CA"},{"@type":"Organization","@id":"https:\/\/childrenfirstcanada.org\/#organization","name":"Les Enfants d'abord Canada","url":"https:\/\/childrenfirstcanada.org\/","logo":{"@type":"ImageObject","inLanguage":"fr-CA","@id":"https:\/\/childrenfirstcanada.org\/#\/schema\/logo\/image\/","url":"https:\/\/childrenfirstcanada.org\/wp-content\/uploads\/2021\/01\/CFC_Logo_white.png","contentUrl":"https:\/\/childrenfirstcanada.org\/wp-content\/uploads\/2021\/01\/CFC_Logo_white.png","width":1435,"height":514,"caption":"Children First Canada"},"image":{"@id":"https:\/\/childrenfirstcanada.org\/#\/schema\/logo\/image\/"}},{"@type":"Person","@id":"https:\/\/childrenfirstcanada.org\/#\/schema\/person\/a5cac7851b6167baa4f9e38dda6428d2","name":"Aur\u00e9lie","image":{"@type":"ImageObject","inLanguage":"fr-CA","@id":"https:\/\/secure.gravatar.com\/avatar\/49a3374f9d07fbb003c17aa60eca50f9fd2a82f9c1428d6fbb46b5c5696b44e2?s=96&d=mm&r=g","url":"https:\/\/secure.gravatar.com\/avatar\/49a3374f9d07fbb003c17aa60eca50f9fd2a82f9c1428d6fbb46b5c5696b44e2?s=96&d=mm&r=g","contentUrl":"https:\/\/secure.gravatar.com\/avatar\/49a3374f9d07fbb003c17aa60eca50f9fd2a82f9c1428d6fbb46b5c5696b44e2?s=96&d=mm&r=g","caption":"Aurelie"},"url":"https:\/\/childrenfirstcanada.org\/fr\/author\/aurelie\/"}]}},"_links":{"self":[{"href":"https:\/\/childrenfirstcanada.org\/fr\/wp-json\/wp\/v2\/posts\/138392","targetHints":{"allow":["GET"]}}],"collection":[{"href":"https:\/\/childrenfirstcanada.org\/fr\/wp-json\/wp\/v2\/posts"}],"about":[{"href":"https:\/\/childrenfirstcanada.org\/fr\/wp-json\/wp\/v2\/types\/post"}],"author":[{"embeddable":true,"href":"https:\/\/childrenfirstcanada.org\/fr\/wp-json\/wp\/v2\/users\/9"}],"replies":[{"embeddable":true,"href":"https:\/\/childrenfirstcanada.org\/fr\/wp-json\/wp\/v2\/comments?post=138392"}],"version-history":[{"count":0,"href":"https:\/\/childrenfirstcanada.org\/fr\/wp-json\/wp\/v2\/posts\/138392\/revisions"}],"wp:featuredmedia":[{"embeddable":true,"href":"https:\/\/childrenfirstcanada.org\/fr\/wp-json\/wp\/v2\/media\/138393"}],"wp:attachment":[{"href":"https:\/\/childrenfirstcanada.org\/fr\/wp-json\/wp\/v2\/media?parent=138392"}],"wp:term":[{"taxonomy":"category","embeddable":true,"href":"https:\/\/childrenfirstcanada.org\/fr\/wp-json\/wp\/v2\/categories?post=138392"},{"taxonomy":"post_tag","embeddable":true,"href":"https:\/\/childrenfirstcanada.org\/fr\/wp-json\/wp\/v2\/tags?post=138392"}],"curies":[{"name":"wp","href":"https:\/\/api.w.org\/{rel}","templated":true}]}}