{"id":138634,"date":"2022-11-30T16:05:38","date_gmt":"2022-11-30T21:05:38","guid":{"rendered":"https:\/\/cfcprod.wpengine.com\/?p=138634"},"modified":"2023-09-11T15:49:02","modified_gmt":"2023-09-11T19:49:02","slug":"call-for-research-participants","status":"publish","type":"post","link":"https:\/\/childrenfirstcanada.org\/fr\/news-happenings\/call-for-research-participants\/","title":{"rendered":"Appel \u00e0 participants \u00e0 la recherche"},"content":{"rendered":"<p>\u00c0 L&#039;ATTENTION DES PARENTS D&#039;ENFANTS ET DE JEUNES \u00c2G\u00c9S DE 0 \u00c0 18\u00a0ANS<br>\u00c0 L&#039;ATTENTION DES INTERVENANTS TRAVAILLANT AVEC LES ENFANTS ET LES JEUNES<\/p>\n\n\n\n<p>Children First Canada et l&#039;Universit\u00e9 de Calgary m\u00e8nent actuellement des recherches pour comprendre les principales menaces auxquelles sont confront\u00e9s les enfants et les jeunes au Canada, les implications de ces menaces, et pour comprendre les recommandations des intervenants, des parents et des jeunes aux d\u00e9cideurs et aux professionnels pour aller de l&#039;avant. Nous souhaitons conna\u00eetre les recommandations des parents d&#039;enfants et de jeunes pour r\u00e9pondre au mieux aux besoins de cette population vuln\u00e9rable.<\/p>\n\n\n\n<p>Le comit\u00e9 d&#039;\u00e9thique de la recherche des facult\u00e9s conjointes de l&#039;Universit\u00e9 de Calgary a approuv\u00e9 cette \u00e9tude (REB22-0372).<\/p>\n\n\n\n<p><strong>Pour participer ou en savoir plus sur la recherche, veuillez contacter :<br>Dr Monica Sesma Vazquez ou Dr Tara Collins<br>Courriel : msesmava@ucalgary.ca ou tara.collins2@ucalgary.ca<\/strong><\/p>\n\n\n\n<p>Les CFC s&#039;associent aux enfants et aux jeunes pour \u00e9laborer des politiques qui r\u00e9pondent aux pr\u00e9occupations des jeunes. Les FCC travaillent avec et pour des enfants et des jeunes de partout au pays, des enfants de diverses identit\u00e9s ethniques et religieuses, de diff\u00e9rentes nations autochtones, des jeunes de communaut\u00e9s LGBTQ2+ et des enfants aux capacit\u00e9s diverses.<\/p>\n\n\n\n<p>Tout le monde est le bienvenu!<\/p>\n\n\n\n<hr class=\"wp-block-separator has-alpha-channel-opacity\"\/>\n\n\n\n<p>\u00c0 L&#039;ATTENTION DES PARENTS D&#039;ENFANTS ET DE JEUNES \u00c2G\u00c9S DE 0 \u00c0 18 ANS&nbsp;<br>\u00c0 L&#039;ATTENTION DES INTERVENANTS QUI TRAVAILLENT AVEC LES ENFANTS ET LES JEUNES<\/p>\n\n\n\n<p>Enfants d&#039;abord Canada et l&#039;Universit\u00e9 de Calgary m\u00e8nent actuellement une recherche pour comprendre les principales menaces auxquelles font face les enfants et les jeunes au Canada, les implications de ces menaces et les recommandations des intervenants, des parents et des jeunes \u00e0 l&#039; intention des d\u00e9cideurs et des professionnels pour l&#039;avenir. Nous conna\u00eetrons les recommandations des parents d&#039;enfants et de jeunes afin de mieux r\u00e9pondre aux besoins de cette population vuln\u00e9rable.&nbsp;<br>&nbsp;<br>Le Comit\u00e9 mixte d&#039;\u00e9thique de recherche des facult\u00e9s de l&#039;Universit\u00e9 de Calgary a \u00e9t\u00e9 approuv\u00e9<br>cette \u00e9tude (REB22-0372).<\/p>\n\n\n\n<p><strong>Pour participer ou en savoir plus sur la recherche, veuillez communiquer avec :<br>Dre Monica Sesma Vazquez ou D re Tara Collins&nbsp;<br>Courriel : msesmava@ucalgary.ca ou tara.collins2@ucalgary.ca<\/strong><\/p>\n\n\n\n<p>L&#039;EAC s&#039;associe aux enfants et aux jeunes pour \u00e9laborer des politiques qui r\u00e9pondent aux pr\u00e9occupations des jeunes. EAC travaille avec et pour les enfants et les jeunes de partout au pays, les enfants de diverses identit\u00e9s ethniques et religieuses et de diff\u00e9rentes nations autochtones, les jeunes des communaut\u00e9s LGBTQ2+ et les enfants aux capacit\u00e9s diverses.&nbsp;<\/p>\n\n\n\n<p>Tout le monde est le bienvenu\u00a0!<\/p>","protected":false},"excerpt":{"rendered":"<p>ATTENTION PARENTS OF CHILDREN AND YOUTH AGES 0-18ATTENTION STAKEHOLDERS WORKING WITH CHILDREN AND YOUTH Children First Canada and the University of Calgary are currently conducting research to understand the top threats that children and youth in Canada face, the implications of these threats, and to understand stakeholders, parents and young people\u2019s recommendations for policymakers and [&hellip;]<\/p>\n","protected":false},"author":9,"featured_media":138635,"comment_status":"open","ping_status":"open","sticky":false,"template":"","format":"standard","meta":{"_acf_changed":false,"footnotes":""},"categories":[72,8],"tags":[156],"class_list":["post-138634","post","type-post","status-publish","format-standard","has-post-thumbnail","hentry","category-featured","category-news-happenings","tag-call-for-research"],"acf":[],"yoast_head":"<!-- This site is optimized with the Yoast SEO plugin v27.4 - https:\/\/yoast.com\/product\/yoast-seo-wordpress\/ -->\n<title>Call for research participants - Children First Canada<\/title>\n<meta name=\"robots\" content=\"index, follow, max-snippet:-1, max-image-preview:large, max-video-preview:-1\" \/>\n<link rel=\"canonical\" href=\"https:\/\/childrenfirstcanada.org\/fr\/news-happenings\/call-for-research-participants\/\" \/>\n<meta property=\"og:locale\" content=\"fr_CA\" \/>\n<meta property=\"og:type\" content=\"article\" \/>\n<meta property=\"og:title\" content=\"Call for research participants - Children First Canada\" \/>\n<meta property=\"og:description\" content=\"ATTENTION PARENTS OF CHILDREN AND YOUTH AGES 0-18ATTENTION STAKEHOLDERS WORKING WITH CHILDREN AND YOUTH Children First Canada and the University of Calgary are currently conducting research to understand the top threats that children and youth in Canada face, the implications of these threats, and to understand stakeholders, parents and young people\u2019s recommendations for policymakers and [&hellip;]\" \/>\n<meta property=\"og:url\" content=\"https:\/\/childrenfirstcanada.org\/fr\/news-happenings\/call-for-research-participants\/\" \/>\n<meta property=\"og:site_name\" content=\"Children First Canada\" \/>\n<meta property=\"article:published_time\" content=\"2022-11-30T21:05:38+00:00\" \/>\n<meta property=\"article:modified_time\" content=\"2023-09-11T19:49:02+00:00\" \/>\n<meta property=\"og:image\" content=\"https:\/\/childrenfirstcanada.org\/wp-content\/uploads\/2022\/11\/CFC-SOCIAL-AND-WEB-TEMPLATE_Participants-01.png\" \/>\n\t<meta property=\"og:image:width\" content=\"1793\" \/>\n\t<meta property=\"og:image:height\" content=\"1042\" \/>\n\t<meta property=\"og:image:type\" content=\"image\/png\" \/>\n<meta name=\"author\" content=\"Aurelie\" \/>\n<meta name=\"twitter:card\" content=\"summary_large_image\" \/>\n<meta name=\"twitter:label1\" content=\"\u00c9crit par\" \/>\n\t<meta name=\"twitter:data1\" content=\"Aurelie\" \/>\n\t<meta name=\"twitter:label2\" content=\"Estimation du temps de lecture\" \/>\n\t<meta name=\"twitter:data2\" content=\"2 minutes\" \/>\n<script type=\"application\/ld+json\" class=\"yoast-schema-graph\">{\"@context\":\"https:\\\/\\\/schema.org\",\"@graph\":[{\"@type\":\"Article\",\"@id\":\"https:\\\/\\\/childrenfirstcanada.org\\\/news-happenings\\\/call-for-research-participants\\\/#article\",\"isPartOf\":{\"@id\":\"https:\\\/\\\/childrenfirstcanada.org\\\/news-happenings\\\/call-for-research-participants\\\/\"},\"author\":{\"name\":\"Aurelie\",\"@id\":\"https:\\\/\\\/childrenfirstcanada.org\\\/#\\\/schema\\\/person\\\/a5cac7851b6167baa4f9e38dda6428d2\"},\"headline\":\"Call for research participants\",\"datePublished\":\"2022-11-30T21:05:38+00:00\",\"dateModified\":\"2023-09-11T19:49:02+00:00\",\"mainEntityOfPage\":{\"@id\":\"https:\\\/\\\/childrenfirstcanada.org\\\/news-happenings\\\/call-for-research-participants\\\/\"},\"wordCount\":407,\"commentCount\":0,\"publisher\":{\"@id\":\"https:\\\/\\\/childrenfirstcanada.org\\\/#organization\"},\"image\":{\"@id\":\"https:\\\/\\\/childrenfirstcanada.org\\\/news-happenings\\\/call-for-research-participants\\\/#primaryimage\"},\"thumbnailUrl\":\"https:\\\/\\\/childrenfirstcanada.org\\\/wp-content\\\/uploads\\\/2022\\\/11\\\/CFC-SOCIAL-AND-WEB-TEMPLATE_Participants-01.png\",\"keywords\":[\"Call for research\"],\"articleSection\":[\"Featured\",\"News &amp; Happenings\"],\"inLanguage\":\"fr-CA\",\"potentialAction\":[{\"@type\":\"CommentAction\",\"name\":\"Comment\",\"target\":[\"https:\\\/\\\/childrenfirstcanada.org\\\/news-happenings\\\/call-for-research-participants\\\/#respond\"]}]},{\"@type\":\"WebPage\",\"@id\":\"https:\\\/\\\/childrenfirstcanada.org\\\/news-happenings\\\/call-for-research-participants\\\/\",\"url\":\"https:\\\/\\\/childrenfirstcanada.org\\\/news-happenings\\\/call-for-research-participants\\\/\",\"name\":\"Call for research participants - Children First Canada\",\"isPartOf\":{\"@id\":\"https:\\\/\\\/childrenfirstcanada.org\\\/#website\"},\"primaryImageOfPage\":{\"@id\":\"https:\\\/\\\/childrenfirstcanada.org\\\/news-happenings\\\/call-for-research-participants\\\/#primaryimage\"},\"image\":{\"@id\":\"https:\\\/\\\/childrenfirstcanada.org\\\/news-happenings\\\/call-for-research-participants\\\/#primaryimage\"},\"thumbnailUrl\":\"https:\\\/\\\/childrenfirstcanada.org\\\/wp-content\\\/uploads\\\/2022\\\/11\\\/CFC-SOCIAL-AND-WEB-TEMPLATE_Participants-01.png\",\"datePublished\":\"2022-11-30T21:05:38+00:00\",\"dateModified\":\"2023-09-11T19:49:02+00:00\",\"breadcrumb\":{\"@id\":\"https:\\\/\\\/childrenfirstcanada.org\\\/news-happenings\\\/call-for-research-participants\\\/#breadcrumb\"},\"inLanguage\":\"fr-CA\",\"potentialAction\":[{\"@type\":\"ReadAction\",\"target\":[\"https:\\\/\\\/childrenfirstcanada.org\\\/news-happenings\\\/call-for-research-participants\\\/\"]}]},{\"@type\":\"ImageObject\",\"inLanguage\":\"fr-CA\",\"@id\":\"https:\\\/\\\/childrenfirstcanada.org\\\/news-happenings\\\/call-for-research-participants\\\/#primaryimage\",\"url\":\"https:\\\/\\\/childrenfirstcanada.org\\\/wp-content\\\/uploads\\\/2022\\\/11\\\/CFC-SOCIAL-AND-WEB-TEMPLATE_Participants-01.png\",\"contentUrl\":\"https:\\\/\\\/childrenfirstcanada.org\\\/wp-content\\\/uploads\\\/2022\\\/11\\\/CFC-SOCIAL-AND-WEB-TEMPLATE_Participants-01.png\",\"width\":1793,\"height\":1042},{\"@type\":\"BreadcrumbList\",\"@id\":\"https:\\\/\\\/childrenfirstcanada.org\\\/news-happenings\\\/call-for-research-participants\\\/#breadcrumb\",\"itemListElement\":[{\"@type\":\"ListItem\",\"position\":1,\"name\":\"Home\",\"item\":\"https:\\\/\\\/childrenfirstcanada.org\\\/\"},{\"@type\":\"ListItem\",\"position\":2,\"name\":\"Call for research participants\"}]},{\"@type\":\"WebSite\",\"@id\":\"https:\\\/\\\/childrenfirstcanada.org\\\/#website\",\"url\":\"https:\\\/\\\/childrenfirstcanada.org\\\/\",\"name\":\"Children First Canada\",\"description\":\"CFC\",\"publisher\":{\"@id\":\"https:\\\/\\\/childrenfirstcanada.org\\\/#organization\"},\"potentialAction\":[{\"@type\":\"SearchAction\",\"target\":{\"@type\":\"EntryPoint\",\"urlTemplate\":\"https:\\\/\\\/childrenfirstcanada.org\\\/?s={search_term_string}\"},\"query-input\":{\"@type\":\"PropertyValueSpecification\",\"valueRequired\":true,\"valueName\":\"search_term_string\"}}],\"inLanguage\":\"fr-CA\"},{\"@type\":\"Organization\",\"@id\":\"https:\\\/\\\/childrenfirstcanada.org\\\/#organization\",\"name\":\"Children First Canada\",\"url\":\"https:\\\/\\\/childrenfirstcanada.org\\\/\",\"logo\":{\"@type\":\"ImageObject\",\"inLanguage\":\"fr-CA\",\"@id\":\"https:\\\/\\\/childrenfirstcanada.org\\\/#\\\/schema\\\/logo\\\/image\\\/\",\"url\":\"https:\\\/\\\/childrenfirstcanada.org\\\/wp-content\\\/uploads\\\/2021\\\/01\\\/CFC_Logo_white.png\",\"contentUrl\":\"https:\\\/\\\/childrenfirstcanada.org\\\/wp-content\\\/uploads\\\/2021\\\/01\\\/CFC_Logo_white.png\",\"width\":1435,\"height\":514,\"caption\":\"Children First Canada\"},\"image\":{\"@id\":\"https:\\\/\\\/childrenfirstcanada.org\\\/#\\\/schema\\\/logo\\\/image\\\/\"}},{\"@type\":\"Person\",\"@id\":\"https:\\\/\\\/childrenfirstcanada.org\\\/#\\\/schema\\\/person\\\/a5cac7851b6167baa4f9e38dda6428d2\",\"name\":\"Aurelie\",\"image\":{\"@type\":\"ImageObject\",\"inLanguage\":\"fr-CA\",\"@id\":\"https:\\\/\\\/secure.gravatar.com\\\/avatar\\\/49a3374f9d07fbb003c17aa60eca50f9fd2a82f9c1428d6fbb46b5c5696b44e2?s=96&d=mm&r=g\",\"url\":\"https:\\\/\\\/secure.gravatar.com\\\/avatar\\\/49a3374f9d07fbb003c17aa60eca50f9fd2a82f9c1428d6fbb46b5c5696b44e2?s=96&d=mm&r=g\",\"contentUrl\":\"https:\\\/\\\/secure.gravatar.com\\\/avatar\\\/49a3374f9d07fbb003c17aa60eca50f9fd2a82f9c1428d6fbb46b5c5696b44e2?s=96&d=mm&r=g\",\"caption\":\"Aurelie\"},\"url\":\"https:\\\/\\\/childrenfirstcanada.org\\\/fr\\\/author\\\/aurelie\\\/\"}]}<\/script>\n<!-- \/ Yoast SEO plugin. -->","yoast_head_json":{"title":"Appel \u00e0 participants \u00e0 la recherche - Children First Canada","robots":{"index":"index","follow":"follow","max-snippet":"max-snippet:-1","max-image-preview":"max-image-preview:large","max-video-preview":"max-video-preview:-1"},"canonical":"https:\/\/childrenfirstcanada.org\/fr\/news-happenings\/call-for-research-participants\/","og_locale":"fr_CA","og_type":"article","og_title":"Call for research participants - Children First Canada","og_description":"ATTENTION PARENTS OF CHILDREN AND YOUTH AGES 0-18ATTENTION STAKEHOLDERS WORKING WITH CHILDREN AND YOUTH Children First Canada and the University of Calgary are currently conducting research to understand the top threats that children and youth in Canada face, the implications of these threats, and to understand stakeholders, parents and young people\u2019s recommendations for policymakers and [&hellip;]","og_url":"https:\/\/childrenfirstcanada.org\/fr\/news-happenings\/call-for-research-participants\/","og_site_name":"Children First Canada","article_published_time":"2022-11-30T21:05:38+00:00","article_modified_time":"2023-09-11T19:49:02+00:00","og_image":[{"width":1793,"height":1042,"url":"https:\/\/childrenfirstcanada.org\/wp-content\/uploads\/2022\/11\/CFC-SOCIAL-AND-WEB-TEMPLATE_Participants-01.png","type":"image\/png"}],"author":"Aurelie","twitter_card":"summary_large_image","twitter_misc":{"\u00c9crit par":"Aurelie","Estimation du temps de lecture":"2 minutes"},"schema":{"@context":"https:\/\/schema.org","@graph":[{"@type":"Article","@id":"https:\/\/childrenfirstcanada.org\/news-happenings\/call-for-research-participants\/#article","isPartOf":{"@id":"https:\/\/childrenfirstcanada.org\/news-happenings\/call-for-research-participants\/"},"author":{"name":"Aurelie","@id":"https:\/\/childrenfirstcanada.org\/#\/schema\/person\/a5cac7851b6167baa4f9e38dda6428d2"},"headline":"Call for research participants","datePublished":"2022-11-30T21:05:38+00:00","dateModified":"2023-09-11T19:49:02+00:00","mainEntityOfPage":{"@id":"https:\/\/childrenfirstcanada.org\/news-happenings\/call-for-research-participants\/"},"wordCount":407,"commentCount":0,"publisher":{"@id":"https:\/\/childrenfirstcanada.org\/#organization"},"image":{"@id":"https:\/\/childrenfirstcanada.org\/news-happenings\/call-for-research-participants\/#primaryimage"},"thumbnailUrl":"https:\/\/childrenfirstcanada.org\/wp-content\/uploads\/2022\/11\/CFC-SOCIAL-AND-WEB-TEMPLATE_Participants-01.png","keywords":["Call for research"],"articleSection":["Featured","News &amp; Happenings"],"inLanguage":"fr-CA","potentialAction":[{"@type":"CommentAction","name":"Comment","target":["https:\/\/childrenfirstcanada.org\/news-happenings\/call-for-research-participants\/#respond"]}]},{"@type":"WebPage","@id":"https:\/\/childrenfirstcanada.org\/news-happenings\/call-for-research-participants\/","url":"https:\/\/childrenfirstcanada.org\/news-happenings\/call-for-research-participants\/","name":"Appel \u00e0 participants \u00e0 la recherche - Children First Canada","isPartOf":{"@id":"https:\/\/childrenfirstcanada.org\/#website"},"primaryImageOfPage":{"@id":"https:\/\/childrenfirstcanada.org\/news-happenings\/call-for-research-participants\/#primaryimage"},"image":{"@id":"https:\/\/childrenfirstcanada.org\/news-happenings\/call-for-research-participants\/#primaryimage"},"thumbnailUrl":"https:\/\/childrenfirstcanada.org\/wp-content\/uploads\/2022\/11\/CFC-SOCIAL-AND-WEB-TEMPLATE_Participants-01.png","datePublished":"2022-11-30T21:05:38+00:00","dateModified":"2023-09-11T19:49:02+00:00","breadcrumb":{"@id":"https:\/\/childrenfirstcanada.org\/news-happenings\/call-for-research-participants\/#breadcrumb"},"inLanguage":"fr-CA","potentialAction":[{"@type":"ReadAction","target":["https:\/\/childrenfirstcanada.org\/news-happenings\/call-for-research-participants\/"]}]},{"@type":"ImageObject","inLanguage":"fr-CA","@id":"https:\/\/childrenfirstcanada.org\/news-happenings\/call-for-research-participants\/#primaryimage","url":"https:\/\/childrenfirstcanada.org\/wp-content\/uploads\/2022\/11\/CFC-SOCIAL-AND-WEB-TEMPLATE_Participants-01.png","contentUrl":"https:\/\/childrenfirstcanada.org\/wp-content\/uploads\/2022\/11\/CFC-SOCIAL-AND-WEB-TEMPLATE_Participants-01.png","width":1793,"height":1042},{"@type":"BreadcrumbList","@id":"https:\/\/childrenfirstcanada.org\/news-happenings\/call-for-research-participants\/#breadcrumb","itemListElement":[{"@type":"ListItem","position":1,"name":"Home","item":"https:\/\/childrenfirstcanada.org\/"},{"@type":"ListItem","position":2,"name":"Call for research participants"}]},{"@type":"WebSite","@id":"https:\/\/childrenfirstcanada.org\/#website","url":"https:\/\/childrenfirstcanada.org\/","name":"Les Enfants d'abord Canada","description":"CFC","publisher":{"@id":"https:\/\/childrenfirstcanada.org\/#organization"},"potentialAction":[{"@type":"SearchAction","target":{"@type":"EntryPoint","urlTemplate":"https:\/\/childrenfirstcanada.org\/?s={search_term_string}"},"query-input":{"@type":"PropertyValueSpecification","valueRequired":true,"valueName":"search_term_string"}}],"inLanguage":"fr-CA"},{"@type":"Organization","@id":"https:\/\/childrenfirstcanada.org\/#organization","name":"Les Enfants d'abord Canada","url":"https:\/\/childrenfirstcanada.org\/","logo":{"@type":"ImageObject","inLanguage":"fr-CA","@id":"https:\/\/childrenfirstcanada.org\/#\/schema\/logo\/image\/","url":"https:\/\/childrenfirstcanada.org\/wp-content\/uploads\/2021\/01\/CFC_Logo_white.png","contentUrl":"https:\/\/childrenfirstcanada.org\/wp-content\/uploads\/2021\/01\/CFC_Logo_white.png","width":1435,"height":514,"caption":"Children First Canada"},"image":{"@id":"https:\/\/childrenfirstcanada.org\/#\/schema\/logo\/image\/"}},{"@type":"Person","@id":"https:\/\/childrenfirstcanada.org\/#\/schema\/person\/a5cac7851b6167baa4f9e38dda6428d2","name":"Aur\u00e9lie","image":{"@type":"ImageObject","inLanguage":"fr-CA","@id":"https:\/\/secure.gravatar.com\/avatar\/49a3374f9d07fbb003c17aa60eca50f9fd2a82f9c1428d6fbb46b5c5696b44e2?s=96&d=mm&r=g","url":"https:\/\/secure.gravatar.com\/avatar\/49a3374f9d07fbb003c17aa60eca50f9fd2a82f9c1428d6fbb46b5c5696b44e2?s=96&d=mm&r=g","contentUrl":"https:\/\/secure.gravatar.com\/avatar\/49a3374f9d07fbb003c17aa60eca50f9fd2a82f9c1428d6fbb46b5c5696b44e2?s=96&d=mm&r=g","caption":"Aurelie"},"url":"https:\/\/childrenfirstcanada.org\/fr\/author\/aurelie\/"}]}},"_links":{"self":[{"href":"https:\/\/childrenfirstcanada.org\/fr\/wp-json\/wp\/v2\/posts\/138634","targetHints":{"allow":["GET"]}}],"collection":[{"href":"https:\/\/childrenfirstcanada.org\/fr\/wp-json\/wp\/v2\/posts"}],"about":[{"href":"https:\/\/childrenfirstcanada.org\/fr\/wp-json\/wp\/v2\/types\/post"}],"author":[{"embeddable":true,"href":"https:\/\/childrenfirstcanada.org\/fr\/wp-json\/wp\/v2\/users\/9"}],"replies":[{"embeddable":true,"href":"https:\/\/childrenfirstcanada.org\/fr\/wp-json\/wp\/v2\/comments?post=138634"}],"version-history":[{"count":0,"href":"https:\/\/childrenfirstcanada.org\/fr\/wp-json\/wp\/v2\/posts\/138634\/revisions"}],"wp:featuredmedia":[{"embeddable":true,"href":"https:\/\/childrenfirstcanada.org\/fr\/wp-json\/wp\/v2\/media\/138635"}],"wp:attachment":[{"href":"https:\/\/childrenfirstcanada.org\/fr\/wp-json\/wp\/v2\/media?parent=138634"}],"wp:term":[{"taxonomy":"category","embeddable":true,"href":"https:\/\/childrenfirstcanada.org\/fr\/wp-json\/wp\/v2\/categories?post=138634"},{"taxonomy":"post_tag","embeddable":true,"href":"https:\/\/childrenfirstcanada.org\/fr\/wp-json\/wp\/v2\/tags?post=138634"}],"curies":[{"name":"wp","href":"https:\/\/api.w.org\/{rel}","templated":true}]}}