{"id":139008,"date":"2023-11-20T06:00:00","date_gmt":"2023-11-20T11:00:00","guid":{"rendered":"https:\/\/childrenfirstcanada.org\/?p=139008"},"modified":"2023-11-17T17:31:17","modified_gmt":"2023-11-17T22:31:17","slug":"38000-kids-will-gather-across-the-country-to-demand-action-on-childrens-rights","status":"publish","type":"post","link":"https:\/\/childrenfirstcanada.org\/fr\/press-releases\/38000-kids-will-gather-across-the-country-to-demand-action-on-childrens-rights\/","title":{"rendered":"38 000 enfants se rassembleront \u00e0 travers le pays pour exiger une action en faveur des droits des enfants, doublant ainsi le record de l&#039;ann\u00e9e derni\u00e8re !"},"content":{"rendered":"<p>Cet \u00e9v\u00e9nement survient alors que le Canada constate une augmentation de l\u2019ins\u00e9curit\u00e9 alimentaire chez les enfants, d\u2019une mauvaise sant\u00e9 mentale et de la violence contre les enfants.<\/p>\n\n\n\n<p>Le 20 novembre 2022, Calgary, AB \u2013 Plus de 38\u00a0000 enfants de la maternelle \u00e0 la 12e ann\u00e9e se rassemblent aujourd&#039;hui partout au pays, \u00e0 l&#039;occasion de la Journ\u00e9e nationale de l&#039;enfant, pour exiger que les gouvernements accordent la priorit\u00e9 \u00e0 leurs droits et libert\u00e9s.<\/p>\n\n\n\n<p>Cette ann\u00e9e marque le 30<sup>e<\/sup> anniversaire de la Journ\u00e9e nationale de l&#039;enfant au Canada et comm\u00e9more la signature en 1959 de la D\u00e9claration des Nations Unies sur les droits de l&#039;enfant et l&#039;adoption de la Convention des Nations Unies relative aux droits de l&#039;enfant en 1989. \u00c0 l&#039;\u00e9chelle mondiale, cette journ\u00e9e est connue sous le nom de Journ\u00e9e mondiale des enfants. Cette journ\u00e9e marque \u00e9galement le 5<sup>e<\/sup> anniversaire de la <a href=\"https:\/\/childrenfirstcanada.org\/fr\/campaign\/canadian-childrens-charter\/\">Charte canadienne des enfants<\/a> \u2013 un plan cr\u00e9\u00e9 par des milliers d\u2019enfants \u00e0 travers le Canada pour assurer la protection de leurs droits.<\/p>\n\n\n\n<p><a href=\"https:\/\/childrenfirstcanada.org\/fr\/\">Les Enfants d'abord Canada<\/a> (CFC), un organisme de bienfaisance national qui sert de voix ind\u00e9pendante aux 8 millions d&#039;enfants au Canada, a organis\u00e9 l&#039;\u00e9v\u00e9nement d&#039;aujourd&#039;hui, qui devrait \u00eatre le plus important de l&#039;histoire. L&#039;\u00e9v\u00e9nement virtuel r\u00e9unira des conf\u00e9renciers du Mus\u00e9e canadien des droits de la personne et d&#039;Amnesty International, ainsi que Raffi et d&#039;autres personnes d\u00e9vou\u00e9es \u00e0 la d\u00e9fense des droits des enfants.<\/p>\n\n\n\n<p>Le th\u00e8me de cette ann\u00e9e est #EveryChildEveryRight car, comme le souligne CFC, les 8 millions d&#039;enfants au Canada devraient TOUS pouvoir jouir de TOUS leurs droits ! L&#039;\u00e9v\u00e9nement virtuel de l&#039;ann\u00e9e derni\u00e8re a attir\u00e9 20\u00a0000 \u00e9tudiants de tout le pays, ainsi que des enseignants, des parents et des dirigeants du gouvernement et du secteur priv\u00e9, qui se sont r\u00e9unis pour appeler \u00e0 l&#039;action pour prot\u00e9ger les droits des enfants.<\/p>\n\n\n\n<p>\u00ab En tant que Canadiens, nous nous mobilisons sur la sc\u00e8ne mondiale pour d\u00e9fendre les droits des plus vuln\u00e9rables, mais ici, chez nous, nous ne parvenons pas \u00e0 prot\u00e9ger les droits de nos propres enfants \u00bb, d\u00e9clare Sara Austin, fondatrice et PDG de Children First Canada. \u00ab Il y a eu cette ann\u00e9e une augmentation drastique de l\u2019ins\u00e9curit\u00e9 alimentaire, de la mauvaise sant\u00e9 mentale et de la violence contre les enfants. Les enfants meurent de causes pr\u00e9visibles et \u00e9vitables, et ceux qui survivent et languissent. Dans quelle mesure la situation doit-elle \u00eatre grave pour que le gouvernement agisse\u00a0?\u00a0\u00bb<\/p>\n\n\n\n<p>\u00ab Nous nous unissons pour d\u00e9fendre nos droits et dire aux gouvernements de tout le pays que nous sommes une force qui doit \u00eatre reconnue et prioris\u00e9e \u00bb, d\u00e9clare Jos\u00e9phine, 15 ans, d&#039;Ottawa. \u00ab Nous sommes fatigu\u00e9s d\u2019attendre et nous voulons faire partie de la solution. \u00bb<\/p>\n\n\n\n<p>L&#039;\u00e9v\u00e9nement d&#039;aujourd&#039;hui lancera \u00e9galement des vid\u00e9os produites par des enfants pour promouvoir leurs droits et ce qu&#039;ils repr\u00e9sentent pour eux ; le point culminant d&#039;un concours lanc\u00e9 lors de la Journ\u00e9e nationale de l&#039;enfant l&#039;ann\u00e9e derni\u00e8re avec le soutien du gouvernement du Canada.<\/p>\n\n\n\n<p>L&#039;\u00e9v\u00e9nement de la Journ\u00e9e nationale de l&#039;enfant du CFC est rendu possible gr\u00e2ce au soutien de : TELUS, le gouvernement du Canada, SickKids, CHEO, IWK et la Fondation Muttart.<\/p>\n\n\n\n<p>Pour plus d&#039;informations sur l&#039;\u00e9v\u00e9nement de la Journ\u00e9e nationale de l&#039;enfant ou pour une entrevue avec Sara Austin, une jeune participante ou une enseignante, veuillez contacter\u00a0:<\/p>\n\n\n\n<p>Andrea Chrysanthou<\/p>\n\n\n\n<p>achrysanthou@childrenfirst.org<br>416.797-8194<\/p>\n\n\n\n<hr class=\"wp-block-separator has-alpha-channel-opacity\"\/>\n\n\n\n<p><strong>\u00c0 propos d&#039;Enfants d&#039;abord Canada:<\/strong><\/p>\n\n\n\n<p>Children First Canada (CFC) est un organisme de bienfaisance national dot\u00e9 d&#039;une vision audacieuse et ambitieuse : ensemble, nous pouvons faire du Canada le meilleur endroit au monde o\u00f9 les enfants peuvent grandir. Nous sommes une voix forte, efficace et ind\u00e9pendante pour les 8 millions d\u2019enfants au Canada, d\u00e9termin\u00e9s \u00e0 d\u00e9fendre leurs droits \u00e0 l\u2019enfance. CFC exploite la force de nombreuses organisations engag\u00e9es \u00e0 am\u00e9liorer la vie des enfants au Canada, notamment des organismes de bienfaisance et des h\u00f4pitaux pour enfants, des centres de recherche, des gouvernements, des entreprises, des dirigeants communautaires et des enfants eux-m\u00eames.<\/p>\n\n\n\n<p>Visite&nbsp;<a href=\"https:\/\/childrenfirstcanada.org\/fr\/\"><u>childrenfirstcanada.org<\/u><\/a>&nbsp;pour plus d&#039;informations.<\/p>\n\n\n\n<p><strong>\u00c0 propos de la Journ\u00e9e nationale de l&#039;enfant\u00a0:<\/strong><\/p>\n\n\n\n<p>La Journ\u00e9e nationale de l&#039;enfant honore l&#039;engagement du Canada \u00e0 d\u00e9fendre les droits des enfants et des jeunes. elle est c\u00e9l\u00e9br\u00e9e mondialement comme la Journ\u00e9e mondiale de l&#039;enfance. Le th\u00e8me de cette ann\u00e9e est&nbsp;<strong>#EveryChildEveryRight<\/strong>&nbsp;en reconnaissance de 8 millions d&#039;enfants au Canada et de leurs droits \u00e0 une enfance s\u00fbre et saine. Cette ann\u00e9e marque \u00e9galement le 5<sup>e<\/sup> anniversaire de la cr\u00e9ation du <a href=\"https:\/\/childrenfirstcanada.org\/fr\/campaign\/canadian-childrens-charter\/\">Charte canadienne des enfants<\/a> \u2013 un plan cr\u00e9\u00e9 par des milliers d\u2019enfants \u00e0 travers le pays pour assurer la protection de leurs droits.<\/p>\n\n\n\n<p>Visite&nbsp;<a href=\"https:\/\/nationalchildday.org\/\" target=\"_blank\" rel=\"noreferrer noopener\"><u>nationalchildday.org<\/u><\/a>&nbsp;pour plus d&#039;informations.<\/p>","protected":false},"excerpt":{"rendered":"<p>Event comes as Canada sees increase in child food insecurity, poor mental health and violence against kids. November 20, 2022, Calgary, AB \u2013 More than 38,000 kids from Kindergarten to Grade 12 are gathering across the country today, on National Child Day, to demand that governments prioritize their rights and freedoms. This year marks the [&hellip;]<\/p>\n","protected":false},"author":9,"featured_media":139001,"comment_status":"closed","ping_status":"open","sticky":false,"template":"","format":"standard","meta":{"_acf_changed":false,"footnotes":""},"categories":[72,9],"tags":[],"class_list":["post-139008","post","type-post","status-publish","format-standard","has-post-thumbnail","hentry","category-featured","category-press-releases"],"acf":[],"yoast_head":"<!-- This site is optimized with the Yoast SEO plugin v27.4 - https:\/\/yoast.com\/product\/yoast-seo-wordpress\/ -->\n<title>38,000 Kids Will Gather Across the Country to Demand Action on Children\u2019s Rights, Doubling Last Year\u2019s Record! - Children First Canada<\/title>\n<meta name=\"robots\" content=\"index, follow, max-snippet:-1, max-image-preview:large, max-video-preview:-1\" \/>\n<link rel=\"canonical\" href=\"https:\/\/childrenfirstcanada.org\/fr\/press-releases\/38000-kids-will-gather-across-the-country-to-demand-action-on-childrens-rights\/\" \/>\n<meta property=\"og:locale\" content=\"fr_CA\" \/>\n<meta property=\"og:type\" content=\"article\" \/>\n<meta property=\"og:title\" content=\"38,000 Kids Will Gather Across the Country to Demand Action on Children\u2019s Rights, Doubling Last Year\u2019s Record! - Children First Canada\" \/>\n<meta property=\"og:description\" content=\"Event comes as Canada sees increase in child food insecurity, poor mental health and violence against kids. November 20, 2022, Calgary, AB \u2013 More than 38,000 kids from Kindergarten to Grade 12 are gathering across the country today, on National Child Day, to demand that governments prioritize their rights and freedoms. This year marks the [&hellip;]\" \/>\n<meta property=\"og:url\" content=\"https:\/\/childrenfirstcanada.org\/fr\/press-releases\/38000-kids-will-gather-across-the-country-to-demand-action-on-childrens-rights\/\" \/>\n<meta property=\"og:site_name\" content=\"Children First Canada\" \/>\n<meta property=\"article:published_time\" content=\"2023-11-20T11:00:00+00:00\" \/>\n<meta property=\"og:image\" content=\"https:\/\/childrenfirstcanada.org\/wp-content\/uploads\/2023\/11\/NCD-web-banner_2023.jpg\" \/>\n\t<meta property=\"og:image:width\" content=\"1919\" \/>\n\t<meta property=\"og:image:height\" content=\"506\" \/>\n\t<meta property=\"og:image:type\" content=\"image\/jpeg\" \/>\n<meta name=\"author\" content=\"Aurelie\" \/>\n<meta name=\"twitter:card\" content=\"summary_large_image\" \/>\n<meta name=\"twitter:label1\" content=\"\u00c9crit par\" \/>\n\t<meta name=\"twitter:data1\" content=\"Aurelie\" \/>\n\t<meta name=\"twitter:label2\" content=\"Estimation du temps de lecture\" \/>\n\t<meta name=\"twitter:data2\" content=\"3 minutes\" \/>\n<script type=\"application\/ld+json\" class=\"yoast-schema-graph\">{\"@context\":\"https:\\\/\\\/schema.org\",\"@graph\":[{\"@type\":\"Article\",\"@id\":\"https:\\\/\\\/childrenfirstcanada.org\\\/press-releases\\\/38000-kids-will-gather-across-the-country-to-demand-action-on-childrens-rights\\\/#article\",\"isPartOf\":{\"@id\":\"https:\\\/\\\/childrenfirstcanada.org\\\/press-releases\\\/38000-kids-will-gather-across-the-country-to-demand-action-on-childrens-rights\\\/\"},\"author\":{\"name\":\"Aurelie\",\"@id\":\"https:\\\/\\\/childrenfirstcanada.org\\\/#\\\/schema\\\/person\\\/a5cac7851b6167baa4f9e38dda6428d2\"},\"headline\":\"38,000 Kids Will Gather Across the Country to Demand Action on Children\u2019s Rights, Doubling Last Year\u2019s Record!\",\"datePublished\":\"2023-11-20T11:00:00+00:00\",\"mainEntityOfPage\":{\"@id\":\"https:\\\/\\\/childrenfirstcanada.org\\\/press-releases\\\/38000-kids-will-gather-across-the-country-to-demand-action-on-childrens-rights\\\/\"},\"wordCount\":690,\"publisher\":{\"@id\":\"https:\\\/\\\/childrenfirstcanada.org\\\/#organization\"},\"image\":{\"@id\":\"https:\\\/\\\/childrenfirstcanada.org\\\/press-releases\\\/38000-kids-will-gather-across-the-country-to-demand-action-on-childrens-rights\\\/#primaryimage\"},\"thumbnailUrl\":\"https:\\\/\\\/childrenfirstcanada.org\\\/wp-content\\\/uploads\\\/2023\\\/11\\\/NCD-web-banner_2023.jpg\",\"articleSection\":[\"Featured\",\"Press Releases\"],\"inLanguage\":\"fr-CA\"},{\"@type\":\"WebPage\",\"@id\":\"https:\\\/\\\/childrenfirstcanada.org\\\/press-releases\\\/38000-kids-will-gather-across-the-country-to-demand-action-on-childrens-rights\\\/\",\"url\":\"https:\\\/\\\/childrenfirstcanada.org\\\/press-releases\\\/38000-kids-will-gather-across-the-country-to-demand-action-on-childrens-rights\\\/\",\"name\":\"38,000 Kids Will Gather Across the Country to Demand Action on Children\u2019s Rights, Doubling Last Year\u2019s Record! - Children First Canada\",\"isPartOf\":{\"@id\":\"https:\\\/\\\/childrenfirstcanada.org\\\/#website\"},\"primaryImageOfPage\":{\"@id\":\"https:\\\/\\\/childrenfirstcanada.org\\\/press-releases\\\/38000-kids-will-gather-across-the-country-to-demand-action-on-childrens-rights\\\/#primaryimage\"},\"image\":{\"@id\":\"https:\\\/\\\/childrenfirstcanada.org\\\/press-releases\\\/38000-kids-will-gather-across-the-country-to-demand-action-on-childrens-rights\\\/#primaryimage\"},\"thumbnailUrl\":\"https:\\\/\\\/childrenfirstcanada.org\\\/wp-content\\\/uploads\\\/2023\\\/11\\\/NCD-web-banner_2023.jpg\",\"datePublished\":\"2023-11-20T11:00:00+00:00\",\"breadcrumb\":{\"@id\":\"https:\\\/\\\/childrenfirstcanada.org\\\/press-releases\\\/38000-kids-will-gather-across-the-country-to-demand-action-on-childrens-rights\\\/#breadcrumb\"},\"inLanguage\":\"fr-CA\",\"potentialAction\":[{\"@type\":\"ReadAction\",\"target\":[\"https:\\\/\\\/childrenfirstcanada.org\\\/press-releases\\\/38000-kids-will-gather-across-the-country-to-demand-action-on-childrens-rights\\\/\"]}]},{\"@type\":\"ImageObject\",\"inLanguage\":\"fr-CA\",\"@id\":\"https:\\\/\\\/childrenfirstcanada.org\\\/press-releases\\\/38000-kids-will-gather-across-the-country-to-demand-action-on-childrens-rights\\\/#primaryimage\",\"url\":\"https:\\\/\\\/childrenfirstcanada.org\\\/wp-content\\\/uploads\\\/2023\\\/11\\\/NCD-web-banner_2023.jpg\",\"contentUrl\":\"https:\\\/\\\/childrenfirstcanada.org\\\/wp-content\\\/uploads\\\/2023\\\/11\\\/NCD-web-banner_2023.jpg\",\"width\":1919,\"height\":506},{\"@type\":\"BreadcrumbList\",\"@id\":\"https:\\\/\\\/childrenfirstcanada.org\\\/press-releases\\\/38000-kids-will-gather-across-the-country-to-demand-action-on-childrens-rights\\\/#breadcrumb\",\"itemListElement\":[{\"@type\":\"ListItem\",\"position\":1,\"name\":\"Home\",\"item\":\"https:\\\/\\\/childrenfirstcanada.org\\\/\"},{\"@type\":\"ListItem\",\"position\":2,\"name\":\"38,000 Kids Will Gather Across the Country to Demand Action on Children\u2019s Rights, Doubling Last Year\u2019s Record!\"}]},{\"@type\":\"WebSite\",\"@id\":\"https:\\\/\\\/childrenfirstcanada.org\\\/#website\",\"url\":\"https:\\\/\\\/childrenfirstcanada.org\\\/\",\"name\":\"Children First Canada\",\"description\":\"CFC\",\"publisher\":{\"@id\":\"https:\\\/\\\/childrenfirstcanada.org\\\/#organization\"},\"potentialAction\":[{\"@type\":\"SearchAction\",\"target\":{\"@type\":\"EntryPoint\",\"urlTemplate\":\"https:\\\/\\\/childrenfirstcanada.org\\\/?s={search_term_string}\"},\"query-input\":{\"@type\":\"PropertyValueSpecification\",\"valueRequired\":true,\"valueName\":\"search_term_string\"}}],\"inLanguage\":\"fr-CA\"},{\"@type\":\"Organization\",\"@id\":\"https:\\\/\\\/childrenfirstcanada.org\\\/#organization\",\"name\":\"Children First Canada\",\"url\":\"https:\\\/\\\/childrenfirstcanada.org\\\/\",\"logo\":{\"@type\":\"ImageObject\",\"inLanguage\":\"fr-CA\",\"@id\":\"https:\\\/\\\/childrenfirstcanada.org\\\/#\\\/schema\\\/logo\\\/image\\\/\",\"url\":\"https:\\\/\\\/childrenfirstcanada.org\\\/wp-content\\\/uploads\\\/2021\\\/01\\\/CFC_Logo_white.png\",\"contentUrl\":\"https:\\\/\\\/childrenfirstcanada.org\\\/wp-content\\\/uploads\\\/2021\\\/01\\\/CFC_Logo_white.png\",\"width\":1435,\"height\":514,\"caption\":\"Children First Canada\"},\"image\":{\"@id\":\"https:\\\/\\\/childrenfirstcanada.org\\\/#\\\/schema\\\/logo\\\/image\\\/\"}},{\"@type\":\"Person\",\"@id\":\"https:\\\/\\\/childrenfirstcanada.org\\\/#\\\/schema\\\/person\\\/a5cac7851b6167baa4f9e38dda6428d2\",\"name\":\"Aurelie\",\"image\":{\"@type\":\"ImageObject\",\"inLanguage\":\"fr-CA\",\"@id\":\"https:\\\/\\\/secure.gravatar.com\\\/avatar\\\/49a3374f9d07fbb003c17aa60eca50f9fd2a82f9c1428d6fbb46b5c5696b44e2?s=96&d=mm&r=g\",\"url\":\"https:\\\/\\\/secure.gravatar.com\\\/avatar\\\/49a3374f9d07fbb003c17aa60eca50f9fd2a82f9c1428d6fbb46b5c5696b44e2?s=96&d=mm&r=g\",\"contentUrl\":\"https:\\\/\\\/secure.gravatar.com\\\/avatar\\\/49a3374f9d07fbb003c17aa60eca50f9fd2a82f9c1428d6fbb46b5c5696b44e2?s=96&d=mm&r=g\",\"caption\":\"Aurelie\"},\"url\":\"https:\\\/\\\/childrenfirstcanada.org\\\/fr\\\/author\\\/aurelie\\\/\"}]}<\/script>\n<!-- \/ Yoast SEO plugin. -->","yoast_head_json":{"title":"38 000 enfants se rassembleront \u00e0 travers le pays pour exiger une action en faveur des droits des enfants, doublant ainsi le record de l&#039;ann\u00e9e derni\u00e8re ! - Les enfants d&#039;abord Canada","robots":{"index":"index","follow":"follow","max-snippet":"max-snippet:-1","max-image-preview":"max-image-preview:large","max-video-preview":"max-video-preview:-1"},"canonical":"https:\/\/childrenfirstcanada.org\/fr\/press-releases\/38000-kids-will-gather-across-the-country-to-demand-action-on-childrens-rights\/","og_locale":"fr_CA","og_type":"article","og_title":"38,000 Kids Will Gather Across the Country to Demand Action on Children\u2019s Rights, Doubling Last Year\u2019s Record! - Children First Canada","og_description":"Event comes as Canada sees increase in child food insecurity, poor mental health and violence against kids. November 20, 2022, Calgary, AB \u2013 More than 38,000 kids from Kindergarten to Grade 12 are gathering across the country today, on National Child Day, to demand that governments prioritize their rights and freedoms. This year marks the [&hellip;]","og_url":"https:\/\/childrenfirstcanada.org\/fr\/press-releases\/38000-kids-will-gather-across-the-country-to-demand-action-on-childrens-rights\/","og_site_name":"Children First Canada","article_published_time":"2023-11-20T11:00:00+00:00","og_image":[{"width":1919,"height":506,"url":"https:\/\/childrenfirstcanada.org\/wp-content\/uploads\/2023\/11\/NCD-web-banner_2023.jpg","type":"image\/jpeg"}],"author":"Aurelie","twitter_card":"summary_large_image","twitter_misc":{"\u00c9crit par":"Aurelie","Estimation du temps de lecture":"3 minutes"},"schema":{"@context":"https:\/\/schema.org","@graph":[{"@type":"Article","@id":"https:\/\/childrenfirstcanada.org\/press-releases\/38000-kids-will-gather-across-the-country-to-demand-action-on-childrens-rights\/#article","isPartOf":{"@id":"https:\/\/childrenfirstcanada.org\/press-releases\/38000-kids-will-gather-across-the-country-to-demand-action-on-childrens-rights\/"},"author":{"name":"Aurelie","@id":"https:\/\/childrenfirstcanada.org\/#\/schema\/person\/a5cac7851b6167baa4f9e38dda6428d2"},"headline":"38,000 Kids Will Gather Across the Country to Demand Action on Children\u2019s Rights, Doubling Last Year\u2019s Record!","datePublished":"2023-11-20T11:00:00+00:00","mainEntityOfPage":{"@id":"https:\/\/childrenfirstcanada.org\/press-releases\/38000-kids-will-gather-across-the-country-to-demand-action-on-childrens-rights\/"},"wordCount":690,"publisher":{"@id":"https:\/\/childrenfirstcanada.org\/#organization"},"image":{"@id":"https:\/\/childrenfirstcanada.org\/press-releases\/38000-kids-will-gather-across-the-country-to-demand-action-on-childrens-rights\/#primaryimage"},"thumbnailUrl":"https:\/\/childrenfirstcanada.org\/wp-content\/uploads\/2023\/11\/NCD-web-banner_2023.jpg","articleSection":["Featured","Press Releases"],"inLanguage":"fr-CA"},{"@type":"WebPage","@id":"https:\/\/childrenfirstcanada.org\/press-releases\/38000-kids-will-gather-across-the-country-to-demand-action-on-childrens-rights\/","url":"https:\/\/childrenfirstcanada.org\/press-releases\/38000-kids-will-gather-across-the-country-to-demand-action-on-childrens-rights\/","name":"38 000 enfants se rassembleront \u00e0 travers le pays pour exiger une action en faveur des droits des enfants, doublant ainsi le record de l&#039;ann\u00e9e derni\u00e8re ! - Les enfants d&#039;abord Canada","isPartOf":{"@id":"https:\/\/childrenfirstcanada.org\/#website"},"primaryImageOfPage":{"@id":"https:\/\/childrenfirstcanada.org\/press-releases\/38000-kids-will-gather-across-the-country-to-demand-action-on-childrens-rights\/#primaryimage"},"image":{"@id":"https:\/\/childrenfirstcanada.org\/press-releases\/38000-kids-will-gather-across-the-country-to-demand-action-on-childrens-rights\/#primaryimage"},"thumbnailUrl":"https:\/\/childrenfirstcanada.org\/wp-content\/uploads\/2023\/11\/NCD-web-banner_2023.jpg","datePublished":"2023-11-20T11:00:00+00:00","breadcrumb":{"@id":"https:\/\/childrenfirstcanada.org\/press-releases\/38000-kids-will-gather-across-the-country-to-demand-action-on-childrens-rights\/#breadcrumb"},"inLanguage":"fr-CA","potentialAction":[{"@type":"ReadAction","target":["https:\/\/childrenfirstcanada.org\/press-releases\/38000-kids-will-gather-across-the-country-to-demand-action-on-childrens-rights\/"]}]},{"@type":"ImageObject","inLanguage":"fr-CA","@id":"https:\/\/childrenfirstcanada.org\/press-releases\/38000-kids-will-gather-across-the-country-to-demand-action-on-childrens-rights\/#primaryimage","url":"https:\/\/childrenfirstcanada.org\/wp-content\/uploads\/2023\/11\/NCD-web-banner_2023.jpg","contentUrl":"https:\/\/childrenfirstcanada.org\/wp-content\/uploads\/2023\/11\/NCD-web-banner_2023.jpg","width":1919,"height":506},{"@type":"BreadcrumbList","@id":"https:\/\/childrenfirstcanada.org\/press-releases\/38000-kids-will-gather-across-the-country-to-demand-action-on-childrens-rights\/#breadcrumb","itemListElement":[{"@type":"ListItem","position":1,"name":"Home","item":"https:\/\/childrenfirstcanada.org\/"},{"@type":"ListItem","position":2,"name":"38,000 Kids Will Gather Across the Country to Demand Action on Children\u2019s Rights, Doubling Last Year\u2019s Record!"}]},{"@type":"WebSite","@id":"https:\/\/childrenfirstcanada.org\/#website","url":"https:\/\/childrenfirstcanada.org\/","name":"Les Enfants d'abord Canada","description":"CFC","publisher":{"@id":"https:\/\/childrenfirstcanada.org\/#organization"},"potentialAction":[{"@type":"SearchAction","target":{"@type":"EntryPoint","urlTemplate":"https:\/\/childrenfirstcanada.org\/?s={search_term_string}"},"query-input":{"@type":"PropertyValueSpecification","valueRequired":true,"valueName":"search_term_string"}}],"inLanguage":"fr-CA"},{"@type":"Organization","@id":"https:\/\/childrenfirstcanada.org\/#organization","name":"Les Enfants d'abord Canada","url":"https:\/\/childrenfirstcanada.org\/","logo":{"@type":"ImageObject","inLanguage":"fr-CA","@id":"https:\/\/childrenfirstcanada.org\/#\/schema\/logo\/image\/","url":"https:\/\/childrenfirstcanada.org\/wp-content\/uploads\/2021\/01\/CFC_Logo_white.png","contentUrl":"https:\/\/childrenfirstcanada.org\/wp-content\/uploads\/2021\/01\/CFC_Logo_white.png","width":1435,"height":514,"caption":"Children First Canada"},"image":{"@id":"https:\/\/childrenfirstcanada.org\/#\/schema\/logo\/image\/"}},{"@type":"Person","@id":"https:\/\/childrenfirstcanada.org\/#\/schema\/person\/a5cac7851b6167baa4f9e38dda6428d2","name":"Aur\u00e9lie","image":{"@type":"ImageObject","inLanguage":"fr-CA","@id":"https:\/\/secure.gravatar.com\/avatar\/49a3374f9d07fbb003c17aa60eca50f9fd2a82f9c1428d6fbb46b5c5696b44e2?s=96&d=mm&r=g","url":"https:\/\/secure.gravatar.com\/avatar\/49a3374f9d07fbb003c17aa60eca50f9fd2a82f9c1428d6fbb46b5c5696b44e2?s=96&d=mm&r=g","contentUrl":"https:\/\/secure.gravatar.com\/avatar\/49a3374f9d07fbb003c17aa60eca50f9fd2a82f9c1428d6fbb46b5c5696b44e2?s=96&d=mm&r=g","caption":"Aurelie"},"url":"https:\/\/childrenfirstcanada.org\/fr\/author\/aurelie\/"}]}},"_links":{"self":[{"href":"https:\/\/childrenfirstcanada.org\/fr\/wp-json\/wp\/v2\/posts\/139008","targetHints":{"allow":["GET"]}}],"collection":[{"href":"https:\/\/childrenfirstcanada.org\/fr\/wp-json\/wp\/v2\/posts"}],"about":[{"href":"https:\/\/childrenfirstcanada.org\/fr\/wp-json\/wp\/v2\/types\/post"}],"author":[{"embeddable":true,"href":"https:\/\/childrenfirstcanada.org\/fr\/wp-json\/wp\/v2\/users\/9"}],"replies":[{"embeddable":true,"href":"https:\/\/childrenfirstcanada.org\/fr\/wp-json\/wp\/v2\/comments?post=139008"}],"version-history":[{"count":0,"href":"https:\/\/childrenfirstcanada.org\/fr\/wp-json\/wp\/v2\/posts\/139008\/revisions"}],"wp:featuredmedia":[{"embeddable":true,"href":"https:\/\/childrenfirstcanada.org\/fr\/wp-json\/wp\/v2\/media\/139001"}],"wp:attachment":[{"href":"https:\/\/childrenfirstcanada.org\/fr\/wp-json\/wp\/v2\/media?parent=139008"}],"wp:term":[{"taxonomy":"category","embeddable":true,"href":"https:\/\/childrenfirstcanada.org\/fr\/wp-json\/wp\/v2\/categories?post=139008"},{"taxonomy":"post_tag","embeddable":true,"href":"https:\/\/childrenfirstcanada.org\/fr\/wp-json\/wp\/v2\/tags?post=139008"}],"curies":[{"name":"wp","href":"https:\/\/api.w.org\/{rel}","templated":true}]}}