{"id":139479,"date":"2025-04-14T06:00:00","date_gmt":"2025-04-14T10:00:00","guid":{"rendered":"https:\/\/childrenfirstcanada.org\/?p=139479"},"modified":"2025-04-23T10:28:17","modified_gmt":"2025-04-23T14:28:17","slug":"children-first-canada-is-seeking-six-summer-interns-to-join-our-team","status":"publish","type":"post","link":"https:\/\/childrenfirstcanada.org\/fr\/volunteering-jobs\/children-first-canada-is-seeking-six-summer-interns-to-join-our-team\/","title":{"rendered":"Children First Canada est \u00e0 la recherche de six stagiaires d&#039;\u00e9t\u00e9 pour se joindre \u00e0 notre \u00e9quipe\u00a0!"},"content":{"rendered":"<p>Enfants d\u2019abord Canada (FAC) est un organisme de bienfaisance national dot\u00e9 d\u2019une vision audacieuse et ambitieuse : ensemble, nous pouvons faire du Canada le meilleur endroit au monde o\u00f9 les enfants peuvent grandir.<\/p>\n\n\n\n<p>Les FCC agissent comme catalyseurs pour assurer l&#039;\u00e9panouissement de chaque enfant au Canada, aujourd&#039;hui et pour les g\u00e9n\u00e9rations \u00e0 venir, en prot\u00e9geant leurs droits et en les outillant pour devenir les leaders d&#039;aujourd&#039;hui et de demain. Nous mobilisons un mouvement national regroupant des organismes de bienfaisance et des h\u00f4pitaux pour enfants de premier plan, des instituts de recherche, des entreprises qui investissent dans les enfants, les enseignants, les parents et les enfants eux-m\u00eames. Nous am\u00e9liorons le bien-\u00eatre des enfants en sensibilisant davantage les Canadiens aux besoins urgents des enfants de notre pays et en incitant le gouvernement et d&#039;autres acteurs cl\u00e9s \u00e0 changer le statu quo.<\/p>\n\n\n\n<p>CFC s&#039;engage \u00e0 refl\u00e9ter et \u00e0 r\u00e9pondre \u00e0 la diversit\u00e9 des personnes et des communaut\u00e9s que nous servons et recherche cette diversit\u00e9 chez les candidats \u00e0 ce poste. Nous encourageons toutes les personnes qualifi\u00e9es \u00e0 postuler et accueillons favorablement les candidatures des personnes autochtones, noires ou racialis\u00e9es, des personnes en situation de handicap, des personnes s&#039;identifiant comme 2SLGBTQIA+ et de toute autre personne contribuant \u00e0 la diversification de notre mission. De plus, CFC s&#039;engage \u00e0 assurer la pleine inclusion de toutes les personnes qualifi\u00e9es. Dans le cadre de cet engagement, CFC veillera \u00e0 ce que les personnes en situation de handicap b\u00e9n\u00e9ficient d&#039;am\u00e9nagements. Si des am\u00e9nagements sont n\u00e9cessaires pour participer au processus de candidature ou d&#039;entrevue, pour exercer des fonctions essentielles ou pour b\u00e9n\u00e9ficier d&#039;autres avantages et privil\u00e8ges li\u00e9s \u00e0 l&#039;emploi, veuillez communiquer avec nous. <a href=\"mailto:&quot;info@childrenfirstcanada.com&quot;\">info@childrenfirstcanada.com<\/a>.<\/p>\n\n\n\n<p><strong>Type d&#039;emploi: <\/strong>Contrat de 8 semaines (\u00e0 compl\u00e9ter entre mai et ao\u00fbt 2025)<\/p>\n\n\n\n<p><strong>Compensation:<\/strong> $18 \u2013 22 par heure (selon les comp\u00e9tences et l&#039;exp\u00e9rience)<\/p>\n\n\n\n<p><strong>Date limite d&#039;inscription: <\/strong>25 avril 2025<\/p>\n\n\n\n<p><strong>Emplois disponibles :<\/strong><\/p>\n\n\n\n<ul class=\"wp-block-list\">\n<li><a href=\"https:\/\/childrenfirstcanada.org\/fr\/job_post\/special-events-program-planner\/\">Planificateur de programmes d&#039;\u00e9v\u00e9nements sp\u00e9ciaux (2 postes)<\/a><\/li>\n\n\n\n<li><a href=\"https:\/\/childrenfirstcanada.org\/fr\/job_post\/bilingual-services-coordinator\/\">Coordonnateur des services bilingues (1 poste)<\/a><\/li>\n\n\n\n<li><a href=\"https:\/\/childrenfirstcanada.org\/fr\/job_post\/research-specialist\/\">Sp\u00e9cialiste de recherche (1 poste)<\/a><\/li>\n\n\n\n<li><a href=\"https:\/\/childrenfirstcanada.org\/fr\/job_post\/communications-specialist-2025\/\">Sp\u00e9cialiste des communications (1 poste)<\/a><\/li>\n\n\n\n<li><a href=\"https:\/\/childrenfirstcanada.org\/fr\/job_post\/fundraising-campaign-manager\/\">Gestionnaire de campagne de collecte de fonds (1 poste)<\/a><\/li>\n<\/ul>\n\n\n\n<p><strong>Admissibilit\u00e9: <\/strong>Le gouvernement du Canada finance les stagiaires d&#039;\u00e9t\u00e9 par l&#039;entremise du programme Emplois d&#039;\u00e9t\u00e9 Canada. Vous devez \u00eatre \u00e2g\u00e9 de 15 \u00e0 30 ans et avoir le droit de travailler au Canada. Les \u00e9tudiants internationaux ne sont pas admissibles. En savoir plus.<\/p>\n\n\n\n<p>Ensemble, nous pouvons faire du Canada le meilleur endroit au monde o\u00f9 les enfants peuvent grandir !<\/p>","protected":false},"excerpt":{"rendered":"<p>Children First Canada (CFC) is a national charity with a bold and ambitious vision that together we can make Canada the best place in the world for kids to grow up. CFC acts as a catalyst to ensure every child in Canada thrives \u2013 now and for generations to come \u2013 by protecting their rights [&hellip;]<\/p>\n","protected":false},"author":9,"featured_media":139478,"comment_status":"closed","ping_status":"open","sticky":false,"template":"","format":"standard","meta":{"_acf_changed":false,"footnotes":""},"categories":[72,140],"tags":[],"class_list":["post-139479","post","type-post","status-publish","format-standard","has-post-thumbnail","hentry","category-featured","category-volunteering-jobs"],"acf":[],"yoast_head":"<!-- This site is optimized with the Yoast SEO plugin v27.5 - https:\/\/yoast.com\/product\/yoast-seo-wordpress\/ -->\n<title>Children First Canada is seeking six summer interns to join our team! - Children First Canada<\/title>\n<meta name=\"robots\" content=\"index, follow, max-snippet:-1, max-image-preview:large, max-video-preview:-1\" \/>\n<link rel=\"canonical\" href=\"https:\/\/childrenfirstcanada.org\/fr\/volunteering-jobs\/children-first-canada-is-seeking-six-summer-interns-to-join-our-team\/\" \/>\n<meta property=\"og:locale\" content=\"fr_CA\" \/>\n<meta property=\"og:type\" content=\"article\" \/>\n<meta property=\"og:title\" content=\"Children First Canada is seeking six summer interns to join our team! - Children First Canada\" \/>\n<meta property=\"og:description\" content=\"Children First Canada (CFC) is a national charity with a bold and ambitious vision that together we can make Canada the best place in the world for kids to grow up. CFC acts as a catalyst to ensure every child in Canada thrives \u2013 now and for generations to come \u2013 by protecting their rights [&hellip;]\" \/>\n<meta property=\"og:url\" content=\"https:\/\/childrenfirstcanada.org\/fr\/volunteering-jobs\/children-first-canada-is-seeking-six-summer-interns-to-join-our-team\/\" \/>\n<meta property=\"og:site_name\" content=\"Children First Canada\" \/>\n<meta property=\"article:published_time\" content=\"2025-04-14T10:00:00+00:00\" \/>\n<meta property=\"article:modified_time\" content=\"2025-04-23T14:28:17+00:00\" \/>\n<meta property=\"og:image\" content=\"https:\/\/childrenfirstcanada.org\/wp-content\/uploads\/2025\/04\/CFC-JOB-posting-graphic-Were-hiring.jpg\" \/>\n\t<meta property=\"og:image:width\" content=\"2134\" \/>\n\t<meta property=\"og:image:height\" content=\"1068\" \/>\n\t<meta property=\"og:image:type\" content=\"image\/jpeg\" \/>\n<meta name=\"author\" content=\"Aurelie\" \/>\n<meta name=\"twitter:card\" content=\"summary_large_image\" \/>\n<meta name=\"twitter:label1\" content=\"\u00c9crit par\" \/>\n\t<meta name=\"twitter:data1\" content=\"Aurelie\" \/>\n\t<meta name=\"twitter:label2\" content=\"Estimation du temps de lecture\" \/>\n\t<meta name=\"twitter:data2\" content=\"1 minute\" \/>\n<script type=\"application\/ld+json\" class=\"yoast-schema-graph\">{\"@context\":\"https:\\\/\\\/schema.org\",\"@graph\":[{\"@type\":\"Article\",\"@id\":\"https:\\\/\\\/childrenfirstcanada.org\\\/volunteering-jobs\\\/children-first-canada-is-seeking-six-summer-interns-to-join-our-team\\\/#article\",\"isPartOf\":{\"@id\":\"https:\\\/\\\/childrenfirstcanada.org\\\/volunteering-jobs\\\/children-first-canada-is-seeking-six-summer-interns-to-join-our-team\\\/\"},\"author\":{\"name\":\"Aurelie\",\"@id\":\"https:\\\/\\\/childrenfirstcanada.org\\\/#\\\/schema\\\/person\\\/a5cac7851b6167baa4f9e38dda6428d2\"},\"headline\":\"Children First Canada is seeking six summer interns to join our team!\",\"datePublished\":\"2025-04-14T10:00:00+00:00\",\"dateModified\":\"2025-04-23T14:28:17+00:00\",\"mainEntityOfPage\":{\"@id\":\"https:\\\/\\\/childrenfirstcanada.org\\\/volunteering-jobs\\\/children-first-canada-is-seeking-six-summer-interns-to-join-our-team\\\/\"},\"wordCount\":348,\"publisher\":{\"@id\":\"https:\\\/\\\/childrenfirstcanada.org\\\/#organization\"},\"image\":{\"@id\":\"https:\\\/\\\/childrenfirstcanada.org\\\/volunteering-jobs\\\/children-first-canada-is-seeking-six-summer-interns-to-join-our-team\\\/#primaryimage\"},\"thumbnailUrl\":\"https:\\\/\\\/childrenfirstcanada.org\\\/wp-content\\\/uploads\\\/2025\\\/04\\\/CFC-JOB-posting-graphic-Were-hiring.jpg\",\"articleSection\":[\"Featured\",\"Volunteering &amp; Jobs\"],\"inLanguage\":\"fr-CA\"},{\"@type\":\"WebPage\",\"@id\":\"https:\\\/\\\/childrenfirstcanada.org\\\/volunteering-jobs\\\/children-first-canada-is-seeking-six-summer-interns-to-join-our-team\\\/\",\"url\":\"https:\\\/\\\/childrenfirstcanada.org\\\/volunteering-jobs\\\/children-first-canada-is-seeking-six-summer-interns-to-join-our-team\\\/\",\"name\":\"Children First Canada is seeking six summer interns to join our team! - Children First Canada\",\"isPartOf\":{\"@id\":\"https:\\\/\\\/childrenfirstcanada.org\\\/#website\"},\"primaryImageOfPage\":{\"@id\":\"https:\\\/\\\/childrenfirstcanada.org\\\/volunteering-jobs\\\/children-first-canada-is-seeking-six-summer-interns-to-join-our-team\\\/#primaryimage\"},\"image\":{\"@id\":\"https:\\\/\\\/childrenfirstcanada.org\\\/volunteering-jobs\\\/children-first-canada-is-seeking-six-summer-interns-to-join-our-team\\\/#primaryimage\"},\"thumbnailUrl\":\"https:\\\/\\\/childrenfirstcanada.org\\\/wp-content\\\/uploads\\\/2025\\\/04\\\/CFC-JOB-posting-graphic-Were-hiring.jpg\",\"datePublished\":\"2025-04-14T10:00:00+00:00\",\"dateModified\":\"2025-04-23T14:28:17+00:00\",\"breadcrumb\":{\"@id\":\"https:\\\/\\\/childrenfirstcanada.org\\\/volunteering-jobs\\\/children-first-canada-is-seeking-six-summer-interns-to-join-our-team\\\/#breadcrumb\"},\"inLanguage\":\"fr-CA\",\"potentialAction\":[{\"@type\":\"ReadAction\",\"target\":[\"https:\\\/\\\/childrenfirstcanada.org\\\/volunteering-jobs\\\/children-first-canada-is-seeking-six-summer-interns-to-join-our-team\\\/\"]}]},{\"@type\":\"ImageObject\",\"inLanguage\":\"fr-CA\",\"@id\":\"https:\\\/\\\/childrenfirstcanada.org\\\/volunteering-jobs\\\/children-first-canada-is-seeking-six-summer-interns-to-join-our-team\\\/#primaryimage\",\"url\":\"https:\\\/\\\/childrenfirstcanada.org\\\/wp-content\\\/uploads\\\/2025\\\/04\\\/CFC-JOB-posting-graphic-Were-hiring.jpg\",\"contentUrl\":\"https:\\\/\\\/childrenfirstcanada.org\\\/wp-content\\\/uploads\\\/2025\\\/04\\\/CFC-JOB-posting-graphic-Were-hiring.jpg\",\"width\":2134,\"height\":1068},{\"@type\":\"BreadcrumbList\",\"@id\":\"https:\\\/\\\/childrenfirstcanada.org\\\/volunteering-jobs\\\/children-first-canada-is-seeking-six-summer-interns-to-join-our-team\\\/#breadcrumb\",\"itemListElement\":[{\"@type\":\"ListItem\",\"position\":1,\"name\":\"Home\",\"item\":\"https:\\\/\\\/childrenfirstcanada.org\\\/\"},{\"@type\":\"ListItem\",\"position\":2,\"name\":\"Children First Canada is seeking six summer interns to join our team!\"}]},{\"@type\":\"WebSite\",\"@id\":\"https:\\\/\\\/childrenfirstcanada.org\\\/#website\",\"url\":\"https:\\\/\\\/childrenfirstcanada.org\\\/\",\"name\":\"Children First Canada\",\"description\":\"CFC\",\"publisher\":{\"@id\":\"https:\\\/\\\/childrenfirstcanada.org\\\/#organization\"},\"potentialAction\":[{\"@type\":\"SearchAction\",\"target\":{\"@type\":\"EntryPoint\",\"urlTemplate\":\"https:\\\/\\\/childrenfirstcanada.org\\\/?s={search_term_string}\"},\"query-input\":{\"@type\":\"PropertyValueSpecification\",\"valueRequired\":true,\"valueName\":\"search_term_string\"}}],\"inLanguage\":\"fr-CA\"},{\"@type\":\"Organization\",\"@id\":\"https:\\\/\\\/childrenfirstcanada.org\\\/#organization\",\"name\":\"Children First Canada\",\"url\":\"https:\\\/\\\/childrenfirstcanada.org\\\/\",\"logo\":{\"@type\":\"ImageObject\",\"inLanguage\":\"fr-CA\",\"@id\":\"https:\\\/\\\/childrenfirstcanada.org\\\/#\\\/schema\\\/logo\\\/image\\\/\",\"url\":\"https:\\\/\\\/childrenfirstcanada.org\\\/wp-content\\\/uploads\\\/2021\\\/01\\\/CFC_Logo_white.png\",\"contentUrl\":\"https:\\\/\\\/childrenfirstcanada.org\\\/wp-content\\\/uploads\\\/2021\\\/01\\\/CFC_Logo_white.png\",\"width\":1435,\"height\":514,\"caption\":\"Children First Canada\"},\"image\":{\"@id\":\"https:\\\/\\\/childrenfirstcanada.org\\\/#\\\/schema\\\/logo\\\/image\\\/\"}},{\"@type\":\"Person\",\"@id\":\"https:\\\/\\\/childrenfirstcanada.org\\\/#\\\/schema\\\/person\\\/a5cac7851b6167baa4f9e38dda6428d2\",\"name\":\"Aurelie\",\"image\":{\"@type\":\"ImageObject\",\"inLanguage\":\"fr-CA\",\"@id\":\"https:\\\/\\\/secure.gravatar.com\\\/avatar\\\/49a3374f9d07fbb003c17aa60eca50f9fd2a82f9c1428d6fbb46b5c5696b44e2?s=96&d=mm&r=g\",\"url\":\"https:\\\/\\\/secure.gravatar.com\\\/avatar\\\/49a3374f9d07fbb003c17aa60eca50f9fd2a82f9c1428d6fbb46b5c5696b44e2?s=96&d=mm&r=g\",\"contentUrl\":\"https:\\\/\\\/secure.gravatar.com\\\/avatar\\\/49a3374f9d07fbb003c17aa60eca50f9fd2a82f9c1428d6fbb46b5c5696b44e2?s=96&d=mm&r=g\",\"caption\":\"Aurelie\"},\"url\":\"https:\\\/\\\/childrenfirstcanada.org\\\/fr\\\/author\\\/aurelie\\\/\"}]}<\/script>\n<!-- \/ Yoast SEO plugin. -->","yoast_head_json":{"title":"Enfants d&#039;abord Canada recherche six stagiaires d&#039;\u00e9t\u00e9 pour rejoindre son \u00e9quipe\u00a0! - Enfants d&#039;abord Canada","robots":{"index":"index","follow":"follow","max-snippet":"max-snippet:-1","max-image-preview":"max-image-preview:large","max-video-preview":"max-video-preview:-1"},"canonical":"https:\/\/childrenfirstcanada.org\/fr\/volunteering-jobs\/children-first-canada-is-seeking-six-summer-interns-to-join-our-team\/","og_locale":"fr_CA","og_type":"article","og_title":"Children First Canada is seeking six summer interns to join our team! - Children First Canada","og_description":"Children First Canada (CFC) is a national charity with a bold and ambitious vision that together we can make Canada the best place in the world for kids to grow up. CFC acts as a catalyst to ensure every child in Canada thrives \u2013 now and for generations to come \u2013 by protecting their rights [&hellip;]","og_url":"https:\/\/childrenfirstcanada.org\/fr\/volunteering-jobs\/children-first-canada-is-seeking-six-summer-interns-to-join-our-team\/","og_site_name":"Children First Canada","article_published_time":"2025-04-14T10:00:00+00:00","article_modified_time":"2025-04-23T14:28:17+00:00","og_image":[{"width":2134,"height":1068,"url":"https:\/\/childrenfirstcanada.org\/wp-content\/uploads\/2025\/04\/CFC-JOB-posting-graphic-Were-hiring.jpg","type":"image\/jpeg"}],"author":"Aurelie","twitter_card":"summary_large_image","twitter_misc":{"\u00c9crit par":"Aurelie","Estimation du temps de lecture":"1 minute"},"schema":{"@context":"https:\/\/schema.org","@graph":[{"@type":"Article","@id":"https:\/\/childrenfirstcanada.org\/volunteering-jobs\/children-first-canada-is-seeking-six-summer-interns-to-join-our-team\/#article","isPartOf":{"@id":"https:\/\/childrenfirstcanada.org\/volunteering-jobs\/children-first-canada-is-seeking-six-summer-interns-to-join-our-team\/"},"author":{"name":"Aurelie","@id":"https:\/\/childrenfirstcanada.org\/#\/schema\/person\/a5cac7851b6167baa4f9e38dda6428d2"},"headline":"Children First Canada is seeking six summer interns to join our team!","datePublished":"2025-04-14T10:00:00+00:00","dateModified":"2025-04-23T14:28:17+00:00","mainEntityOfPage":{"@id":"https:\/\/childrenfirstcanada.org\/volunteering-jobs\/children-first-canada-is-seeking-six-summer-interns-to-join-our-team\/"},"wordCount":348,"publisher":{"@id":"https:\/\/childrenfirstcanada.org\/#organization"},"image":{"@id":"https:\/\/childrenfirstcanada.org\/volunteering-jobs\/children-first-canada-is-seeking-six-summer-interns-to-join-our-team\/#primaryimage"},"thumbnailUrl":"https:\/\/childrenfirstcanada.org\/wp-content\/uploads\/2025\/04\/CFC-JOB-posting-graphic-Were-hiring.jpg","articleSection":["Featured","Volunteering &amp; Jobs"],"inLanguage":"fr-CA"},{"@type":"WebPage","@id":"https:\/\/childrenfirstcanada.org\/volunteering-jobs\/children-first-canada-is-seeking-six-summer-interns-to-join-our-team\/","url":"https:\/\/childrenfirstcanada.org\/volunteering-jobs\/children-first-canada-is-seeking-six-summer-interns-to-join-our-team\/","name":"Enfants d&#039;abord Canada recherche six stagiaires d&#039;\u00e9t\u00e9 pour rejoindre son \u00e9quipe\u00a0! - Enfants d&#039;abord Canada","isPartOf":{"@id":"https:\/\/childrenfirstcanada.org\/#website"},"primaryImageOfPage":{"@id":"https:\/\/childrenfirstcanada.org\/volunteering-jobs\/children-first-canada-is-seeking-six-summer-interns-to-join-our-team\/#primaryimage"},"image":{"@id":"https:\/\/childrenfirstcanada.org\/volunteering-jobs\/children-first-canada-is-seeking-six-summer-interns-to-join-our-team\/#primaryimage"},"thumbnailUrl":"https:\/\/childrenfirstcanada.org\/wp-content\/uploads\/2025\/04\/CFC-JOB-posting-graphic-Were-hiring.jpg","datePublished":"2025-04-14T10:00:00+00:00","dateModified":"2025-04-23T14:28:17+00:00","breadcrumb":{"@id":"https:\/\/childrenfirstcanada.org\/volunteering-jobs\/children-first-canada-is-seeking-six-summer-interns-to-join-our-team\/#breadcrumb"},"inLanguage":"fr-CA","potentialAction":[{"@type":"ReadAction","target":["https:\/\/childrenfirstcanada.org\/volunteering-jobs\/children-first-canada-is-seeking-six-summer-interns-to-join-our-team\/"]}]},{"@type":"ImageObject","inLanguage":"fr-CA","@id":"https:\/\/childrenfirstcanada.org\/volunteering-jobs\/children-first-canada-is-seeking-six-summer-interns-to-join-our-team\/#primaryimage","url":"https:\/\/childrenfirstcanada.org\/wp-content\/uploads\/2025\/04\/CFC-JOB-posting-graphic-Were-hiring.jpg","contentUrl":"https:\/\/childrenfirstcanada.org\/wp-content\/uploads\/2025\/04\/CFC-JOB-posting-graphic-Were-hiring.jpg","width":2134,"height":1068},{"@type":"BreadcrumbList","@id":"https:\/\/childrenfirstcanada.org\/volunteering-jobs\/children-first-canada-is-seeking-six-summer-interns-to-join-our-team\/#breadcrumb","itemListElement":[{"@type":"ListItem","position":1,"name":"Home","item":"https:\/\/childrenfirstcanada.org\/"},{"@type":"ListItem","position":2,"name":"Children First Canada is seeking six summer interns to join our team!"}]},{"@type":"WebSite","@id":"https:\/\/childrenfirstcanada.org\/#website","url":"https:\/\/childrenfirstcanada.org\/","name":"Les Enfants d'abord Canada","description":"CFC","publisher":{"@id":"https:\/\/childrenfirstcanada.org\/#organization"},"potentialAction":[{"@type":"SearchAction","target":{"@type":"EntryPoint","urlTemplate":"https:\/\/childrenfirstcanada.org\/?s={search_term_string}"},"query-input":{"@type":"PropertyValueSpecification","valueRequired":true,"valueName":"search_term_string"}}],"inLanguage":"fr-CA"},{"@type":"Organization","@id":"https:\/\/childrenfirstcanada.org\/#organization","name":"Les Enfants d'abord Canada","url":"https:\/\/childrenfirstcanada.org\/","logo":{"@type":"ImageObject","inLanguage":"fr-CA","@id":"https:\/\/childrenfirstcanada.org\/#\/schema\/logo\/image\/","url":"https:\/\/childrenfirstcanada.org\/wp-content\/uploads\/2021\/01\/CFC_Logo_white.png","contentUrl":"https:\/\/childrenfirstcanada.org\/wp-content\/uploads\/2021\/01\/CFC_Logo_white.png","width":1435,"height":514,"caption":"Children First Canada"},"image":{"@id":"https:\/\/childrenfirstcanada.org\/#\/schema\/logo\/image\/"}},{"@type":"Person","@id":"https:\/\/childrenfirstcanada.org\/#\/schema\/person\/a5cac7851b6167baa4f9e38dda6428d2","name":"Aur\u00e9lie","image":{"@type":"ImageObject","inLanguage":"fr-CA","@id":"https:\/\/secure.gravatar.com\/avatar\/49a3374f9d07fbb003c17aa60eca50f9fd2a82f9c1428d6fbb46b5c5696b44e2?s=96&d=mm&r=g","url":"https:\/\/secure.gravatar.com\/avatar\/49a3374f9d07fbb003c17aa60eca50f9fd2a82f9c1428d6fbb46b5c5696b44e2?s=96&d=mm&r=g","contentUrl":"https:\/\/secure.gravatar.com\/avatar\/49a3374f9d07fbb003c17aa60eca50f9fd2a82f9c1428d6fbb46b5c5696b44e2?s=96&d=mm&r=g","caption":"Aurelie"},"url":"https:\/\/childrenfirstcanada.org\/fr\/author\/aurelie\/"}]}},"_links":{"self":[{"href":"https:\/\/childrenfirstcanada.org\/fr\/wp-json\/wp\/v2\/posts\/139479","targetHints":{"allow":["GET"]}}],"collection":[{"href":"https:\/\/childrenfirstcanada.org\/fr\/wp-json\/wp\/v2\/posts"}],"about":[{"href":"https:\/\/childrenfirstcanada.org\/fr\/wp-json\/wp\/v2\/types\/post"}],"author":[{"embeddable":true,"href":"https:\/\/childrenfirstcanada.org\/fr\/wp-json\/wp\/v2\/users\/9"}],"replies":[{"embeddable":true,"href":"https:\/\/childrenfirstcanada.org\/fr\/wp-json\/wp\/v2\/comments?post=139479"}],"version-history":[{"count":0,"href":"https:\/\/childrenfirstcanada.org\/fr\/wp-json\/wp\/v2\/posts\/139479\/revisions"}],"wp:featuredmedia":[{"embeddable":true,"href":"https:\/\/childrenfirstcanada.org\/fr\/wp-json\/wp\/v2\/media\/139478"}],"wp:attachment":[{"href":"https:\/\/childrenfirstcanada.org\/fr\/wp-json\/wp\/v2\/media?parent=139479"}],"wp:term":[{"taxonomy":"category","embeddable":true,"href":"https:\/\/childrenfirstcanada.org\/fr\/wp-json\/wp\/v2\/categories?post=139479"},{"taxonomy":"post_tag","embeddable":true,"href":"https:\/\/childrenfirstcanada.org\/fr\/wp-json\/wp\/v2\/tags?post=139479"}],"curies":[{"name":"wp","href":"https:\/\/api.w.org\/{rel}","templated":true}]}}