{"id":16574,"date":"2021-11-01T15:30:00","date_gmt":"2021-11-01T15:30:00","guid":{"rendered":"https:\/\/cfcprod.wpengine.com\/?p=16574"},"modified":"2021-12-16T23:21:46","modified_gmt":"2021-12-16T23:21:46","slug":"children-first-canada-appoints-three-new-board-members","status":"publish","type":"post","link":"https:\/\/childrenfirstcanada.org\/fr\/press-releases\/children-first-canada-appoints-three-new-board-members\/","title":{"rendered":"Children First Canada nomme trois nouveaux membres au conseil d&#039;administration"},"content":{"rendered":"<p><strong>Calgary, le 1er novembre 2021 \u2013 <\/strong>Children First Canada (CFC) est heureux d&#039;annoncer la nomination d&#039;Abid Dobani, Alice Fang et Sean Sutherland au conseil d&#039;administration de CFC.<\/p>\n\n\n\n<p><a href=\"https:\/\/childrenfirstcanada.org\/fr\/team_member\/abid-dobani\/\">Abid Dobani<\/a> est un cadre sup\u00e9rieur dans le secteur financier avec 20 ans d&#039;exp\u00e9rience dans les march\u00e9s financiers mondiaux. Il est actuellement directeur g\u00e9n\u00e9ral et chef de la gestion de portefeuille, de l&#039;ex\u00e9cution et de la strat\u00e9gie pour la tr\u00e9sorerie d&#039;entreprise de la Banque Royale du Canada \u00e0 Toronto. Lui et sa femme Farah (psychologue clinicienne du d\u00e9veloppement) sont des d\u00e9fenseurs passionn\u00e9s des services de sant\u00e9 mentale accessibles aux enfants.<\/p>\n\n\n\n<p><a href=\"https:\/\/childrenfirstcanada.org\/fr\/team_member\/alice-fang\/\">Croc d&#039;Alice<\/a> est un professionnel permanent de la gestion de patrimoine et d&#039;actifs, qui pilote de multiples dimensions de l&#039;exp\u00e9rience client et de l&#039;excellence en mati\u00e8re d&#039;investissement. Bas\u00e9e \u00e0 Toronto, elle est pr\u00e9sidente et chef de la direction de NT Global Advisors, Inc. et chef de Northern Trust Asset Management au Canada.<\/p>\n\n\n\n<p><a href=\"https:\/\/childrenfirstcanada.org\/fr\/team_member\/sean-sutherland\/\">Sean Sutherland<\/a> est bas\u00e9 \u00e0 Calgary et est associ\u00e9 principal en litige chez Osler, Hoskin &amp; Harcourt LLP. Avant sa carri\u00e8re juridique, il a occup\u00e9 divers postes de direction dans la politique des jeunes. Il continue d&#039;\u00eatre un d\u00e9fenseur de l&#039;engagement civique des jeunes.<\/p>\n\n\n\n<p>Le conseil d&#039;administration des FCC comprend des personnes de divers secteurs qui se sont engag\u00e9es \u00e0 am\u00e9liorer la situation de l&#039;enfance au Canada. Chaque membre du conseil d&#039;administration joue un r\u00f4le important dans la d\u00e9fense du bien-\u00eatre des enfants et des jeunes et dans l&#039;avancement de la mission des FCC de faire du Canada le meilleur endroit au monde pour que les enfants grandissent.\u00a9<\/p>\n\n\n\n<p>Veuillez vous joindre \u00e0 nous pour souhaiter la bienvenue \u00e0 Abid Dobani, Alice Fang et Sean Sutherland au sein du conseil d&#039;administration des PPC.<\/p>","protected":false},"excerpt":{"rendered":"<p>Calgary, le 1er novembre 2021 \u2013 Children First Canada (CFC) a le plaisir d&#039;annoncer la nomination d&#039;Abid Dobani, Alice Fang et Sean Sutherland au conseil d&#039;administration de CFC.<\/p>","protected":false},"author":2,"featured_media":16575,"comment_status":"open","ping_status":"open","sticky":false,"template":"","format":"standard","meta":{"_acf_changed":false,"footnotes":""},"categories":[72,8,9],"tags":[],"class_list":["post-16574","post","type-post","status-publish","format-standard","has-post-thumbnail","hentry","category-featured","category-news-happenings","category-press-releases"],"acf":[],"yoast_head":"<!-- This site is optimized with the Yoast SEO plugin v27.4 - https:\/\/yoast.com\/product\/yoast-seo-wordpress\/ -->\n<title>Children First Canada Appoints Three New Board Members - Children First Canada<\/title>\n<meta name=\"robots\" content=\"index, follow, max-snippet:-1, max-image-preview:large, max-video-preview:-1\" \/>\n<link rel=\"canonical\" href=\"https:\/\/childrenfirstcanada.org\/fr\/press-releases\/children-first-canada-appoints-three-new-board-members\/\" \/>\n<meta property=\"og:locale\" content=\"fr_CA\" \/>\n<meta property=\"og:type\" content=\"article\" \/>\n<meta property=\"og:title\" content=\"Children First Canada Appoints Three New Board Members - Children First Canada\" \/>\n<meta property=\"og:description\" content=\"Calgary, November 1, 2021 \u2013 Children First Canada (CFC) is pleased to announce the appointment of Abid Dobani, Alice Fang and Sean Sutherland to the CFC Board of Directors.\" \/>\n<meta property=\"og:url\" content=\"https:\/\/childrenfirstcanada.org\/fr\/press-releases\/children-first-canada-appoints-three-new-board-members\/\" \/>\n<meta property=\"og:site_name\" content=\"Children First Canada\" \/>\n<meta property=\"article:published_time\" content=\"2021-11-01T15:30:00+00:00\" \/>\n<meta property=\"article:modified_time\" content=\"2021-12-16T23:21:46+00:00\" \/>\n<meta property=\"og:image\" content=\"https:\/\/childrenfirstcanada.org\/wp-content\/uploads\/2021\/11\/New-Board-Member-Post-Graphic_2-02.png\" \/>\n\t<meta property=\"og:image:width\" content=\"1723\" \/>\n\t<meta property=\"og:image:height\" content=\"1003\" \/>\n\t<meta property=\"og:image:type\" content=\"image\/png\" \/>\n<meta name=\"author\" content=\"Nicolette Beharie\" \/>\n<meta name=\"twitter:card\" content=\"summary_large_image\" \/>\n<meta name=\"twitter:label1\" content=\"\u00c9crit par\" \/>\n\t<meta name=\"twitter:data1\" content=\"Nicolette Beharie\" \/>\n\t<meta name=\"twitter:label2\" content=\"Estimation du temps de lecture\" \/>\n\t<meta name=\"twitter:data2\" content=\"2 minutes\" \/>\n<script type=\"application\/ld+json\" class=\"yoast-schema-graph\">{\"@context\":\"https:\\\/\\\/schema.org\",\"@graph\":[{\"@type\":\"Article\",\"@id\":\"https:\\\/\\\/childrenfirstcanada.org\\\/press-releases\\\/children-first-canada-appoints-three-new-board-members\\\/#article\",\"isPartOf\":{\"@id\":\"https:\\\/\\\/childrenfirstcanada.org\\\/press-releases\\\/children-first-canada-appoints-three-new-board-members\\\/\"},\"author\":{\"name\":\"Nicolette Beharie\",\"@id\":\"https:\\\/\\\/childrenfirstcanada.org\\\/#\\\/schema\\\/person\\\/d07c102274c3c20d6c7bb9c27a787e37\"},\"headline\":\"Children First Canada Appoints Three New Board Members\",\"datePublished\":\"2021-11-01T15:30:00+00:00\",\"dateModified\":\"2021-12-16T23:21:46+00:00\",\"mainEntityOfPage\":{\"@id\":\"https:\\\/\\\/childrenfirstcanada.org\\\/press-releases\\\/children-first-canada-appoints-three-new-board-members\\\/\"},\"wordCount\":251,\"commentCount\":0,\"publisher\":{\"@id\":\"https:\\\/\\\/childrenfirstcanada.org\\\/#organization\"},\"image\":{\"@id\":\"https:\\\/\\\/childrenfirstcanada.org\\\/press-releases\\\/children-first-canada-appoints-three-new-board-members\\\/#primaryimage\"},\"thumbnailUrl\":\"https:\\\/\\\/childrenfirstcanada.org\\\/wp-content\\\/uploads\\\/2021\\\/11\\\/New-Board-Member-Post-Graphic_2-02.png\",\"articleSection\":[\"Featured\",\"News &amp; Happenings\",\"Press Releases\"],\"inLanguage\":\"fr-CA\",\"potentialAction\":[{\"@type\":\"CommentAction\",\"name\":\"Comment\",\"target\":[\"https:\\\/\\\/childrenfirstcanada.org\\\/press-releases\\\/children-first-canada-appoints-three-new-board-members\\\/#respond\"]}]},{\"@type\":\"WebPage\",\"@id\":\"https:\\\/\\\/childrenfirstcanada.org\\\/press-releases\\\/children-first-canada-appoints-three-new-board-members\\\/\",\"url\":\"https:\\\/\\\/childrenfirstcanada.org\\\/press-releases\\\/children-first-canada-appoints-three-new-board-members\\\/\",\"name\":\"Children First Canada Appoints Three New Board Members - Children First Canada\",\"isPartOf\":{\"@id\":\"https:\\\/\\\/childrenfirstcanada.org\\\/#website\"},\"primaryImageOfPage\":{\"@id\":\"https:\\\/\\\/childrenfirstcanada.org\\\/press-releases\\\/children-first-canada-appoints-three-new-board-members\\\/#primaryimage\"},\"image\":{\"@id\":\"https:\\\/\\\/childrenfirstcanada.org\\\/press-releases\\\/children-first-canada-appoints-three-new-board-members\\\/#primaryimage\"},\"thumbnailUrl\":\"https:\\\/\\\/childrenfirstcanada.org\\\/wp-content\\\/uploads\\\/2021\\\/11\\\/New-Board-Member-Post-Graphic_2-02.png\",\"datePublished\":\"2021-11-01T15:30:00+00:00\",\"dateModified\":\"2021-12-16T23:21:46+00:00\",\"breadcrumb\":{\"@id\":\"https:\\\/\\\/childrenfirstcanada.org\\\/press-releases\\\/children-first-canada-appoints-three-new-board-members\\\/#breadcrumb\"},\"inLanguage\":\"fr-CA\",\"potentialAction\":[{\"@type\":\"ReadAction\",\"target\":[\"https:\\\/\\\/childrenfirstcanada.org\\\/press-releases\\\/children-first-canada-appoints-three-new-board-members\\\/\"]}]},{\"@type\":\"ImageObject\",\"inLanguage\":\"fr-CA\",\"@id\":\"https:\\\/\\\/childrenfirstcanada.org\\\/press-releases\\\/children-first-canada-appoints-three-new-board-members\\\/#primaryimage\",\"url\":\"https:\\\/\\\/childrenfirstcanada.org\\\/wp-content\\\/uploads\\\/2021\\\/11\\\/New-Board-Member-Post-Graphic_2-02.png\",\"contentUrl\":\"https:\\\/\\\/childrenfirstcanada.org\\\/wp-content\\\/uploads\\\/2021\\\/11\\\/New-Board-Member-Post-Graphic_2-02.png\",\"width\":1723,\"height\":1003,\"caption\":\"New Board Member\"},{\"@type\":\"BreadcrumbList\",\"@id\":\"https:\\\/\\\/childrenfirstcanada.org\\\/press-releases\\\/children-first-canada-appoints-three-new-board-members\\\/#breadcrumb\",\"itemListElement\":[{\"@type\":\"ListItem\",\"position\":1,\"name\":\"Home\",\"item\":\"https:\\\/\\\/childrenfirstcanada.org\\\/\"},{\"@type\":\"ListItem\",\"position\":2,\"name\":\"Children First Canada Appoints Three New Board Members\"}]},{\"@type\":\"WebSite\",\"@id\":\"https:\\\/\\\/childrenfirstcanada.org\\\/#website\",\"url\":\"https:\\\/\\\/childrenfirstcanada.org\\\/\",\"name\":\"Children First Canada\",\"description\":\"CFC\",\"publisher\":{\"@id\":\"https:\\\/\\\/childrenfirstcanada.org\\\/#organization\"},\"potentialAction\":[{\"@type\":\"SearchAction\",\"target\":{\"@type\":\"EntryPoint\",\"urlTemplate\":\"https:\\\/\\\/childrenfirstcanada.org\\\/?s={search_term_string}\"},\"query-input\":{\"@type\":\"PropertyValueSpecification\",\"valueRequired\":true,\"valueName\":\"search_term_string\"}}],\"inLanguage\":\"fr-CA\"},{\"@type\":\"Organization\",\"@id\":\"https:\\\/\\\/childrenfirstcanada.org\\\/#organization\",\"name\":\"Children First Canada\",\"url\":\"https:\\\/\\\/childrenfirstcanada.org\\\/\",\"logo\":{\"@type\":\"ImageObject\",\"inLanguage\":\"fr-CA\",\"@id\":\"https:\\\/\\\/childrenfirstcanada.org\\\/#\\\/schema\\\/logo\\\/image\\\/\",\"url\":\"https:\\\/\\\/childrenfirstcanada.org\\\/wp-content\\\/uploads\\\/2021\\\/01\\\/CFC_Logo_white.png\",\"contentUrl\":\"https:\\\/\\\/childrenfirstcanada.org\\\/wp-content\\\/uploads\\\/2021\\\/01\\\/CFC_Logo_white.png\",\"width\":1435,\"height\":514,\"caption\":\"Children First Canada\"},\"image\":{\"@id\":\"https:\\\/\\\/childrenfirstcanada.org\\\/#\\\/schema\\\/logo\\\/image\\\/\"}},{\"@type\":\"Person\",\"@id\":\"https:\\\/\\\/childrenfirstcanada.org\\\/#\\\/schema\\\/person\\\/d07c102274c3c20d6c7bb9c27a787e37\",\"name\":\"Nicolette Beharie\",\"image\":{\"@type\":\"ImageObject\",\"inLanguage\":\"fr-CA\",\"@id\":\"https:\\\/\\\/secure.gravatar.com\\\/avatar\\\/97922536b973d11669bac8672ba6c60bef08941542b30492320dbe49db58e623?s=96&d=mm&r=g\",\"url\":\"https:\\\/\\\/secure.gravatar.com\\\/avatar\\\/97922536b973d11669bac8672ba6c60bef08941542b30492320dbe49db58e623?s=96&d=mm&r=g\",\"contentUrl\":\"https:\\\/\\\/secure.gravatar.com\\\/avatar\\\/97922536b973d11669bac8672ba6c60bef08941542b30492320dbe49db58e623?s=96&d=mm&r=g\",\"caption\":\"Nicolette Beharie\"},\"url\":\"https:\\\/\\\/childrenfirstcanada.org\\\/fr\\\/author\\\/nicolette-beharie\\\/\"}]}<\/script>\n<!-- \/ Yoast SEO plugin. -->","yoast_head_json":{"title":"Children First Canada nomme trois nouveaux membres du conseil d&#039;administration - Children First Canada","robots":{"index":"index","follow":"follow","max-snippet":"max-snippet:-1","max-image-preview":"max-image-preview:large","max-video-preview":"max-video-preview:-1"},"canonical":"https:\/\/childrenfirstcanada.org\/fr\/press-releases\/children-first-canada-appoints-three-new-board-members\/","og_locale":"fr_CA","og_type":"article","og_title":"Children First Canada Appoints Three New Board Members - Children First Canada","og_description":"Calgary, November 1, 2021 \u2013 Children First Canada (CFC) is pleased to announce the appointment of Abid Dobani, Alice Fang and Sean Sutherland to the CFC Board of Directors.","og_url":"https:\/\/childrenfirstcanada.org\/fr\/press-releases\/children-first-canada-appoints-three-new-board-members\/","og_site_name":"Children First Canada","article_published_time":"2021-11-01T15:30:00+00:00","article_modified_time":"2021-12-16T23:21:46+00:00","og_image":[{"width":1723,"height":1003,"url":"https:\/\/childrenfirstcanada.org\/wp-content\/uploads\/2021\/11\/New-Board-Member-Post-Graphic_2-02.png","type":"image\/png"}],"author":"Nicolette Beharie","twitter_card":"summary_large_image","twitter_misc":{"\u00c9crit par":"Nicolette Beharie","Estimation du temps de lecture":"2 minutes"},"schema":{"@context":"https:\/\/schema.org","@graph":[{"@type":"Article","@id":"https:\/\/childrenfirstcanada.org\/press-releases\/children-first-canada-appoints-three-new-board-members\/#article","isPartOf":{"@id":"https:\/\/childrenfirstcanada.org\/press-releases\/children-first-canada-appoints-three-new-board-members\/"},"author":{"name":"Nicolette Beharie","@id":"https:\/\/childrenfirstcanada.org\/#\/schema\/person\/d07c102274c3c20d6c7bb9c27a787e37"},"headline":"Children First Canada Appoints Three New Board Members","datePublished":"2021-11-01T15:30:00+00:00","dateModified":"2021-12-16T23:21:46+00:00","mainEntityOfPage":{"@id":"https:\/\/childrenfirstcanada.org\/press-releases\/children-first-canada-appoints-three-new-board-members\/"},"wordCount":251,"commentCount":0,"publisher":{"@id":"https:\/\/childrenfirstcanada.org\/#organization"},"image":{"@id":"https:\/\/childrenfirstcanada.org\/press-releases\/children-first-canada-appoints-three-new-board-members\/#primaryimage"},"thumbnailUrl":"https:\/\/childrenfirstcanada.org\/wp-content\/uploads\/2021\/11\/New-Board-Member-Post-Graphic_2-02.png","articleSection":["Featured","News &amp; Happenings","Press Releases"],"inLanguage":"fr-CA","potentialAction":[{"@type":"CommentAction","name":"Comment","target":["https:\/\/childrenfirstcanada.org\/press-releases\/children-first-canada-appoints-three-new-board-members\/#respond"]}]},{"@type":"WebPage","@id":"https:\/\/childrenfirstcanada.org\/press-releases\/children-first-canada-appoints-three-new-board-members\/","url":"https:\/\/childrenfirstcanada.org\/press-releases\/children-first-canada-appoints-three-new-board-members\/","name":"Children First Canada nomme trois nouveaux membres du conseil d&#039;administration - Children First Canada","isPartOf":{"@id":"https:\/\/childrenfirstcanada.org\/#website"},"primaryImageOfPage":{"@id":"https:\/\/childrenfirstcanada.org\/press-releases\/children-first-canada-appoints-three-new-board-members\/#primaryimage"},"image":{"@id":"https:\/\/childrenfirstcanada.org\/press-releases\/children-first-canada-appoints-three-new-board-members\/#primaryimage"},"thumbnailUrl":"https:\/\/childrenfirstcanada.org\/wp-content\/uploads\/2021\/11\/New-Board-Member-Post-Graphic_2-02.png","datePublished":"2021-11-01T15:30:00+00:00","dateModified":"2021-12-16T23:21:46+00:00","breadcrumb":{"@id":"https:\/\/childrenfirstcanada.org\/press-releases\/children-first-canada-appoints-three-new-board-members\/#breadcrumb"},"inLanguage":"fr-CA","potentialAction":[{"@type":"ReadAction","target":["https:\/\/childrenfirstcanada.org\/press-releases\/children-first-canada-appoints-three-new-board-members\/"]}]},{"@type":"ImageObject","inLanguage":"fr-CA","@id":"https:\/\/childrenfirstcanada.org\/press-releases\/children-first-canada-appoints-three-new-board-members\/#primaryimage","url":"https:\/\/childrenfirstcanada.org\/wp-content\/uploads\/2021\/11\/New-Board-Member-Post-Graphic_2-02.png","contentUrl":"https:\/\/childrenfirstcanada.org\/wp-content\/uploads\/2021\/11\/New-Board-Member-Post-Graphic_2-02.png","width":1723,"height":1003,"caption":"New Board Member"},{"@type":"BreadcrumbList","@id":"https:\/\/childrenfirstcanada.org\/press-releases\/children-first-canada-appoints-three-new-board-members\/#breadcrumb","itemListElement":[{"@type":"ListItem","position":1,"name":"Home","item":"https:\/\/childrenfirstcanada.org\/"},{"@type":"ListItem","position":2,"name":"Children First Canada Appoints Three New Board Members"}]},{"@type":"WebSite","@id":"https:\/\/childrenfirstcanada.org\/#website","url":"https:\/\/childrenfirstcanada.org\/","name":"Les Enfants d'abord Canada","description":"CFC","publisher":{"@id":"https:\/\/childrenfirstcanada.org\/#organization"},"potentialAction":[{"@type":"SearchAction","target":{"@type":"EntryPoint","urlTemplate":"https:\/\/childrenfirstcanada.org\/?s={search_term_string}"},"query-input":{"@type":"PropertyValueSpecification","valueRequired":true,"valueName":"search_term_string"}}],"inLanguage":"fr-CA"},{"@type":"Organization","@id":"https:\/\/childrenfirstcanada.org\/#organization","name":"Les Enfants d'abord Canada","url":"https:\/\/childrenfirstcanada.org\/","logo":{"@type":"ImageObject","inLanguage":"fr-CA","@id":"https:\/\/childrenfirstcanada.org\/#\/schema\/logo\/image\/","url":"https:\/\/childrenfirstcanada.org\/wp-content\/uploads\/2021\/01\/CFC_Logo_white.png","contentUrl":"https:\/\/childrenfirstcanada.org\/wp-content\/uploads\/2021\/01\/CFC_Logo_white.png","width":1435,"height":514,"caption":"Children First Canada"},"image":{"@id":"https:\/\/childrenfirstcanada.org\/#\/schema\/logo\/image\/"}},{"@type":"Person","@id":"https:\/\/childrenfirstcanada.org\/#\/schema\/person\/d07c102274c3c20d6c7bb9c27a787e37","name":"Nicolette Beharie","image":{"@type":"ImageObject","inLanguage":"fr-CA","@id":"https:\/\/secure.gravatar.com\/avatar\/97922536b973d11669bac8672ba6c60bef08941542b30492320dbe49db58e623?s=96&d=mm&r=g","url":"https:\/\/secure.gravatar.com\/avatar\/97922536b973d11669bac8672ba6c60bef08941542b30492320dbe49db58e623?s=96&d=mm&r=g","contentUrl":"https:\/\/secure.gravatar.com\/avatar\/97922536b973d11669bac8672ba6c60bef08941542b30492320dbe49db58e623?s=96&d=mm&r=g","caption":"Nicolette Beharie"},"url":"https:\/\/childrenfirstcanada.org\/fr\/author\/nicolette-beharie\/"}]}},"_links":{"self":[{"href":"https:\/\/childrenfirstcanada.org\/fr\/wp-json\/wp\/v2\/posts\/16574","targetHints":{"allow":["GET"]}}],"collection":[{"href":"https:\/\/childrenfirstcanada.org\/fr\/wp-json\/wp\/v2\/posts"}],"about":[{"href":"https:\/\/childrenfirstcanada.org\/fr\/wp-json\/wp\/v2\/types\/post"}],"author":[{"embeddable":true,"href":"https:\/\/childrenfirstcanada.org\/fr\/wp-json\/wp\/v2\/users\/2"}],"replies":[{"embeddable":true,"href":"https:\/\/childrenfirstcanada.org\/fr\/wp-json\/wp\/v2\/comments?post=16574"}],"version-history":[{"count":0,"href":"https:\/\/childrenfirstcanada.org\/fr\/wp-json\/wp\/v2\/posts\/16574\/revisions"}],"wp:featuredmedia":[{"embeddable":true,"href":"https:\/\/childrenfirstcanada.org\/fr\/wp-json\/wp\/v2\/media\/16575"}],"wp:attachment":[{"href":"https:\/\/childrenfirstcanada.org\/fr\/wp-json\/wp\/v2\/media?parent=16574"}],"wp:term":[{"taxonomy":"category","embeddable":true,"href":"https:\/\/childrenfirstcanada.org\/fr\/wp-json\/wp\/v2\/categories?post=16574"},{"taxonomy":"post_tag","embeddable":true,"href":"https:\/\/childrenfirstcanada.org\/fr\/wp-json\/wp\/v2\/tags?post=16574"}],"curies":[{"name":"wp","href":"https:\/\/api.w.org\/{rel}","templated":true}]}}