{"id":16634,"date":"2021-11-23T19:46:04","date_gmt":"2021-11-23T19:46:04","guid":{"rendered":"https:\/\/cfcprod.wpengine.com\/?p=16634"},"modified":"2021-12-16T23:19:54","modified_gmt":"2021-12-16T23:19:54","slug":"children-first-canada-responds-to-the-2021-federal-speech-from-the-throne","status":"publish","type":"post","link":"https:\/\/childrenfirstcanada.org\/fr\/press-releases\/children-first-canada-responds-to-the-2021-federal-speech-from-the-throne\/","title":{"rendered":"Children First Canada r\u00e9pond au discours du Tr\u00f4ne f\u00e9d\u00e9ral de 2021\u00a0"},"content":{"rendered":"<p><strong>Ottawa, le 23 novembre 2021 \u2013<\/strong> Le discours du Tr\u00f4ne d&#039;aujourd&#039;hui, <em>B\u00e2tir une \u00e9conomie r\u00e9siliente\u00a0: un avenir plus propre et plus sain pour nos enfants<\/em>, comprend de nombreuses mesures qui b\u00e9n\u00e9ficieront aux enfants, allant de la lutte contre le changement climatique et la pauvret\u00e9 \u00e0 l&#039;investissement dans la sant\u00e9 et la s\u00e9curit\u00e9.<\/p>\n\n\n\n<p>Plus pr\u00e9cis\u00e9ment, le gouvernement s&#039;est engag\u00e9 \u00e0 faire bouger les choses sur des questions importantes telles que : la sant\u00e9 et le bien-\u00eatre (vaccinations, soutien aux proc\u00e9dures m\u00e9dicales retard\u00e9es, sant\u00e9 mentale et d\u00e9pendances), les changements climatiques, des communaut\u00e9s plus s\u00fbres, le logement et la garde d&#039;enfants. Le discours a \u00e9galement abord\u00e9 les mesures \u00e0 prendre concernant les femmes, les filles et les personnes 2SLGBTQQIA+ autochtones disparues et assassin\u00e9es, ainsi que les engagements visant \u00e0 garantir que les communaut\u00e9s autochtones disposent du soutien dont elles ont besoin pour garder les familles unies, tout en garantissant une indemnisation juste et \u00e9quitable pour les personnes l\u00e9s\u00e9es par les Services \u00e0 l&#039;enfance et \u00e0 la famille des Premi\u00e8res Nations. programme.<\/p>\n\n\n\n<p>Children First Canada accueille favorablement ces signaux et attend avec impatience de voir le Parlement agir sur ces questions importantes, dont bon nombre r\u00e9pondent directement aux pr\u00e9occupations soulev\u00e9es dans notre r\u00e9cente <a href=\"https:\/\/childrenfirstcanada.org\/wp-content\/uploads\/2021\/09\/CFC-RC-CTA-2021_Final-FR.pdf\">Rapport Raising Canada<\/a>, qui mettait en \u00e9vidence les menaces imm\u00e9diates et \u00e0 long terme pour la sant\u00e9 et le bien-\u00eatre des enfants au Canada.<\/p>\n\n\n\n<p>Bien qu&#039;il s&#039;agisse de mesures encourageantes, il reste encore beaucoup \u00e0 faire. Depuis plus d&#039;une d\u00e9cennie, la qualit\u00e9 de vie des enfants au Canada n&#039;a cess\u00e9 de d\u00e9cliner, et la pand\u00e9mie de COVID-19 a consid\u00e9rablement diminu\u00e9 la sant\u00e9 mentale et physique des enfants et entra\u00een\u00e9 une perte d&#039;apprentissage. Le classement du Canada pour le bien-\u00eatre des enfants est pass\u00e9 de la 10e \u00e0 la 30e place parmi 38 pays riches au cours de la derni\u00e8re d\u00e9cennie, selon l&#039;UNICEF.<\/p>\n\n\n\n<p>Les enfants devraient \u00eatre au c\u0153ur des plans de r\u00e9tablissement du Canada en cas de pand\u00e9mie, et Children First Canada convient que l&#039;accent devrait \u00eatre mis sur la cr\u00e9ation d&#039;un avenir meilleur pour nos enfants. Le discours notait : \u00ab C&#039;est le moment pour les parlementaires de travailler ensemble pour accomplir de grandes choses et fa\u00e7onner un avenir meilleur pour nos enfants. Children First Canada attend avec impatience la publication des lettres de mandat minist\u00e9rielles pour obtenir des d\u00e9tails suppl\u00e9mentaires sur la fa\u00e7on dont le gouvernement abordera sp\u00e9cifiquement les probl\u00e8mes importants pour les enfants, tels que les proc\u00e9dures m\u00e9dicales retard\u00e9es, la sant\u00e9 mentale et les d\u00e9pendances.<\/p>\n\n\n\n<p>Il est maintenant temps d&#039;avoir un leadership important et audacieux. Des investissements catalytiques dans des solutions \u00e0 court, moyen et long terme sont n\u00e9cessaires pour que les enfants survivent et s&#039;\u00e9panouissent. Investir dans les enfants est essentiel \u00e0 la reprise \u00e9conomique du Canada et g\u00e9n\u00e9rera un important retour sur investissement maintenant et pour les ann\u00e9es \u00e0 venir.<\/p>\n\n\n\n<p>\u00ab La pand\u00e9mie de COVID-19 a \u00e9t\u00e9 particuli\u00e8rement cruelle envers les enfants, et l&#039;urgence d&#039;investir en eux n&#039;a jamais \u00e9t\u00e9 aussi grande \u00bb, d\u00e9clare Sara Austin, fondatrice et PDG de Children First Canada. \u00ab Les enfants ont fait d&#039;\u00e9normes sacrifices pour prot\u00e9ger leurs a\u00een\u00e9s et il est maintenant temps de donner la priorit\u00e9 aux enfants, notamment en investissant dans leur survie et leur d\u00e9veloppement et en prot\u00e9geant leurs droits humains. Cela doit \u00e9galement inclure de travailler avec les enfants, pas seulement pour eux, et de les impliquer dans les d\u00e9cisions politiques qui affectent leur vie.<\/p>\n\n\n\n<p>Children First Canada appuie l&#039;engagement des gouvernements \u00e0 \u00ab faire de grandes choses \u00bb pour cr\u00e9er un avenir meilleur pour nos enfants. Dans le cadre de cet engagement, alors que nous envisageons la mise \u00e0 jour \u00e9conomique de l&#039;automne, nous exhortons le gouvernement f\u00e9d\u00e9ral \u00e0 mettre en place six \u00e9l\u00e9ments de base essentiels qui am\u00e9lioreront la vie des 8 millions d&#039;enfants au Canada :<\/p>\n\n\n\n<ol class=\"wp-block-list\"><li>Nommer un commissaire f\u00e9d\u00e9ral \u00e0 l&#039;enfance et \u00e0 la jeunesse<\/li><\/ol>\n\n\n\n<p>2. Cr\u00e9er une strat\u00e9gie nationale pour s&#039;attaquer aux 10 principales menaces pour les enfants au Canada et assurer la pleine protection des droits des enfants<\/p>\n\n\n\n<p>3. Investir dans les enfants, notamment en lan\u00e7ant un fonds d&#039;investissement catalytique pour les enfants et en publiant un budget pour les enfants afin d&#039;assurer la transparence et la responsabilit\u00e9<\/p>\n\n\n\n<p>4. Mesurer ce qui compte, en recueillant syst\u00e9matiquement des donn\u00e9es nationales d\u00e9sagr\u00e9g\u00e9es sur la sant\u00e9 et le bien-\u00eatre des enfants partout au Canada<\/p>\n\n\n\n<p>5. Fournir un financement et des services \u00e9quitables aux enfants des Premi\u00e8res Nations, m\u00e9tis et inuits et mettre en \u0153uvre les appels \u00e0 l&#039;action de la CVR et le plan Spirit Bear<\/p>\n\n\n\n<p>6. Impliquer les enfants dans les d\u00e9cisions qui affectent leur vie, y compris les consulter dans les d\u00e9cisions politiques par le <a href=\"https:\/\/childrenfirstcanada.org\/fr\/campaign\/young-canadians-parliament\/\">Parlement des jeunes canadien(ne)s<\/a> et les conseils consultatifs des jeunes. Cela devrait \u00e9galement inclure l&#039;abaissement de l&#039;\u00e2ge de voter au Canada, conform\u00e9ment \u00e0 la Charte canadienne des droits et libert\u00e9s.<\/p>\n\n\n\n<p>Chacune des recommandations est pr\u00e9cieuse en soi et, lorsqu&#039;elles sont combin\u00e9es, elles fournissent une base solide pour placer les enfants au c\u0153ur des plans de r\u00e9tablissement du Canada en cas de pand\u00e9mie et faire du Canada le meilleur endroit au monde o\u00f9 les enfants peuvent grandir\u00a0!<\/p>\n\n\n\n<p><strong>Pour plus d&#039;informations ou pour une entrevue, veuillez contacter :<br><\/strong>Andrea Chrysanthou<br>Directeur, Relations publiques NATIONAL<br>achrysanthou@national.ca<br>416-797-8194<\/p>\n\n\n\n<p><strong>\u00c0 propos d&#039;Enfants d&#039;abord Canada:<br><\/strong>Children First Canada (CFC) est un organisme caritatif national dont la vision audacieuse et ambitieuse est qu&#039;ensemble, nous pouvons faire du Canada le meilleur endroit au monde o\u00f9 les enfants peuvent grandir. Nous sommes une voix forte, efficace et ind\u00e9pendante pour les 8 millions d&#039;enfants au Canada. Les FCC exploitent la force de nombreux organismes qui se sont engag\u00e9s \u00e0 am\u00e9liorer la vie des enfants au Canada, y compris les organismes de bienfaisance et les h\u00f4pitaux pour enfants, les centres de recherche, le gouvernement, les entreprises, les dirigeants communautaires et les enfants eux-m\u00eames. Visitez childrenfirstcanada.com pour plus d&#039;informations.<\/p>","protected":false},"excerpt":{"rendered":"<p>Ottawa, le 23 novembre 2021 \u2013 Le discours du Tr\u00f4ne d&#039;aujourd&#039;hui, B\u00e2tir une \u00e9conomie r\u00e9siliente : Un avenir plus propre et plus sain pour nos enfants, comprend de nombreuses mesures qui profiteront aux enfants, allant de la lutte contre les changements climatiques et la pauvret\u00e9 \u00e0 l&#039;investissement dans la sant\u00e9 et la s\u00e9curit\u00e9.<\/p>","protected":false},"author":2,"featured_media":16636,"comment_status":"open","ping_status":"open","sticky":false,"template":"","format":"standard","meta":{"_acf_changed":false,"footnotes":""},"categories":[72,8,9],"tags":[],"class_list":["post-16634","post","type-post","status-publish","format-standard","has-post-thumbnail","hentry","category-featured","category-news-happenings","category-press-releases"],"acf":[],"yoast_head":"<!-- This site is optimized with the Yoast SEO plugin v27.4 - https:\/\/yoast.com\/product\/yoast-seo-wordpress\/ -->\n<title>Children First Canada Responds to the 2021\u00a0Federal Speech from the Throne\u00a0 - Children First Canada<\/title>\n<meta name=\"robots\" content=\"index, follow, max-snippet:-1, max-image-preview:large, max-video-preview:-1\" \/>\n<link rel=\"canonical\" href=\"https:\/\/childrenfirstcanada.org\/fr\/press-releases\/children-first-canada-responds-to-the-2021-federal-speech-from-the-throne\/\" \/>\n<meta property=\"og:locale\" content=\"fr_CA\" \/>\n<meta property=\"og:type\" content=\"article\" \/>\n<meta property=\"og:title\" content=\"Children First Canada Responds to the 2021\u00a0Federal Speech from the Throne\u00a0 - Children First Canada\" \/>\n<meta property=\"og:description\" content=\"Ottawa, November 23, 2021 \u2013 Today\u2019s Speech from the Throne, Building a Resilient Economy: A Cleaner &amp; Healthier Future for our Kids, includes numerous measures that will benefit children, ranging from tackling climate change and poverty, to investing in health and safety.\" \/>\n<meta property=\"og:url\" content=\"https:\/\/childrenfirstcanada.org\/fr\/press-releases\/children-first-canada-responds-to-the-2021-federal-speech-from-the-throne\/\" \/>\n<meta property=\"og:site_name\" content=\"Children First Canada\" \/>\n<meta property=\"article:published_time\" content=\"2021-11-23T19:46:04+00:00\" \/>\n<meta property=\"article:modified_time\" content=\"2021-12-16T23:19:54+00:00\" \/>\n<meta property=\"og:image\" content=\"https:\/\/childrenfirstcanada.org\/wp-content\/uploads\/2021\/11\/CFC_Throne-Speech-2021_Post.png\" \/>\n\t<meta property=\"og:image:width\" content=\"1194\" \/>\n\t<meta property=\"og:image:height\" content=\"697\" \/>\n\t<meta property=\"og:image:type\" content=\"image\/png\" \/>\n<meta name=\"author\" content=\"Nicolette Beharie\" \/>\n<meta name=\"twitter:card\" content=\"summary_large_image\" \/>\n<meta name=\"twitter:label1\" content=\"\u00c9crit par\" \/>\n\t<meta name=\"twitter:data1\" content=\"Nicolette Beharie\" \/>\n\t<meta name=\"twitter:label2\" content=\"Estimation du temps de lecture\" \/>\n\t<meta name=\"twitter:data2\" content=\"4 minutes\" \/>\n<script type=\"application\/ld+json\" class=\"yoast-schema-graph\">{\"@context\":\"https:\\\/\\\/schema.org\",\"@graph\":[{\"@type\":\"Article\",\"@id\":\"https:\\\/\\\/childrenfirstcanada.org\\\/press-releases\\\/children-first-canada-responds-to-the-2021-federal-speech-from-the-throne\\\/#article\",\"isPartOf\":{\"@id\":\"https:\\\/\\\/childrenfirstcanada.org\\\/press-releases\\\/children-first-canada-responds-to-the-2021-federal-speech-from-the-throne\\\/\"},\"author\":{\"name\":\"Nicolette Beharie\",\"@id\":\"https:\\\/\\\/childrenfirstcanada.org\\\/#\\\/schema\\\/person\\\/d07c102274c3c20d6c7bb9c27a787e37\"},\"headline\":\"Children First Canada Responds to the 2021\u00a0Federal Speech from the Throne\u00a0\",\"datePublished\":\"2021-11-23T19:46:04+00:00\",\"dateModified\":\"2021-12-16T23:19:54+00:00\",\"mainEntityOfPage\":{\"@id\":\"https:\\\/\\\/childrenfirstcanada.org\\\/press-releases\\\/children-first-canada-responds-to-the-2021-federal-speech-from-the-throne\\\/\"},\"wordCount\":813,\"commentCount\":0,\"publisher\":{\"@id\":\"https:\\\/\\\/childrenfirstcanada.org\\\/#organization\"},\"image\":{\"@id\":\"https:\\\/\\\/childrenfirstcanada.org\\\/press-releases\\\/children-first-canada-responds-to-the-2021-federal-speech-from-the-throne\\\/#primaryimage\"},\"thumbnailUrl\":\"https:\\\/\\\/childrenfirstcanada.org\\\/wp-content\\\/uploads\\\/2021\\\/11\\\/CFC_Throne-Speech-2021_Post.png\",\"articleSection\":[\"Featured\",\"News &amp; Happenings\",\"Press Releases\"],\"inLanguage\":\"fr-CA\",\"potentialAction\":[{\"@type\":\"CommentAction\",\"name\":\"Comment\",\"target\":[\"https:\\\/\\\/childrenfirstcanada.org\\\/press-releases\\\/children-first-canada-responds-to-the-2021-federal-speech-from-the-throne\\\/#respond\"]}]},{\"@type\":\"WebPage\",\"@id\":\"https:\\\/\\\/childrenfirstcanada.org\\\/press-releases\\\/children-first-canada-responds-to-the-2021-federal-speech-from-the-throne\\\/\",\"url\":\"https:\\\/\\\/childrenfirstcanada.org\\\/press-releases\\\/children-first-canada-responds-to-the-2021-federal-speech-from-the-throne\\\/\",\"name\":\"Children First Canada Responds to the 2021\u00a0Federal Speech from the Throne\u00a0 - Children First Canada\",\"isPartOf\":{\"@id\":\"https:\\\/\\\/childrenfirstcanada.org\\\/#website\"},\"primaryImageOfPage\":{\"@id\":\"https:\\\/\\\/childrenfirstcanada.org\\\/press-releases\\\/children-first-canada-responds-to-the-2021-federal-speech-from-the-throne\\\/#primaryimage\"},\"image\":{\"@id\":\"https:\\\/\\\/childrenfirstcanada.org\\\/press-releases\\\/children-first-canada-responds-to-the-2021-federal-speech-from-the-throne\\\/#primaryimage\"},\"thumbnailUrl\":\"https:\\\/\\\/childrenfirstcanada.org\\\/wp-content\\\/uploads\\\/2021\\\/11\\\/CFC_Throne-Speech-2021_Post.png\",\"datePublished\":\"2021-11-23T19:46:04+00:00\",\"dateModified\":\"2021-12-16T23:19:54+00:00\",\"breadcrumb\":{\"@id\":\"https:\\\/\\\/childrenfirstcanada.org\\\/press-releases\\\/children-first-canada-responds-to-the-2021-federal-speech-from-the-throne\\\/#breadcrumb\"},\"inLanguage\":\"fr-CA\",\"potentialAction\":[{\"@type\":\"ReadAction\",\"target\":[\"https:\\\/\\\/childrenfirstcanada.org\\\/press-releases\\\/children-first-canada-responds-to-the-2021-federal-speech-from-the-throne\\\/\"]}]},{\"@type\":\"ImageObject\",\"inLanguage\":\"fr-CA\",\"@id\":\"https:\\\/\\\/childrenfirstcanada.org\\\/press-releases\\\/children-first-canada-responds-to-the-2021-federal-speech-from-the-throne\\\/#primaryimage\",\"url\":\"https:\\\/\\\/childrenfirstcanada.org\\\/wp-content\\\/uploads\\\/2021\\\/11\\\/CFC_Throne-Speech-2021_Post.png\",\"contentUrl\":\"https:\\\/\\\/childrenfirstcanada.org\\\/wp-content\\\/uploads\\\/2021\\\/11\\\/CFC_Throne-Speech-2021_Post.png\",\"width\":1194,\"height\":697},{\"@type\":\"BreadcrumbList\",\"@id\":\"https:\\\/\\\/childrenfirstcanada.org\\\/press-releases\\\/children-first-canada-responds-to-the-2021-federal-speech-from-the-throne\\\/#breadcrumb\",\"itemListElement\":[{\"@type\":\"ListItem\",\"position\":1,\"name\":\"Home\",\"item\":\"https:\\\/\\\/childrenfirstcanada.org\\\/\"},{\"@type\":\"ListItem\",\"position\":2,\"name\":\"Children First Canada Responds to the 2021\u00a0Federal Speech from the Throne\u00a0\"}]},{\"@type\":\"WebSite\",\"@id\":\"https:\\\/\\\/childrenfirstcanada.org\\\/#website\",\"url\":\"https:\\\/\\\/childrenfirstcanada.org\\\/\",\"name\":\"Children First Canada\",\"description\":\"CFC\",\"publisher\":{\"@id\":\"https:\\\/\\\/childrenfirstcanada.org\\\/#organization\"},\"potentialAction\":[{\"@type\":\"SearchAction\",\"target\":{\"@type\":\"EntryPoint\",\"urlTemplate\":\"https:\\\/\\\/childrenfirstcanada.org\\\/?s={search_term_string}\"},\"query-input\":{\"@type\":\"PropertyValueSpecification\",\"valueRequired\":true,\"valueName\":\"search_term_string\"}}],\"inLanguage\":\"fr-CA\"},{\"@type\":\"Organization\",\"@id\":\"https:\\\/\\\/childrenfirstcanada.org\\\/#organization\",\"name\":\"Children First Canada\",\"url\":\"https:\\\/\\\/childrenfirstcanada.org\\\/\",\"logo\":{\"@type\":\"ImageObject\",\"inLanguage\":\"fr-CA\",\"@id\":\"https:\\\/\\\/childrenfirstcanada.org\\\/#\\\/schema\\\/logo\\\/image\\\/\",\"url\":\"https:\\\/\\\/childrenfirstcanada.org\\\/wp-content\\\/uploads\\\/2021\\\/01\\\/CFC_Logo_white.png\",\"contentUrl\":\"https:\\\/\\\/childrenfirstcanada.org\\\/wp-content\\\/uploads\\\/2021\\\/01\\\/CFC_Logo_white.png\",\"width\":1435,\"height\":514,\"caption\":\"Children First Canada\"},\"image\":{\"@id\":\"https:\\\/\\\/childrenfirstcanada.org\\\/#\\\/schema\\\/logo\\\/image\\\/\"}},{\"@type\":\"Person\",\"@id\":\"https:\\\/\\\/childrenfirstcanada.org\\\/#\\\/schema\\\/person\\\/d07c102274c3c20d6c7bb9c27a787e37\",\"name\":\"Nicolette Beharie\",\"image\":{\"@type\":\"ImageObject\",\"inLanguage\":\"fr-CA\",\"@id\":\"https:\\\/\\\/secure.gravatar.com\\\/avatar\\\/97922536b973d11669bac8672ba6c60bef08941542b30492320dbe49db58e623?s=96&d=mm&r=g\",\"url\":\"https:\\\/\\\/secure.gravatar.com\\\/avatar\\\/97922536b973d11669bac8672ba6c60bef08941542b30492320dbe49db58e623?s=96&d=mm&r=g\",\"contentUrl\":\"https:\\\/\\\/secure.gravatar.com\\\/avatar\\\/97922536b973d11669bac8672ba6c60bef08941542b30492320dbe49db58e623?s=96&d=mm&r=g\",\"caption\":\"Nicolette Beharie\"},\"url\":\"https:\\\/\\\/childrenfirstcanada.org\\\/fr\\\/author\\\/nicolette-beharie\\\/\"}]}<\/script>\n<!-- \/ Yoast SEO plugin. -->","yoast_head_json":{"title":"Children First Canada r\u00e9pond au discours du Tr\u00f4ne f\u00e9d\u00e9ral 2021 - Children First Canada","robots":{"index":"index","follow":"follow","max-snippet":"max-snippet:-1","max-image-preview":"max-image-preview:large","max-video-preview":"max-video-preview:-1"},"canonical":"https:\/\/childrenfirstcanada.org\/fr\/press-releases\/children-first-canada-responds-to-the-2021-federal-speech-from-the-throne\/","og_locale":"fr_CA","og_type":"article","og_title":"Children First Canada Responds to the 2021\u00a0Federal Speech from the Throne\u00a0 - Children First Canada","og_description":"Ottawa, November 23, 2021 \u2013 Today\u2019s Speech from the Throne, Building a Resilient Economy: A Cleaner & Healthier Future for our Kids, includes numerous measures that will benefit children, ranging from tackling climate change and poverty, to investing in health and safety.","og_url":"https:\/\/childrenfirstcanada.org\/fr\/press-releases\/children-first-canada-responds-to-the-2021-federal-speech-from-the-throne\/","og_site_name":"Children First Canada","article_published_time":"2021-11-23T19:46:04+00:00","article_modified_time":"2021-12-16T23:19:54+00:00","og_image":[{"width":1194,"height":697,"url":"https:\/\/childrenfirstcanada.org\/wp-content\/uploads\/2021\/11\/CFC_Throne-Speech-2021_Post.png","type":"image\/png"}],"author":"Nicolette Beharie","twitter_card":"summary_large_image","twitter_misc":{"\u00c9crit par":"Nicolette Beharie","Estimation du temps de lecture":"4 minutes"},"schema":{"@context":"https:\/\/schema.org","@graph":[{"@type":"Article","@id":"https:\/\/childrenfirstcanada.org\/press-releases\/children-first-canada-responds-to-the-2021-federal-speech-from-the-throne\/#article","isPartOf":{"@id":"https:\/\/childrenfirstcanada.org\/press-releases\/children-first-canada-responds-to-the-2021-federal-speech-from-the-throne\/"},"author":{"name":"Nicolette Beharie","@id":"https:\/\/childrenfirstcanada.org\/#\/schema\/person\/d07c102274c3c20d6c7bb9c27a787e37"},"headline":"Children First Canada Responds to the 2021\u00a0Federal Speech from the Throne\u00a0","datePublished":"2021-11-23T19:46:04+00:00","dateModified":"2021-12-16T23:19:54+00:00","mainEntityOfPage":{"@id":"https:\/\/childrenfirstcanada.org\/press-releases\/children-first-canada-responds-to-the-2021-federal-speech-from-the-throne\/"},"wordCount":813,"commentCount":0,"publisher":{"@id":"https:\/\/childrenfirstcanada.org\/#organization"},"image":{"@id":"https:\/\/childrenfirstcanada.org\/press-releases\/children-first-canada-responds-to-the-2021-federal-speech-from-the-throne\/#primaryimage"},"thumbnailUrl":"https:\/\/childrenfirstcanada.org\/wp-content\/uploads\/2021\/11\/CFC_Throne-Speech-2021_Post.png","articleSection":["Featured","News &amp; Happenings","Press Releases"],"inLanguage":"fr-CA","potentialAction":[{"@type":"CommentAction","name":"Comment","target":["https:\/\/childrenfirstcanada.org\/press-releases\/children-first-canada-responds-to-the-2021-federal-speech-from-the-throne\/#respond"]}]},{"@type":"WebPage","@id":"https:\/\/childrenfirstcanada.org\/press-releases\/children-first-canada-responds-to-the-2021-federal-speech-from-the-throne\/","url":"https:\/\/childrenfirstcanada.org\/press-releases\/children-first-canada-responds-to-the-2021-federal-speech-from-the-throne\/","name":"Children First Canada r\u00e9pond au discours du Tr\u00f4ne f\u00e9d\u00e9ral 2021 - Children First Canada","isPartOf":{"@id":"https:\/\/childrenfirstcanada.org\/#website"},"primaryImageOfPage":{"@id":"https:\/\/childrenfirstcanada.org\/press-releases\/children-first-canada-responds-to-the-2021-federal-speech-from-the-throne\/#primaryimage"},"image":{"@id":"https:\/\/childrenfirstcanada.org\/press-releases\/children-first-canada-responds-to-the-2021-federal-speech-from-the-throne\/#primaryimage"},"thumbnailUrl":"https:\/\/childrenfirstcanada.org\/wp-content\/uploads\/2021\/11\/CFC_Throne-Speech-2021_Post.png","datePublished":"2021-11-23T19:46:04+00:00","dateModified":"2021-12-16T23:19:54+00:00","breadcrumb":{"@id":"https:\/\/childrenfirstcanada.org\/press-releases\/children-first-canada-responds-to-the-2021-federal-speech-from-the-throne\/#breadcrumb"},"inLanguage":"fr-CA","potentialAction":[{"@type":"ReadAction","target":["https:\/\/childrenfirstcanada.org\/press-releases\/children-first-canada-responds-to-the-2021-federal-speech-from-the-throne\/"]}]},{"@type":"ImageObject","inLanguage":"fr-CA","@id":"https:\/\/childrenfirstcanada.org\/press-releases\/children-first-canada-responds-to-the-2021-federal-speech-from-the-throne\/#primaryimage","url":"https:\/\/childrenfirstcanada.org\/wp-content\/uploads\/2021\/11\/CFC_Throne-Speech-2021_Post.png","contentUrl":"https:\/\/childrenfirstcanada.org\/wp-content\/uploads\/2021\/11\/CFC_Throne-Speech-2021_Post.png","width":1194,"height":697},{"@type":"BreadcrumbList","@id":"https:\/\/childrenfirstcanada.org\/press-releases\/children-first-canada-responds-to-the-2021-federal-speech-from-the-throne\/#breadcrumb","itemListElement":[{"@type":"ListItem","position":1,"name":"Home","item":"https:\/\/childrenfirstcanada.org\/"},{"@type":"ListItem","position":2,"name":"Children First Canada Responds to the 2021\u00a0Federal Speech from the Throne\u00a0"}]},{"@type":"WebSite","@id":"https:\/\/childrenfirstcanada.org\/#website","url":"https:\/\/childrenfirstcanada.org\/","name":"Les Enfants d'abord Canada","description":"CFC","publisher":{"@id":"https:\/\/childrenfirstcanada.org\/#organization"},"potentialAction":[{"@type":"SearchAction","target":{"@type":"EntryPoint","urlTemplate":"https:\/\/childrenfirstcanada.org\/?s={search_term_string}"},"query-input":{"@type":"PropertyValueSpecification","valueRequired":true,"valueName":"search_term_string"}}],"inLanguage":"fr-CA"},{"@type":"Organization","@id":"https:\/\/childrenfirstcanada.org\/#organization","name":"Les Enfants d'abord Canada","url":"https:\/\/childrenfirstcanada.org\/","logo":{"@type":"ImageObject","inLanguage":"fr-CA","@id":"https:\/\/childrenfirstcanada.org\/#\/schema\/logo\/image\/","url":"https:\/\/childrenfirstcanada.org\/wp-content\/uploads\/2021\/01\/CFC_Logo_white.png","contentUrl":"https:\/\/childrenfirstcanada.org\/wp-content\/uploads\/2021\/01\/CFC_Logo_white.png","width":1435,"height":514,"caption":"Children First Canada"},"image":{"@id":"https:\/\/childrenfirstcanada.org\/#\/schema\/logo\/image\/"}},{"@type":"Person","@id":"https:\/\/childrenfirstcanada.org\/#\/schema\/person\/d07c102274c3c20d6c7bb9c27a787e37","name":"Nicolette Beharie","image":{"@type":"ImageObject","inLanguage":"fr-CA","@id":"https:\/\/secure.gravatar.com\/avatar\/97922536b973d11669bac8672ba6c60bef08941542b30492320dbe49db58e623?s=96&d=mm&r=g","url":"https:\/\/secure.gravatar.com\/avatar\/97922536b973d11669bac8672ba6c60bef08941542b30492320dbe49db58e623?s=96&d=mm&r=g","contentUrl":"https:\/\/secure.gravatar.com\/avatar\/97922536b973d11669bac8672ba6c60bef08941542b30492320dbe49db58e623?s=96&d=mm&r=g","caption":"Nicolette Beharie"},"url":"https:\/\/childrenfirstcanada.org\/fr\/author\/nicolette-beharie\/"}]}},"_links":{"self":[{"href":"https:\/\/childrenfirstcanada.org\/fr\/wp-json\/wp\/v2\/posts\/16634","targetHints":{"allow":["GET"]}}],"collection":[{"href":"https:\/\/childrenfirstcanada.org\/fr\/wp-json\/wp\/v2\/posts"}],"about":[{"href":"https:\/\/childrenfirstcanada.org\/fr\/wp-json\/wp\/v2\/types\/post"}],"author":[{"embeddable":true,"href":"https:\/\/childrenfirstcanada.org\/fr\/wp-json\/wp\/v2\/users\/2"}],"replies":[{"embeddable":true,"href":"https:\/\/childrenfirstcanada.org\/fr\/wp-json\/wp\/v2\/comments?post=16634"}],"version-history":[{"count":0,"href":"https:\/\/childrenfirstcanada.org\/fr\/wp-json\/wp\/v2\/posts\/16634\/revisions"}],"wp:featuredmedia":[{"embeddable":true,"href":"https:\/\/childrenfirstcanada.org\/fr\/wp-json\/wp\/v2\/media\/16636"}],"wp:attachment":[{"href":"https:\/\/childrenfirstcanada.org\/fr\/wp-json\/wp\/v2\/media?parent=16634"}],"wp:term":[{"taxonomy":"category","embeddable":true,"href":"https:\/\/childrenfirstcanada.org\/fr\/wp-json\/wp\/v2\/categories?post=16634"},{"taxonomy":"post_tag","embeddable":true,"href":"https:\/\/childrenfirstcanada.org\/fr\/wp-json\/wp\/v2\/tags?post=16634"}],"curies":[{"name":"wp","href":"https:\/\/api.w.org\/{rel}","templated":true}]}}