{"id":16737,"date":"2021-12-20T15:19:49","date_gmt":"2021-12-20T15:19:49","guid":{"rendered":"https:\/\/cfcprod.wpengine.com\/?p=16737"},"modified":"2021-12-20T15:19:49","modified_gmt":"2021-12-20T15:19:49","slug":"children-first-canada-welcomes-release-of-alberta-child-and-youth-well-being-review-panel-report-and-calls-for-urgent-action","status":"publish","type":"post","link":"https:\/\/childrenfirstcanada.org\/fr\/news-happenings\/children-first-canada-welcomes-release-of-alberta-child-and-youth-well-being-review-panel-report-and-calls-for-urgent-action\/","title":{"rendered":"Children First Canada salue la publication du rapport du comit\u00e9 d&#039;examen du bien-\u00eatre des enfants et des jeunes de l&#039;Alberta et demande une action urgente"},"content":{"rendered":"<p>17 d\u00e9cembre 2021<\/p>\n\n\n\n<p>Alberta, le 17 d\u00e9cembre 2021 \u2013 La publication d&#039;aujourd&#039;hui du rapport du comit\u00e9 d&#039;examen du bien-\u00eatre des enfants et des jeunes de l&#039;Alberta est un pas dans la bonne direction vers une action indispensable pour les enfants de l&#039;Alberta. Il est maintenant temps d&#039;agir : nous connaissons les probl\u00e8mes auxquels les enfants sont confront\u00e9s et avons recommand\u00e9 des solutions \u00e0 court, moyen et long terme qui n\u00e9cessitent un suivi.<\/p>\n\n\n\n<p>Nous f\u00e9licitons la province d&#039;avoir men\u00e9 cet examen \u00e0 la suite de la d\u00e9claration de <a href=\"https:\/\/childrenfirstcanada.org\/fr\/campaign\/code-pink\/\">#codePINK<\/a> par Children First Canada et d&#039;autres d\u00e9fenseurs des droits des enfants en mai. L&#039;Alberta a \u00e9t\u00e9 la premi\u00e8re province \u00e0 \u00e9valuer de mani\u00e8re significative l&#039;impact de la pand\u00e9mie sur les enfants et nous f\u00e9licitons le leadership des copr\u00e9sidents Matt Jones, d\u00e9put\u00e9 provincial de Calgary-Sud-Est et Rebecca Schulz, ministre des Services \u00e0 l&#039;enfance, pour avoir entrepris cet effort.&nbsp;<\/p>\n\n\n\n<p>Chez Children First Canada, nous avons appel\u00e9 \u00e0 une action urgente pour faire face \u00e0 l&#039;impact disproportionn\u00e9 de la pand\u00e9mie sur les enfants. Le rapport d&#039;aujourd&#039;hui indique que \u00ab le comit\u00e9 a clairement entendu qu&#039;il y avait des impacts notables sur les enfants et les jeunes en raison des nombreux changements dans leur vie quotidienne \u00e0 la suite des mesures de sant\u00e9 publique. Il \u00e9tait \u00e9galement clair que l&#039;exp\u00e9rience et les effets de la pand\u00e9mie \u00e9taient diff\u00e9rents pour les enfants et les jeunes que pour les adultes. Parce que les enfants et les jeunes sont encore en d\u00e9veloppement, ils doivent \u00eatre soutenus d&#039;une mani\u00e8re qui tient compte de leurs facteurs de risque uniques et r\u00e9pond \u00e0 leurs besoins de d\u00e9veloppement.<\/p>\n\n\n\n<p>Children First Canada accueille favorablement les recommandations et nous avons \u00e9t\u00e9 ravis de participer directement aux consultations. Bon nombre des recommandations du rapport r\u00e9pondent directement aux pr\u00e9occupations soulev\u00e9es dans notre r\u00e9cente <a href=\"https:\/\/childrenfirstcanada.org\/wp-content\/uploads\/2021\/09\/CFC-RC-CTA-2021_Final-FR.pdf\">Rapport Raising Canada<\/a> et la campagne #codePINK, ainsi que les pr\u00e9occupations soulev\u00e9es directement par les membres du Parlement des jeunes Canadiens.<\/p>\n\n\n\n<p>Alors que nous entrons dans la p\u00e9riode des f\u00eates et anticipons le retour \u00e0 l&#039;\u00e9cole en janvier, Children First Canada demande une action imm\u00e9diate pour assurer la sant\u00e9 et la s\u00e9curit\u00e9 des enfants. Nous exhortons le gouvernement \u00e0 mettre en \u0153uvre des mesures fond\u00e9es sur des donn\u00e9es et des preuves pour freiner la propagation de la COVID-19 dans la communaut\u00e9. Les enfants de moins de 12 ans ne sont pas encore compl\u00e8tement vaccin\u00e9s, donc expos\u00e9s \u00e0 un risque d&#039;infection plus \u00e9lev\u00e9, et toutes les mesures doivent \u00eatre prises pour prot\u00e9ger la sant\u00e9 des enfants et garantir que tous les enfants peuvent retourner \u00e0 l&#039;\u00e9cole en toute s\u00e9curit\u00e9. De plus, nous appelons \u00e0 des investissements dans les organisations de premi\u00e8re ligne qui cherchent \u00e0 r\u00e9pondre aux besoins imm\u00e9diats des enfants, notamment en les prot\u00e9geant de la violence, en apportant des soutiens en sant\u00e9 mentale et en garantissant la s\u00e9curit\u00e9 alimentaire et un logement ad\u00e9quat.&nbsp;<\/p>\n\n\n\n<p>Children First Canada a h\u00e2te d&#039;examiner les recommandations en d\u00e9tail et nous attendons avec impatience le plan d&#039;action engag\u00e9 de la province au cours de la nouvelle ann\u00e9e. Nous exhortons le gouvernement de l&#039;Alberta \u00e0 agir rapidement et \u00e0 investir les ressources financi\u00e8res n\u00e9cessaires pour soutenir correctement les enfants et les jeunes pendant la pand\u00e9mie de COVID-19 et au-del\u00e0.&nbsp;<\/p>\n\n\n\n<p>Nous sommes impatients de travailler avec le gouvernement et tous les Albertains pour soutenir les recommandations d&#039;aujourd&#039;hui par des actions et faire de l&#039;Alberta et du Canada le meilleur endroit au monde pour que les enfants grandissent\u00a0!&nbsp;<\/p>\n\n\n\n<p><strong>Pour plus d&#039;informations ou pour une entrevue, veuillez contacter :<\/strong><br><strong>Andrea Chrysanthou<\/strong><br><strong>Directeur, Relations publiques NATIONAL<\/strong><br><a href=\"mailto:achrysanthou@national.ca\"><strong>achrysanthou@national.ca<\/strong><br><\/a><strong>416-797-8194&nbsp;<\/strong><\/p>\n\n\n\n<p><strong>\u00c0 propos d&#039;Enfants d&#039;abord Canada:<\/strong><br><strong>Children First Canada (CFC) est un organisme caritatif national dont la vision audacieuse et ambitieuse est qu&#039;ensemble, nous pouvons faire du Canada le meilleur endroit au monde o\u00f9 les enfants peuvent grandir. Nous sommes une voix forte, efficace et ind\u00e9pendante pour les 8 millions d&#039;enfants au Canada. Les FCC exploitent la force de nombreux organismes qui se sont engag\u00e9s \u00e0 am\u00e9liorer la vie des enfants au Canada, y compris les organismes de bienfaisance et les h\u00f4pitaux pour enfants, les centres de recherche, le gouvernement, les entreprises, les dirigeants communautaires et les enfants eux-m\u00eames. Visitez childrenfirstcanada.com pour plus d&#039;informations.<\/strong><\/p>","protected":false},"excerpt":{"rendered":"<p>December 17, 2021 Alberta, December 17, 2021 \u2013 Today\u2019s release of the Alberta Child and Youth Well-being Review panel report is a step in the right direction towards much needed action for kids in Alberta. Now it\u2019s time to act: we know the problems that children are facing and have recommended short-, medium- and long-term [&hellip;]<\/p>\n","protected":false},"author":9,"featured_media":0,"comment_status":"open","ping_status":"open","sticky":false,"template":"","format":"standard","meta":{"_acf_changed":false,"footnotes":""},"categories":[8],"tags":[],"class_list":["post-16737","post","type-post","status-publish","format-standard","hentry","category-news-happenings"],"acf":[],"yoast_head":"<!-- This site is optimized with the Yoast SEO plugin v27.5 - https:\/\/yoast.com\/product\/yoast-seo-wordpress\/ -->\n<title>Children First Canada welcomes release of Alberta Child and Youth Well-being Review panel report and calls for urgent action - Children First Canada<\/title>\n<meta name=\"robots\" content=\"index, follow, max-snippet:-1, max-image-preview:large, max-video-preview:-1\" \/>\n<link rel=\"canonical\" href=\"https:\/\/childrenfirstcanada.org\/fr\/news-happenings\/children-first-canada-welcomes-release-of-alberta-child-and-youth-well-being-review-panel-report-and-calls-for-urgent-action\/\" \/>\n<meta property=\"og:locale\" content=\"fr_CA\" \/>\n<meta property=\"og:type\" content=\"article\" \/>\n<meta property=\"og:title\" content=\"Children First Canada welcomes release of Alberta Child and Youth Well-being Review panel report and calls for urgent action - Children First Canada\" \/>\n<meta property=\"og:description\" content=\"December 17, 2021 Alberta, December 17, 2021 \u2013 Today\u2019s release of the Alberta Child and Youth Well-being Review panel report is a step in the right direction towards much needed action for kids in Alberta. Now it\u2019s time to act: we know the problems that children are facing and have recommended short-, medium- and long-term [&hellip;]\" \/>\n<meta property=\"og:url\" content=\"https:\/\/childrenfirstcanada.org\/fr\/news-happenings\/children-first-canada-welcomes-release-of-alberta-child-and-youth-well-being-review-panel-report-and-calls-for-urgent-action\/\" \/>\n<meta property=\"og:site_name\" content=\"Children First Canada\" \/>\n<meta property=\"article:published_time\" content=\"2021-12-20T15:19:49+00:00\" \/>\n<meta name=\"author\" content=\"Aurelie\" \/>\n<meta name=\"twitter:card\" content=\"summary_large_image\" \/>\n<meta name=\"twitter:label1\" content=\"\u00c9crit par\" \/>\n\t<meta name=\"twitter:data1\" content=\"Aurelie\" \/>\n\t<meta name=\"twitter:label2\" content=\"Estimation du temps de lecture\" \/>\n\t<meta name=\"twitter:data2\" content=\"3 minutes\" \/>\n<script type=\"application\/ld+json\" class=\"yoast-schema-graph\">{\"@context\":\"https:\\\/\\\/schema.org\",\"@graph\":[{\"@type\":\"Article\",\"@id\":\"https:\\\/\\\/childrenfirstcanada.org\\\/news-happenings\\\/children-first-canada-welcomes-release-of-alberta-child-and-youth-well-being-review-panel-report-and-calls-for-urgent-action\\\/#article\",\"isPartOf\":{\"@id\":\"https:\\\/\\\/childrenfirstcanada.org\\\/news-happenings\\\/children-first-canada-welcomes-release-of-alberta-child-and-youth-well-being-review-panel-report-and-calls-for-urgent-action\\\/\"},\"author\":{\"name\":\"Aurelie\",\"@id\":\"https:\\\/\\\/childrenfirstcanada.org\\\/#\\\/schema\\\/person\\\/a5cac7851b6167baa4f9e38dda6428d2\"},\"headline\":\"Children First Canada welcomes release of Alberta Child and Youth Well-being Review panel report and calls for urgent action\",\"datePublished\":\"2021-12-20T15:19:49+00:00\",\"mainEntityOfPage\":{\"@id\":\"https:\\\/\\\/childrenfirstcanada.org\\\/news-happenings\\\/children-first-canada-welcomes-release-of-alberta-child-and-youth-well-being-review-panel-report-and-calls-for-urgent-action\\\/\"},\"wordCount\":610,\"commentCount\":0,\"publisher\":{\"@id\":\"https:\\\/\\\/childrenfirstcanada.org\\\/#organization\"},\"articleSection\":[\"News &amp; Happenings\"],\"inLanguage\":\"fr-CA\",\"potentialAction\":[{\"@type\":\"CommentAction\",\"name\":\"Comment\",\"target\":[\"https:\\\/\\\/childrenfirstcanada.org\\\/news-happenings\\\/children-first-canada-welcomes-release-of-alberta-child-and-youth-well-being-review-panel-report-and-calls-for-urgent-action\\\/#respond\"]}]},{\"@type\":\"WebPage\",\"@id\":\"https:\\\/\\\/childrenfirstcanada.org\\\/news-happenings\\\/children-first-canada-welcomes-release-of-alberta-child-and-youth-well-being-review-panel-report-and-calls-for-urgent-action\\\/\",\"url\":\"https:\\\/\\\/childrenfirstcanada.org\\\/news-happenings\\\/children-first-canada-welcomes-release-of-alberta-child-and-youth-well-being-review-panel-report-and-calls-for-urgent-action\\\/\",\"name\":\"Children First Canada welcomes release of Alberta Child and Youth Well-being Review panel report and calls for urgent action - Children First Canada\",\"isPartOf\":{\"@id\":\"https:\\\/\\\/childrenfirstcanada.org\\\/#website\"},\"datePublished\":\"2021-12-20T15:19:49+00:00\",\"breadcrumb\":{\"@id\":\"https:\\\/\\\/childrenfirstcanada.org\\\/news-happenings\\\/children-first-canada-welcomes-release-of-alberta-child-and-youth-well-being-review-panel-report-and-calls-for-urgent-action\\\/#breadcrumb\"},\"inLanguage\":\"fr-CA\",\"potentialAction\":[{\"@type\":\"ReadAction\",\"target\":[\"https:\\\/\\\/childrenfirstcanada.org\\\/news-happenings\\\/children-first-canada-welcomes-release-of-alberta-child-and-youth-well-being-review-panel-report-and-calls-for-urgent-action\\\/\"]}]},{\"@type\":\"BreadcrumbList\",\"@id\":\"https:\\\/\\\/childrenfirstcanada.org\\\/news-happenings\\\/children-first-canada-welcomes-release-of-alberta-child-and-youth-well-being-review-panel-report-and-calls-for-urgent-action\\\/#breadcrumb\",\"itemListElement\":[{\"@type\":\"ListItem\",\"position\":1,\"name\":\"Home\",\"item\":\"https:\\\/\\\/childrenfirstcanada.org\\\/\"},{\"@type\":\"ListItem\",\"position\":2,\"name\":\"Children First Canada welcomes release of Alberta Child and Youth Well-being Review panel report and calls for urgent action\"}]},{\"@type\":\"WebSite\",\"@id\":\"https:\\\/\\\/childrenfirstcanada.org\\\/#website\",\"url\":\"https:\\\/\\\/childrenfirstcanada.org\\\/\",\"name\":\"Children First Canada\",\"description\":\"CFC\",\"publisher\":{\"@id\":\"https:\\\/\\\/childrenfirstcanada.org\\\/#organization\"},\"potentialAction\":[{\"@type\":\"SearchAction\",\"target\":{\"@type\":\"EntryPoint\",\"urlTemplate\":\"https:\\\/\\\/childrenfirstcanada.org\\\/?s={search_term_string}\"},\"query-input\":{\"@type\":\"PropertyValueSpecification\",\"valueRequired\":true,\"valueName\":\"search_term_string\"}}],\"inLanguage\":\"fr-CA\"},{\"@type\":\"Organization\",\"@id\":\"https:\\\/\\\/childrenfirstcanada.org\\\/#organization\",\"name\":\"Children First Canada\",\"url\":\"https:\\\/\\\/childrenfirstcanada.org\\\/\",\"logo\":{\"@type\":\"ImageObject\",\"inLanguage\":\"fr-CA\",\"@id\":\"https:\\\/\\\/childrenfirstcanada.org\\\/#\\\/schema\\\/logo\\\/image\\\/\",\"url\":\"https:\\\/\\\/childrenfirstcanada.org\\\/wp-content\\\/uploads\\\/2021\\\/01\\\/CFC_Logo_white.png\",\"contentUrl\":\"https:\\\/\\\/childrenfirstcanada.org\\\/wp-content\\\/uploads\\\/2021\\\/01\\\/CFC_Logo_white.png\",\"width\":1435,\"height\":514,\"caption\":\"Children First Canada\"},\"image\":{\"@id\":\"https:\\\/\\\/childrenfirstcanada.org\\\/#\\\/schema\\\/logo\\\/image\\\/\"}},{\"@type\":\"Person\",\"@id\":\"https:\\\/\\\/childrenfirstcanada.org\\\/#\\\/schema\\\/person\\\/a5cac7851b6167baa4f9e38dda6428d2\",\"name\":\"Aurelie\",\"image\":{\"@type\":\"ImageObject\",\"inLanguage\":\"fr-CA\",\"@id\":\"https:\\\/\\\/secure.gravatar.com\\\/avatar\\\/49a3374f9d07fbb003c17aa60eca50f9fd2a82f9c1428d6fbb46b5c5696b44e2?s=96&d=mm&r=g\",\"url\":\"https:\\\/\\\/secure.gravatar.com\\\/avatar\\\/49a3374f9d07fbb003c17aa60eca50f9fd2a82f9c1428d6fbb46b5c5696b44e2?s=96&d=mm&r=g\",\"contentUrl\":\"https:\\\/\\\/secure.gravatar.com\\\/avatar\\\/49a3374f9d07fbb003c17aa60eca50f9fd2a82f9c1428d6fbb46b5c5696b44e2?s=96&d=mm&r=g\",\"caption\":\"Aurelie\"},\"url\":\"https:\\\/\\\/childrenfirstcanada.org\\\/fr\\\/author\\\/aurelie\\\/\"}]}<\/script>\n<!-- \/ Yoast SEO plugin. -->","yoast_head_json":{"title":"Children First Canada accueille favorablement la publication du rapport du comit\u00e9 d&#039;examen du bien-\u00eatre des enfants et des jeunes de l&#039;Alberta et appelle \u00e0 une action urgente - Children First Canada","robots":{"index":"index","follow":"follow","max-snippet":"max-snippet:-1","max-image-preview":"max-image-preview:large","max-video-preview":"max-video-preview:-1"},"canonical":"https:\/\/childrenfirstcanada.org\/fr\/news-happenings\/children-first-canada-welcomes-release-of-alberta-child-and-youth-well-being-review-panel-report-and-calls-for-urgent-action\/","og_locale":"fr_CA","og_type":"article","og_title":"Children First Canada welcomes release of Alberta Child and Youth Well-being Review panel report and calls for urgent action - Children First Canada","og_description":"December 17, 2021 Alberta, December 17, 2021 \u2013 Today\u2019s release of the Alberta Child and Youth Well-being Review panel report is a step in the right direction towards much needed action for kids in Alberta. Now it\u2019s time to act: we know the problems that children are facing and have recommended short-, medium- and long-term [&hellip;]","og_url":"https:\/\/childrenfirstcanada.org\/fr\/news-happenings\/children-first-canada-welcomes-release-of-alberta-child-and-youth-well-being-review-panel-report-and-calls-for-urgent-action\/","og_site_name":"Children First Canada","article_published_time":"2021-12-20T15:19:49+00:00","author":"Aurelie","twitter_card":"summary_large_image","twitter_misc":{"\u00c9crit par":"Aurelie","Estimation du temps de lecture":"3 minutes"},"schema":{"@context":"https:\/\/schema.org","@graph":[{"@type":"Article","@id":"https:\/\/childrenfirstcanada.org\/news-happenings\/children-first-canada-welcomes-release-of-alberta-child-and-youth-well-being-review-panel-report-and-calls-for-urgent-action\/#article","isPartOf":{"@id":"https:\/\/childrenfirstcanada.org\/news-happenings\/children-first-canada-welcomes-release-of-alberta-child-and-youth-well-being-review-panel-report-and-calls-for-urgent-action\/"},"author":{"name":"Aurelie","@id":"https:\/\/childrenfirstcanada.org\/#\/schema\/person\/a5cac7851b6167baa4f9e38dda6428d2"},"headline":"Children First Canada welcomes release of Alberta Child and Youth Well-being Review panel report and calls for urgent action","datePublished":"2021-12-20T15:19:49+00:00","mainEntityOfPage":{"@id":"https:\/\/childrenfirstcanada.org\/news-happenings\/children-first-canada-welcomes-release-of-alberta-child-and-youth-well-being-review-panel-report-and-calls-for-urgent-action\/"},"wordCount":610,"commentCount":0,"publisher":{"@id":"https:\/\/childrenfirstcanada.org\/#organization"},"articleSection":["News &amp; Happenings"],"inLanguage":"fr-CA","potentialAction":[{"@type":"CommentAction","name":"Comment","target":["https:\/\/childrenfirstcanada.org\/news-happenings\/children-first-canada-welcomes-release-of-alberta-child-and-youth-well-being-review-panel-report-and-calls-for-urgent-action\/#respond"]}]},{"@type":"WebPage","@id":"https:\/\/childrenfirstcanada.org\/news-happenings\/children-first-canada-welcomes-release-of-alberta-child-and-youth-well-being-review-panel-report-and-calls-for-urgent-action\/","url":"https:\/\/childrenfirstcanada.org\/news-happenings\/children-first-canada-welcomes-release-of-alberta-child-and-youth-well-being-review-panel-report-and-calls-for-urgent-action\/","name":"Children First Canada accueille favorablement la publication du rapport du comit\u00e9 d&#039;examen du bien-\u00eatre des enfants et des jeunes de l&#039;Alberta et appelle \u00e0 une action urgente - Children First Canada","isPartOf":{"@id":"https:\/\/childrenfirstcanada.org\/#website"},"datePublished":"2021-12-20T15:19:49+00:00","breadcrumb":{"@id":"https:\/\/childrenfirstcanada.org\/news-happenings\/children-first-canada-welcomes-release-of-alberta-child-and-youth-well-being-review-panel-report-and-calls-for-urgent-action\/#breadcrumb"},"inLanguage":"fr-CA","potentialAction":[{"@type":"ReadAction","target":["https:\/\/childrenfirstcanada.org\/news-happenings\/children-first-canada-welcomes-release-of-alberta-child-and-youth-well-being-review-panel-report-and-calls-for-urgent-action\/"]}]},{"@type":"BreadcrumbList","@id":"https:\/\/childrenfirstcanada.org\/news-happenings\/children-first-canada-welcomes-release-of-alberta-child-and-youth-well-being-review-panel-report-and-calls-for-urgent-action\/#breadcrumb","itemListElement":[{"@type":"ListItem","position":1,"name":"Home","item":"https:\/\/childrenfirstcanada.org\/"},{"@type":"ListItem","position":2,"name":"Children First Canada welcomes release of Alberta Child and Youth Well-being Review panel report and calls for urgent action"}]},{"@type":"WebSite","@id":"https:\/\/childrenfirstcanada.org\/#website","url":"https:\/\/childrenfirstcanada.org\/","name":"Les Enfants d'abord Canada","description":"CFC","publisher":{"@id":"https:\/\/childrenfirstcanada.org\/#organization"},"potentialAction":[{"@type":"SearchAction","target":{"@type":"EntryPoint","urlTemplate":"https:\/\/childrenfirstcanada.org\/?s={search_term_string}"},"query-input":{"@type":"PropertyValueSpecification","valueRequired":true,"valueName":"search_term_string"}}],"inLanguage":"fr-CA"},{"@type":"Organization","@id":"https:\/\/childrenfirstcanada.org\/#organization","name":"Les Enfants d'abord Canada","url":"https:\/\/childrenfirstcanada.org\/","logo":{"@type":"ImageObject","inLanguage":"fr-CA","@id":"https:\/\/childrenfirstcanada.org\/#\/schema\/logo\/image\/","url":"https:\/\/childrenfirstcanada.org\/wp-content\/uploads\/2021\/01\/CFC_Logo_white.png","contentUrl":"https:\/\/childrenfirstcanada.org\/wp-content\/uploads\/2021\/01\/CFC_Logo_white.png","width":1435,"height":514,"caption":"Children First Canada"},"image":{"@id":"https:\/\/childrenfirstcanada.org\/#\/schema\/logo\/image\/"}},{"@type":"Person","@id":"https:\/\/childrenfirstcanada.org\/#\/schema\/person\/a5cac7851b6167baa4f9e38dda6428d2","name":"Aur\u00e9lie","image":{"@type":"ImageObject","inLanguage":"fr-CA","@id":"https:\/\/secure.gravatar.com\/avatar\/49a3374f9d07fbb003c17aa60eca50f9fd2a82f9c1428d6fbb46b5c5696b44e2?s=96&d=mm&r=g","url":"https:\/\/secure.gravatar.com\/avatar\/49a3374f9d07fbb003c17aa60eca50f9fd2a82f9c1428d6fbb46b5c5696b44e2?s=96&d=mm&r=g","contentUrl":"https:\/\/secure.gravatar.com\/avatar\/49a3374f9d07fbb003c17aa60eca50f9fd2a82f9c1428d6fbb46b5c5696b44e2?s=96&d=mm&r=g","caption":"Aurelie"},"url":"https:\/\/childrenfirstcanada.org\/fr\/author\/aurelie\/"}]}},"_links":{"self":[{"href":"https:\/\/childrenfirstcanada.org\/fr\/wp-json\/wp\/v2\/posts\/16737","targetHints":{"allow":["GET"]}}],"collection":[{"href":"https:\/\/childrenfirstcanada.org\/fr\/wp-json\/wp\/v2\/posts"}],"about":[{"href":"https:\/\/childrenfirstcanada.org\/fr\/wp-json\/wp\/v2\/types\/post"}],"author":[{"embeddable":true,"href":"https:\/\/childrenfirstcanada.org\/fr\/wp-json\/wp\/v2\/users\/9"}],"replies":[{"embeddable":true,"href":"https:\/\/childrenfirstcanada.org\/fr\/wp-json\/wp\/v2\/comments?post=16737"}],"version-history":[{"count":0,"href":"https:\/\/childrenfirstcanada.org\/fr\/wp-json\/wp\/v2\/posts\/16737\/revisions"}],"wp:attachment":[{"href":"https:\/\/childrenfirstcanada.org\/fr\/wp-json\/wp\/v2\/media?parent=16737"}],"wp:term":[{"taxonomy":"category","embeddable":true,"href":"https:\/\/childrenfirstcanada.org\/fr\/wp-json\/wp\/v2\/categories?post=16737"},{"taxonomy":"post_tag","embeddable":true,"href":"https:\/\/childrenfirstcanada.org\/fr\/wp-json\/wp\/v2\/tags?post=16737"}],"curies":[{"name":"wp","href":"https:\/\/api.w.org\/{rel}","templated":true}]}}